{"id":115,"date":"2023-10-09T09:28:57","date_gmt":"2023-10-09T07:28:57","guid":{"rendered":"https:\/\/empresaperiodistica.umh.es\/?p=115"},"modified":"2023-10-09T20:50:01","modified_gmt":"2023-10-09T18:50:01","slug":"opinion-la-desinformacion-campa-a-sus-anchas-articulo-de-enrique-benitez","status":"publish","type":"post","link":"https:\/\/empresaperiodistica.umh.es\/ca\/2023\/10\/09\/opinion-la-desinformacion-campa-a-sus-anchas-articulo-de-enrique-benitez\/","title":{"rendered":"[OPINI\u00d3N] La desinformaci\u00f3n campa a sus anchas ( art\u00edculo de Enrique Ben\u00edtez)"},"content":{"rendered":"<div class=\"postie-post\">\n<div dir=\"ltr\">\n<div class=\"gmail_default\" style=\"font-family:trebuchet ms,sans-serif;color:#073763\"><\/div>\n<div class=\"gmail_quote\"> <a href=\"https:\/\/urldefense.com\/v3\/__https:\/\/ift.tt\/U8YvZj7__;!!D9dNQwwGXtA!TZrE4_OK2Mr_B3sKPGGVfd4AOymDdJmIRnH2jvlPzQaXhijUbfKiorzc3TCwQ1VR61IDfSNQNNabKwp9$\" target=\"_blank\" rel=\"noopener\">https:\/\/ift.tt\/U8YvZj7<\/a><\/p>\n<div>    <img loading=\"lazy\" alt=\"El logo de Twitter.\" width=\"1200\" title=\"El logo de Twitter.\" src=\"https:\/\/estaticos-cdn.prensaiberica.es\/clip\/fbf4a766-6089-456e-9439-03349298dbb0_16-9-discover-aspect-ratio_default_0.jpg\" height=\"675\" style=\"max-width:100%\"> <\/p>\n<div>\n<p> Espa\u00f1a permanece ajena a la entrada en vigor de la <em><strong>Digital Services Act<\/strong><\/em><strong>,<\/strong> y a los esfuerzos de la Uni\u00f3n Europea por combatir la desinformaci\u00f3n, embridando a las grandes plataformas y compa\u00f1\u00edas tecnol\u00f3gicas (Google, Microsoft, Meta, TikTok) y luchando contra los esfuerzos de terceros actores -sobre todo Rusia- para influir sobre la opini\u00f3n p\u00fablica europea y minar los intereses comunes de la Uni\u00f3n. Desde hace a\u00f1os se conocen las <strong>campa\u00f1as de manipulaci\u00f3n online<\/strong> financiadas por potencias extranjeras, que han tratado de socavar la confianza en las instituciones europeas, adem\u00e1s de promocionar a formaciones pol\u00edticas de ultraderecha contrarias a la idea de Europa, alineadas con un discurso que sirve a las necesidades de Putin y otros personajes de similar cala\u00f1a. <\/p>\n<div>\n<p> Los medios nacionales deber\u00edan prestar m\u00e1s atenci\u00f3n a todo lo que est\u00e1 ocurriendo, ya que la desinformaci\u00f3n afecta a su modelo de negocio y a su propia continuidad como garantes de la democracia y la convivencia social. La <strong>Comisi\u00f3n Europea <\/strong>acaba de publicar un informe de enorme inter\u00e9s y relevancia, sobre las principales fuentes de desinformaci\u00f3n colectiva en Eslovaquia, Espa\u00f1a y Polonia. <\/p>\n<p> Las grandes compa\u00f1\u00edas investigadas han presentado sus propias alegaciones. <strong>Google <\/strong>(due\u00f1a de YouTube), <strong>Meta <\/strong>(a la que pertenecen Facebook e Instagram), <strong>TikTok o Microsoft<\/strong> han presentado sendos informes desvelando sus logros en la verificaci\u00f3n de contenidos y cuantificando con datos los resultados de sus esfuerzos en la lucha contra la viralizaci\u00f3n de bulos y mentiras. Sin embargo, estos logros no parecen suficientes, aunque la iniciativa de la Uni\u00f3n Europea por fin haya puesto pie en pared y se\u00f1alado la responsabilidad de estas empresas gigantes en la obtenci\u00f3n de beneficios multimillonarios sin control sobre la veracidad de los contenidos que mueven y comparten. <\/p>\n<p> El informe, adem\u00e1s, aporta un indicador novedoso: el c<strong>oncepto de \u201cdescubribilidad\u201d (<\/strong><em><strong>discoverability<\/strong><\/em><strong>)<\/strong>, que viene a se\u00f1alar qu\u00e9 probabilidad hay de que una plataforma \u201csirva\u201d <strong>desinformaci\u00f3n <\/strong>a un usuario que busca en ella informaci\u00f3n sobre temas calificados como sensibles. <strong>Twitter aparece en cabeza en este r\u00e1nking<\/strong>, con TikTok jugando tambi\u00e9n un papel destacado. Har\u00edan bien los medios en analizar este informe potente y riguroso para darlo a conocer y entender el terreno de juego en el que ellos mismos operan. Luchar contra los bulos se ha convertido en una prioridad europea. La supervivencia de nuestras instituciones depende de ello. <\/p>\n<\/p><\/div>\n<\/p><\/div>\n<\/p><\/div>\n<p> via Informaci\u00f3n <a href=\"https:\/\/urldefense.com\/v3\/__https:\/\/ift.tt\/kOymN1V__;!!D9dNQwwGXtA!TZrE4_OK2Mr_B3sKPGGVfd4AOymDdJmIRnH2jvlPzQaXhijUbfKiorzc3TCwQ1VR61IDfSNQND2NKItw$\" target=\"_blank\" rel=\"noopener\">https:\/\/ift.tt\/kOymN1V<\/a><\/p>\n<p> October 9, 2023 at 09:15AM <\/p><\/div>\n<\/div>\n<div class=\"postie-attachments\"><a href=\"https:\/\/empresaperiodistica.umh.es\/?attachment_id=118\"><img loading=\"lazy\" src=\"https:\/\/empresaperiodistica.umh.es\/files\/2023\/10\/fbf4a766-6089-456e-9439-03349298dbb0_16-9-discover-aspect-ratio_default_0-300x169.jpg\" alt=\"\" width=\"300px\" height=\"169px\" class=\"alignnone size-medium wp-image-118\" srcset=\"https:\/\/empresaperiodistica.umh.es\/files\/2023\/10\/fbf4a766-6089-456e-9439-03349298dbb0_16-9-discover-aspect-ratio_default_0-300x169.jpg 300w, https:\/\/empresaperiodistica.umh.es\/files\/2023\/10\/fbf4a766-6089-456e-9439-03349298dbb0_16-9-discover-aspect-ratio_default_0-1024x576.jpg 1024w, https:\/\/empresaperiodistica.umh.es\/files\/2023\/10\/fbf4a766-6089-456e-9439-03349298dbb0_16-9-discover-aspect-ratio_default_0-768x432.jpg 768w, https:\/\/empresaperiodistica.umh.es\/files\/2023\/10\/fbf4a766-6089-456e-9439-03349298dbb0_16-9-discover-aspect-ratio_default_0.jpg 1200w\" sizes=\"(max-width: 300px) 100vw, 300px\" \/><\/a><\/div>\n<\/div>\n","protected":false},"excerpt":{"rendered":"<p> https:\/\/ift.tt\/U8YvZj7<\/p>\n<p> Espa\u00f1a permanece ajena a la entrada en vigor de la Digital Services Act, y a los esfuerzos de la Uni\u00f3n Europea por combatir la desinformaci\u00f3n, embridando a las grandes plataformas y compa\u00f1\u00edas tecnol\u00f3gicas (Google, Microsoft, Meta, TikTok) y luchando contra los esfuerzos de terceros actores -sobre todo Rusia- [&#8230;]<\/p>\n","protected":false},"author":1,"featured_media":0,"comment_status":"closed","ping_status":"open","sticky":false,"template":"","format":"standard","meta":{"_links_to":"","_links_to_target":""},"categories":[2942,3265],"tags":[1393217],"_links":{"self":[{"href":"https:\/\/empresaperiodistica.umh.es\/ca\/wp-json\/wp\/v2\/posts\/115"}],"collection":[{"href":"https:\/\/empresaperiodistica.umh.es\/ca\/wp-json\/wp\/v2\/posts"}],"about":[{"href":"https:\/\/empresaperiodistica.umh.es\/ca\/wp-json\/wp\/v2\/types\/post"}],"author":[{"embeddable":true,"href":"https:\/\/empresaperiodistica.umh.es\/ca\/wp-json\/wp\/v2\/users\/1"}],"replies":[{"embeddable":true,"href":"https:\/\/empresaperiodistica.umh.es\/ca\/wp-json\/wp\/v2\/comments?post=115"}],"version-history":[{"count":0,"href":"https:\/\/empresaperiodistica.umh.es\/ca\/wp-json\/wp\/v2\/posts\/115\/revisions"}],"wp:attachment":[{"href":"https:\/\/empresaperiodistica.umh.es\/ca\/wp-json\/wp\/v2\/media?parent=115"}],"wp:term":[{"taxonomy":"category","embeddable":true,"href":"https:\/\/empresaperiodistica.umh.es\/ca\/wp-json\/wp\/v2\/categories?post=115"},{"taxonomy":"post_tag","embeddable":true,"href":"https:\/\/empresaperiodistica.umh.es\/ca\/wp-json\/wp\/v2\/tags?post=115"}],"curies":[{"name":"wp","href":"https:\/\/api.w.org\/{rel}","templated":true}]}}