{"id":143,"date":"2023-10-18T07:14:45","date_gmt":"2023-10-18T05:14:45","guid":{"rendered":"https:\/\/empresaperiodistica.umh.es\/?p=143"},"modified":"2023-10-18T07:16:00","modified_gmt":"2023-10-18T05:16:00","slug":"decenas-de-periodicos-publican-sin-contrastar-la-informacion-de-la-condena-a-latigazos-a-cristiano-ronaldo","status":"publish","type":"post","link":"https:\/\/empresaperiodistica.umh.es\/ca\/2023\/10\/18\/decenas-de-periodicos-publican-sin-contrastar-la-informacion-de-la-condena-a-latigazos-a-cristiano-ronaldo\/","title":{"rendered":"Decenas de peri\u00f3dicos publican sin contrastar la informaci\u00f3n de la condena a latigazos a Cristiano Ronaldo"},"content":{"rendered":"<div class=\"postie-post\">\n<div dir=\"ltr\">\n<div class=\"gmail_default\" style=\"font-family:trebuchet ms,sans-serif;color:#073763\"><\/div>\n<div class=\"gmail_quote\"> <a href=\"https:\/\/urldefense.com\/v3\/__https:\/\/ift.tt\/cXdVghM__;!!D9dNQwwGXtA!SrQNm4LmeYr3P3FSwkeiWbrDD3fV7DVmhI47lgD3gYhMRFVue7j3OsjeFKVC_lxJ2lbBiucL4T7nbSed$\" target=\"_blank\" rel=\"noopener\">https:\/\/ift.tt\/cXdVghM<\/a><\/p>\n<p>Juli\u00e1n Mac\u00edas Tovar, un activista en la lucha contra la desinformaci\u00f3n, ha puesto de relieve en X (antes Twitter) <strong>otro episodio de desinformaci\u00f3n y falta de comprobaci\u00f3n por parte de los medios, entre ellos muchos espa\u00f1oles, antes de publicarse la informaci\u00f3n. <\/strong><\/p>\n<p>En un hilo de Twitter, Mac\u00edas resalta c\u00f3mo decenas de <strong>peri\u00f3dicos espa\u00f1oles han publicado sin la m\u00e1s m\u00ednima verificaci\u00f3n una noticia falsa que afirmaba que el futbolista Cristiano Ronaldo hab\u00eda sido condenado a 99 latigazos en Ir\u00e1n.<\/strong><\/p>\n<p>Mac\u00edas indicaba en la red social X que \u201c481 \u201cmedios de comunicaci\u00f3n\u201d han publicado la noticia falsa sobre la condena a Cristiano Ronaldo de 99 latigazos en castellano. La palma se la llevan los espa\u00f1oles, no solo MARCA, SPORT\u2026 tambi\u00e9n los telediarios de Telecinco, Antena3 y LaSexta. Era burdo, pero fueron con ello\u201d.<\/p>\n<blockquote>\n<p dir=\"ltr\" lang=\"es\">481 \u201cmedios de comunicaci\u00f3n\u201d han publicado la noticia falsa sobre la condena a Cristiano Ronaldo de 99 latigazos en castellano. La palma se la llevan los espa\u00f1oles, no solo MARCA, SPORT\u2026 tambi\u00e9n los telediarios de Telecinco, Antena3 y LaSexta.<br \/> Era burdo, pero fueron con ello. <a href=\"https:\/\/urldefense.com\/v3\/__https:\/\/t.co\/cj7e9gZMwX__;!!D9dNQwwGXtA!SrQNm4LmeYr3P3FSwkeiWbrDD3fV7DVmhI47lgD3gYhMRFVue7j3OsjeFKVC_lxJ2lbBiucL4b9IUL32$\" target=\"_blank\" rel=\"noopener\">pic.twitter.com\/cj7e9gZMwX<\/a><\/p>\n<p>\u2014 Juli\u00e1n Mac\u00edas Tovar (@JulianMaciasT) <a href=\"https:\/\/urldefense.com\/v3\/__https:\/\/twitter.com\/JulianMaciasT\/status\/1712916677388607905?ref_src=twsrc*5Etfw__;JQ!!D9dNQwwGXtA!SrQNm4LmeYr3P3FSwkeiWbrDD3fV7DVmhI47lgD3gYhMRFVue7j3OsjeFKVC_lxJ2lbBiucL4aBrPxuG$\" target=\"_blank\" rel=\"noopener\">October 13, 2023<\/a><\/p>\n<\/blockquote>\n<p>La noticia falsa se volvi\u00f3 viral r\u00e1pidamente.<strong> Se afirmaba que Ir\u00e1n hab\u00eda condenado a Cristiano Ronaldo a 99 latigazos por abrazar a la pintora F\u00e1tima Hamimi, quien le hab\u00eda entregado personalmente dos retratos.<\/strong> Seg\u00fan las noticias publicadas, en Ir\u00e1n tocar a una mujer soltera es similar a adulterio.<\/p>\n<p>Sin embargo, la Embajada de Ir\u00e1n en Espa\u00f1a emiti\u00f3 un comunicado para desmentir rotundamente cualquier acusaci\u00f3n judicial contra el futbolista portugu\u00e9s. Aclararon que la noticia del castigo de 99 latigazos era completamente infundada y que el gesto de Ronaldo hacia la artista Hamimi fue un acto de cari\u00f1o. <strong>Adem\u00e1s, se\u00f1alaron que la pintora tiene una discapacidad importante, lo que hace a\u00fan m\u00e1s inveros\u00edmil la acusaci\u00f3n de adulterio.<\/strong><\/p>\n<blockquote>\n<p dir=\"ltr\" lang=\"es\">Desmentimos rotundamente la emisi\u00f3n de cualquier fallo judicial contra cualquier deportista internacional en Ir\u00e1n. Es motivo de preocupaci\u00f3n que la publicaci\u00f3n de noticias tan infundadas pueda eclipsar los cr\u00edmenes de lesa humanidad y los cr\u00edmenes de guerra contra la oprimida\u2026 <a href=\"https:\/\/urldefense.com\/v3\/__https:\/\/t.co\/51xw40L7Gp__;!!D9dNQwwGXtA!SrQNm4LmeYr3P3FSwkeiWbrDD3fV7DVmhI47lgD3gYhMRFVue7j3OsjeFKVC_lxJ2lbBiucL4X4_voF6$\" target=\"_blank\" rel=\"noopener\">pic.twitter.com\/51xw40L7Gp<\/a><\/p>\n<p>\u2014 Embajada de Ir\u00e1n en Espa\u00f1a (@IraninSpain) <a href=\"https:\/\/urldefense.com\/v3\/__https:\/\/twitter.com\/IraninSpain\/status\/1712814953130799462?ref_src=twsrc*5Etfw__;JQ!!D9dNQwwGXtA!SrQNm4LmeYr3P3FSwkeiWbrDD3fV7DVmhI47lgD3gYhMRFVue7j3OsjeFKVC_lxJ2lbBiucL4fNOi3sX$\" target=\"_blank\" rel=\"noopener\">October 13, 2023<\/a><\/p>\n<\/blockquote>\n<p>Despu\u00e9s, los medios empezaron a hacerse eco de que la informaci\u00f3n que hab\u00edan publicado era falsa. Pero la noticia ya se hab\u00eda publicado en decenas de medios espa\u00f1oles sin contrastar.<\/p>\n<p>La entrada <a rel=\"nofollow noopener\" href=\"https:\/\/urldefense.com\/v3\/__https:\/\/laboratoriodeperiodismo.org\/decenas-de-periodicos-publican-sin-contrastar-la-informacion-de-la-condena-a-latigazos-a-cristiano-ronaldo\/__;!!D9dNQwwGXtA!SrQNm4LmeYr3P3FSwkeiWbrDD3fV7DVmhI47lgD3gYhMRFVue7j3OsjeFKVC_lxJ2lbBiucL4aBbWWR9$\" target=\"_blank\">Decenas de peri\u00f3dicos publican sin contrastar la informaci\u00f3n de la condena a latigazos a Cristiano Ronaldo<\/a> se public\u00f3 primero en <a rel=\"nofollow noopener\" href=\"https:\/\/urldefense.com\/v3\/__https:\/\/laboratoriodeperiodismo.org__;!!D9dNQwwGXtA!SrQNm4LmeYr3P3FSwkeiWbrDD3fV7DVmhI47lgD3gYhMRFVue7j3OsjeFKVC_lxJ2lbBiucL4Qhw1i3z$\" target=\"_blank\">Laboratorio de Periodismo Luca de Tena<\/a>.<\/p>\n<p> via Laboratorio de Periodismo Luca de Tena <a href=\"https:\/\/urldefense.com\/v3\/__https:\/\/ift.tt\/agmBYXQ__;!!D9dNQwwGXtA!SrQNm4LmeYr3P3FSwkeiWbrDD3fV7DVmhI47lgD3gYhMRFVue7j3OsjeFKVC_lxJ2lbBiucL4TSSpMF2$\" target=\"_blank\" rel=\"noopener\">https:\/\/ift.tt\/agmBYXQ<\/a><\/p>\n<p> October 16, 2023 at 07:01AM <\/p><\/div>\n<\/div>\n<div class=\"postie-attachments\"><a href=\"https:\/\/empresaperiodistica.umh.es\/?attachment_id=146\"><img loading=\"lazy\" src=\"https:\/\/empresaperiodistica.umh.es\/files\/2023\/10\/8194cc4d-02b0-4dff-bced-9781ea7a5bb3_16-9-aspect-ratio_default_0_x269y4-300x169.jpeg\" alt=\"\" width=\"300px\" height=\"169px\" class=\"alignnone size-medium wp-image-146\" srcset=\"https:\/\/empresaperiodistica.umh.es\/files\/2023\/10\/8194cc4d-02b0-4dff-bced-9781ea7a5bb3_16-9-aspect-ratio_default_0_x269y4-300x169.jpeg 300w, https:\/\/empresaperiodistica.umh.es\/files\/2023\/10\/8194cc4d-02b0-4dff-bced-9781ea7a5bb3_16-9-aspect-ratio_default_0_x269y4-768x432.jpeg 768w, https:\/\/empresaperiodistica.umh.es\/files\/2023\/10\/8194cc4d-02b0-4dff-bced-9781ea7a5bb3_16-9-aspect-ratio_default_0_x269y4.jpeg 880w\" sizes=\"(max-width: 300px) 100vw, 300px\" \/><\/a><\/div>\n<\/div>\n","protected":false},"excerpt":{"rendered":"<p> https:\/\/ift.tt\/cXdVghM<br \/>\nJuli\u00e1n Mac\u00edas Tovar, un activista en la lucha contra la desinformaci\u00f3n, ha puesto de relieve en X (antes Twitter) otro episodio de desinformaci\u00f3n y falta de comprobaci\u00f3n por parte de los medios, entre ellos muchos espa\u00f1oles, antes de publicarse la informaci\u00f3n.<br \/>\nEn un hilo de Twitter, Mac\u00edas resalta c\u00f3mo decenas de peri\u00f3dicos espa\u00f1oles han [&#8230;]<\/p>\n","protected":false},"author":1,"featured_media":0,"comment_status":"closed","ping_status":"open","sticky":false,"template":"","format":"standard","meta":{"_links_to":"","_links_to_target":""},"categories":[2942],"tags":[1393217],"_links":{"self":[{"href":"https:\/\/empresaperiodistica.umh.es\/ca\/wp-json\/wp\/v2\/posts\/143"}],"collection":[{"href":"https:\/\/empresaperiodistica.umh.es\/ca\/wp-json\/wp\/v2\/posts"}],"about":[{"href":"https:\/\/empresaperiodistica.umh.es\/ca\/wp-json\/wp\/v2\/types\/post"}],"author":[{"embeddable":true,"href":"https:\/\/empresaperiodistica.umh.es\/ca\/wp-json\/wp\/v2\/users\/1"}],"replies":[{"embeddable":true,"href":"https:\/\/empresaperiodistica.umh.es\/ca\/wp-json\/wp\/v2\/comments?post=143"}],"version-history":[{"count":0,"href":"https:\/\/empresaperiodistica.umh.es\/ca\/wp-json\/wp\/v2\/posts\/143\/revisions"}],"wp:attachment":[{"href":"https:\/\/empresaperiodistica.umh.es\/ca\/wp-json\/wp\/v2\/media?parent=143"}],"wp:term":[{"taxonomy":"category","embeddable":true,"href":"https:\/\/empresaperiodistica.umh.es\/ca\/wp-json\/wp\/v2\/categories?post=143"},{"taxonomy":"post_tag","embeddable":true,"href":"https:\/\/empresaperiodistica.umh.es\/ca\/wp-json\/wp\/v2\/tags?post=143"}],"curies":[{"name":"wp","href":"https:\/\/api.w.org\/{rel}","templated":true}]}}