{"id":149,"date":"2023-10-18T09:13:53","date_gmt":"2023-10-18T07:13:53","guid":{"rendered":"https:\/\/empresaperiodistica.umh.es\/?p=149"},"modified":"2023-10-18T10:39:27","modified_gmt":"2023-10-18T08:39:27","slug":"un-fondo-activista-toma-posiciones-en-news-corp-y-planea-impulsar-cambios-internos-drasticos","status":"publish","type":"post","link":"https:\/\/empresaperiodistica.umh.es\/ca\/2023\/10\/18\/un-fondo-activista-toma-posiciones-en-news-corp-y-planea-impulsar-cambios-internos-drasticos\/","title":{"rendered":"Un fondo activista toma posiciones en News Corp y planea impulsar cambios internos dr\u00e1sticos"},"content":{"rendered":"<div class=\"postie-post\">\n<div dir=\"ltr\">\n<div class=\"gmail_default\" style=\"font-family:trebuchet ms,sans-serif;color:#073763\"><\/div>\n<div class=\"gmail_quote\"> <a href=\"https:\/\/urldefense.com\/v3\/__https:\/\/ift.tt\/G7tMUiW__;!!D9dNQwwGXtA!U96fyl9MPtRxErCrOTBkExWoVrL5lWyn8b1mOe7iQNXS6u1TQcqcRYOT3WhF_g16bLXcurY8JBMDRNOK$\" target=\"_blank\" rel=\"noopener\">https:\/\/ift.tt\/G7tMUiW<\/a><\/p>\n<p> <img loading=\"lazy\" src=\"https:\/\/dircomfidencial.com\/wp-content\/uploads\/2023\/10\/News-corp.png\" width=\"650\" alt=\"News corp\" height=\"365\" style=\"max-width:100%\"><\/p>\n<p>El conglomerado de peri\u00f3dicos y otros activos de\u00a0<strong>Rupert Murdoch<\/strong>\u00a0afronta un horizonte de presiones internas que podr\u00edan derivar en una reorganizaci\u00f3n relevante, seg\u00fan adelanta\u00a0<em>The Wall Street Journal<\/em>. El fondo Starboard Value se ha hecho con un n\u00famero indeterminado de acciones en News Corp, \u201cconsiderable\u201d seg\u00fan fuentes cercanas a la operativa, y entre otras cosas tiene como objetivo hacer valer su nuevo peso para\u00a0<strong>abolir la estructura de dos tipos de acciones<\/strong>\u00a0que dan a la familia del magnate australiano una influencia superior a su propiedad.<\/p>\n<p>La familia Murdoch mantiene un control solo relativo de la compa\u00f1\u00eda con un 40% aproximado de participaciones con derecho a voto, seg\u00fan reciente documentaci\u00f3n depositada ante la comisi\u00f3n de bolsa y valores de EEUU (SEC). Esa situaci\u00f3n qued\u00f3 escenificada hace algunas semanas cuando la oposici\u00f3n de otros accionistas\u00a0<strong>hizo descarrilar el plan de fusionarla de nuevo con Fox Corp que el fundador de ambas estuvo sopesando<\/strong>. Con la entrada de Starboard Value ese panorama podr\u00eda complicarse a\u00fan m\u00e1s y forzar cambios significativos en la gobernanza que diluyan la influencia del magnate y sus herederos.<\/p>\n<p>El nuevo accionista tampoco comparte la orientaci\u00f3n estrat\u00e9gica actual de News Corp y considera que penaliza su valor en bolsa. Para incrementarlo quiere promover la segregaci\u00f3n de su divisi\u00f3n inmobiliaria, cuya venta est\u00e1 sobre la mesa desde\u00a0<a rel=\"noopener\" href=\"https:\/\/urldefense.com\/v3\/__https:\/\/dircomfidencial.com\/medios\/news-corp-despedira-al-5-de-su-plantilla-y-prepara-la-venta-de-su-negocio-de-servicios-inmobiliarios-20230210-0401\/__;!!D9dNQwwGXtA!U96fyl9MPtRxErCrOTBkExWoVrL5lWyn8b1mOe7iQNXS6u1TQcqcRYOT3WhF_g16bLXcurY8JBOSHSzH$\" target=\"_blank\">principios de a\u00f1o<\/a>\u00a0debido a la situaci\u00f3n econ\u00f3mica de la compa\u00f1\u00eda. En esa misma entrega de resultados anuales News Corp anunci\u00f3\u00a0<strong>la eventual salida del 5% de su plantilla por el impacto del contexto inflacionario en algunos de sus negocios<\/strong>, especialmente la edici\u00f3n de libros y el segmento inmobiliario digital.<\/p>\n<p>La llegada de Starboard Value podr\u00eda acelerar esa estrategia y llevarla m\u00e1s lejos de lo previsto. Seg\u00fan sus c\u00e1lculos, todas las propiedades de la compa\u00f1\u00eda valen m\u00e1s de 20.000 millones de d\u00f3lares y\u00a0<strong>en particular el negocio de Dow Jones estar\u00eda por encima de los 7.000<\/strong>. La editora de The Wall Street Journal es actualmente\u00a0<a rel=\"noopener\" href=\"https:\/\/urldefense.com\/v3\/__https:\/\/dircomfidencial.com\/medios\/la-editora-de-the-wall-street-journal-duplica-rentabilidad-en-cuatro-anos-y-rescata-a-news-corp-20230814-0400\/__;!!D9dNQwwGXtA!U96fyl9MPtRxErCrOTBkExWoVrL5lWyn8b1mOe7iQNXS6u1TQcqcRYOT3WhF_g16bLXcurY8JPpRCKhR$\" target=\"_blank\">el gran motor de ingresos y rentabilidad<\/a>\u00a0del conglomerado gracias a la buena evoluci\u00f3n de las suscripciones del diario econ\u00f3mico y la salud de sus publicaciones para profesionales, cuyo negocio podr\u00eda verse incrementado gracias a las licencias de contenidos\u00a0<a rel=\"noopener\" href=\"https:\/\/urldefense.com\/v3\/__https:\/\/dircomfidencial.com\/medios\/news-corp-identifica-tres-areas-en-las-que-la-inteligencia-artificial-generativa-usa-o-usara-su-contenido-20230515-0403\/__;!!D9dNQwwGXtA!U96fyl9MPtRxErCrOTBkExWoVrL5lWyn8b1mOe7iQNXS6u1TQcqcRYOT3WhF_g16bLXcurY8JP1y1-xT$\" target=\"_blank\">para inteligencia artificial generativa<\/a>.<\/p>\n<p>Todo ello en pleno cambio de liderazgo en la compa\u00f1\u00eda, ya que Murdoch anunci\u00f3 hace algunas semanas su intenci\u00f3n de dejar sus cargos al frente de News Corp y Fox Corp\u00a0<a rel=\"noopener\" href=\"https:\/\/urldefense.com\/v3\/__https:\/\/dircomfidencial.com\/medios\/rupert-murdoch-dejara-de-estar-al-frente-de-news-corp-y-fox-corp-en-noviembre-20230922-0403\/__;!!D9dNQwwGXtA!U96fyl9MPtRxErCrOTBkExWoVrL5lWyn8b1mOe7iQNXS6u1TQcqcRYOT3WhF_g16bLXcurY8JFV44JLT$\" target=\"_blank\">en noviembre<\/a>.\u00a0<strong>Su hijo Lachlan es quien tendr\u00e1 que hacer frente a esta situaci\u00f3n interna desde el puesto de m\u00e1xima responsabilidad<\/strong>.<\/p>\n<p> via Dircomfidencial <a href=\"https:\/\/urldefense.com\/v3\/__https:\/\/ift.tt\/KLiN10a__;!!D9dNQwwGXtA!U96fyl9MPtRxErCrOTBkExWoVrL5lWyn8b1mOe7iQNXS6u1TQcqcRYOT3WhF_g16bLXcurY8JMjMHho7$\" target=\"_blank\" rel=\"noopener\">https:\/\/ift.tt\/KLiN10a<\/a><\/p>\n<p> October 18, 2023 at 04:14AM <\/p><\/div>\n<\/div>\n<div class=\"postie-attachments\"><a href=\"https:\/\/empresaperiodistica.umh.es\/?attachment_id=152\"><img loading=\"lazy\" src=\"https:\/\/empresaperiodistica.umh.es\/files\/2023\/10\/news-corp-300x168.png\" alt=\"\" width=\"300px\" height=\"168px\" class=\"alignnone size-medium wp-image-152\" srcset=\"https:\/\/empresaperiodistica.umh.es\/files\/2023\/10\/news-corp-300x168.png 300w, https:\/\/empresaperiodistica.umh.es\/files\/2023\/10\/news-corp.png 650w\" sizes=\"(max-width: 300px) 100vw, 300px\" \/><\/a><\/div>\n<\/div>\n","protected":false},"excerpt":{"rendered":"<p> https:\/\/ift.tt\/G7tMUiW<\/p>\n<p>El conglomerado de peri\u00f3dicos y otros activos de\u00a0Rupert Murdoch\u00a0afronta un horizonte de presiones internas que podr\u00edan derivar en una reorganizaci\u00f3n relevante, seg\u00fan adelanta\u00a0The Wall Street Journal. El fondo Starboard Value se ha hecho con un n\u00famero indeterminado de acciones en News Corp, \u201cconsiderable\u201d seg\u00fan fuentes cercanas a la operativa, y entre otras cosas [&#8230;]<\/p>\n","protected":false},"author":1,"featured_media":0,"comment_status":"closed","ping_status":"open","sticky":false,"template":"","format":"standard","meta":{"_links_to":"","_links_to_target":""},"categories":[585,1393463],"tags":[1393217],"_links":{"self":[{"href":"https:\/\/empresaperiodistica.umh.es\/ca\/wp-json\/wp\/v2\/posts\/149"}],"collection":[{"href":"https:\/\/empresaperiodistica.umh.es\/ca\/wp-json\/wp\/v2\/posts"}],"about":[{"href":"https:\/\/empresaperiodistica.umh.es\/ca\/wp-json\/wp\/v2\/types\/post"}],"author":[{"embeddable":true,"href":"https:\/\/empresaperiodistica.umh.es\/ca\/wp-json\/wp\/v2\/users\/1"}],"replies":[{"embeddable":true,"href":"https:\/\/empresaperiodistica.umh.es\/ca\/wp-json\/wp\/v2\/comments?post=149"}],"version-history":[{"count":0,"href":"https:\/\/empresaperiodistica.umh.es\/ca\/wp-json\/wp\/v2\/posts\/149\/revisions"}],"wp:attachment":[{"href":"https:\/\/empresaperiodistica.umh.es\/ca\/wp-json\/wp\/v2\/media?parent=149"}],"wp:term":[{"taxonomy":"category","embeddable":true,"href":"https:\/\/empresaperiodistica.umh.es\/ca\/wp-json\/wp\/v2\/categories?post=149"},{"taxonomy":"post_tag","embeddable":true,"href":"https:\/\/empresaperiodistica.umh.es\/ca\/wp-json\/wp\/v2\/tags?post=149"}],"curies":[{"name":"wp","href":"https:\/\/api.w.org\/{rel}","templated":true}]}}