{"id":159,"date":"2023-10-19T14:46:48","date_gmt":"2023-10-19T12:46:48","guid":{"rendered":"https:\/\/empresaperiodistica.umh.es\/?p=159"},"modified":"2023-10-20T07:51:01","modified_gmt":"2023-10-20T05:51:01","slug":"bruselas-ultima-la-ley-de-medios-de-comunicacion-que-permitira-a-los-lectores-denunciar-casos-de-desinformacion","status":"publish","type":"post","link":"https:\/\/empresaperiodistica.umh.es\/ca\/2023\/10\/19\/bruselas-ultima-la-ley-de-medios-de-comunicacion-que-permitira-a-los-lectores-denunciar-casos-de-desinformacion\/","title":{"rendered":"Bruselas ultima la ley de medios de comunicaci\u00f3n que permitir\u00e1 a los lectores denunciar casos de desinformaci\u00f3n"},"content":{"rendered":"<div class=\"postie-post\">\n<div dir=\"ltr\">\n<div class=\"gmail_default\" style=\"font-family:trebuchet ms,sans-serif;color:#073763\"><\/div>\n<div class=\"gmail_quote\"> <a href=\"https:\/\/urldefense.com\/v3\/__https:\/\/ift.tt\/EMoax3S__;!!D9dNQwwGXtA!VP7p3IqYBeaCvHe1rXaVH8ArVJ0Sa_maV-jib3fy4LnOUBL0g5N6Zf6Cry-KfnTd-3_tF-n_treSKGl2$\" target=\"_blank\" rel=\"noopener\">https:\/\/ift.tt\/EMoax3S<\/a><\/p>\n<p> <img loading=\"lazy\" src=\"https:\/\/dircomfidencial.com\/wp-content\/uploads\/2023\/10\/UE.png\" width=\"650\" alt=\"UE\" height=\"365\" style=\"max-width:100%\"><\/p>\n<p>La Uni\u00f3n Europea espera dar luz verde antes de que termine este a\u00f1o al <strong>reglamento de la futura ley europea de medios de comunicaci\u00f3n<\/strong>. Una norma jur\u00eddica que prev\u00e9<strong> habilitar a los lectores de medios digitales una v\u00eda para denunciar casos de desinformaci\u00f3n<\/strong>.<\/p>\n<p>El pasado mes de junio los representantes permanentes de los Estados miembros acordaron en el Consejo este reglamento orientado a \u201csalvaguardar la libertad, el pluralismo y la independencia de los medios de comunicaci\u00f3n\u201d, en un escenario en el que<strong> la irrupci\u00f3n de los bulos y su capacidad de difusi\u00f3n a trav\u00e9s de la diversidad de canales suponen una creciente amenaza <\/strong>para el sector period\u00edstico y la sociedad.<\/p>\n<p>La especialista en lucha contra la desinformaci\u00f3n y agregada de la Comisi\u00f3n Europea, Eugenia de la Rosa, ha explicado esta semana en el evento celebrado por el Club Abierto de Editores (CLABE) en Madrid, que con este reglamento se pretende que <strong>los usuarios \u201ccuenten con botones en los que puedan denunciar contenidos de desinformaci\u00f3n<\/strong>. Es f\u00e1cil empoderar a los usuarios\u201d. \u201c<strong>La desinformaci\u00f3n es un problema que nos afecta a todos<\/strong>\u201d, a\u00f1adi\u00f3.<\/p>\n<p>\u00a0<\/p>\n<blockquote>\n<p>El reglamento incluir\u00e1 un c\u00f3digo de buenas pr\u00e1cticas y supervisar\u00e1 los ingresos publicitarios de los medios.<\/p>\n<\/blockquote>\n<p>El futuro reglamento incluir\u00e1<strong> un c\u00f3digo de buenas pr\u00e1cticas y supervisar\u00e1 los ingresos publicitarios de los medios<\/strong>, seg\u00fan adelant\u00f3 la agregada de la Comisi\u00f3n Europea. De la Rosa defiende que \u201clos medios tienen que ser<strong> viables pero no a cualquier precio<\/strong>\u201d.<\/p>\n<p>La norma que est\u00e1 ultimando la UE pretende reforzar la transparencia en el v\u00ednculo entre medios informativos y los gobiernos. Por ejemplo, <strong>obligar\u00e1 a las autoridades p\u00fablicas a presentar un informe en el que detallen a qu\u00e9 medios de comunicaci\u00f3n han invertido publicidad<\/strong> para evitar \u201cque se favorezca solo a medios afines\u201d.<\/p>\n<p>Tambi\u00e9n se\u00f1al\u00f3 que existe por parte de los Estados miembros un compromiso por <strong>fomentar la transparencia en la medici\u00f3n de audiencia de los medios<\/strong>, un desaf\u00edo que sigue despertando acalorados debates en el sector.<\/p>\n<p> via Dircomfidencial <a href=\"https:\/\/urldefense.com\/v3\/__https:\/\/ift.tt\/BlJn2OT__;!!D9dNQwwGXtA!VP7p3IqYBeaCvHe1rXaVH8ArVJ0Sa_maV-jib3fy4LnOUBL0g5N6Zf6Cry-KfnTd-3_tF-n_tpQTnT3W$\" target=\"_blank\" rel=\"noopener\">https:\/\/ift.tt\/BlJn2OT<\/a><\/p>\n<p> October 19, 2023 at 04:14AM <\/p><\/div>\n<\/div>\n<div class=\"postie-attachments\"><a href=\"https:\/\/empresaperiodistica.umh.es\/?attachment_id=162\"><img loading=\"lazy\" src=\"https:\/\/empresaperiodistica.umh.es\/files\/2023\/10\/ue-300x168.png\" alt=\"\" width=\"300px\" height=\"168px\" class=\"alignnone size-medium wp-image-162\" srcset=\"https:\/\/empresaperiodistica.umh.es\/files\/2023\/10\/ue-300x168.png 300w, https:\/\/empresaperiodistica.umh.es\/files\/2023\/10\/ue.png 650w\" sizes=\"(max-width: 300px) 100vw, 300px\" \/><\/a><\/div>\n<\/div>\n","protected":false},"excerpt":{"rendered":"<p> https:\/\/ift.tt\/EMoax3S<\/p>\n<p>La Uni\u00f3n Europea espera dar luz verde antes de que termine este a\u00f1o al reglamento de la futura ley europea de medios de comunicaci\u00f3n. Una norma jur\u00eddica que prev\u00e9 habilitar a los lectores de medios digitales una v\u00eda para denunciar casos de desinformaci\u00f3n.<br \/>\nEl pasado mes de junio los representantes permanentes de los Estados [&#8230;]<\/p>\n","protected":false},"author":1,"featured_media":0,"comment_status":"closed","ping_status":"open","sticky":false,"template":"","format":"standard","meta":{"_links_to":"","_links_to_target":""},"categories":[2942],"tags":[1393217],"_links":{"self":[{"href":"https:\/\/empresaperiodistica.umh.es\/ca\/wp-json\/wp\/v2\/posts\/159"}],"collection":[{"href":"https:\/\/empresaperiodistica.umh.es\/ca\/wp-json\/wp\/v2\/posts"}],"about":[{"href":"https:\/\/empresaperiodistica.umh.es\/ca\/wp-json\/wp\/v2\/types\/post"}],"author":[{"embeddable":true,"href":"https:\/\/empresaperiodistica.umh.es\/ca\/wp-json\/wp\/v2\/users\/1"}],"replies":[{"embeddable":true,"href":"https:\/\/empresaperiodistica.umh.es\/ca\/wp-json\/wp\/v2\/comments?post=159"}],"version-history":[{"count":0,"href":"https:\/\/empresaperiodistica.umh.es\/ca\/wp-json\/wp\/v2\/posts\/159\/revisions"}],"wp:attachment":[{"href":"https:\/\/empresaperiodistica.umh.es\/ca\/wp-json\/wp\/v2\/media?parent=159"}],"wp:term":[{"taxonomy":"category","embeddable":true,"href":"https:\/\/empresaperiodistica.umh.es\/ca\/wp-json\/wp\/v2\/categories?post=159"},{"taxonomy":"post_tag","embeddable":true,"href":"https:\/\/empresaperiodistica.umh.es\/ca\/wp-json\/wp\/v2\/tags?post=159"}],"curies":[{"name":"wp","href":"https:\/\/api.w.org\/{rel}","templated":true}]}}