{"id":165,"date":"2023-10-19T14:48:28","date_gmt":"2023-10-19T12:48:28","guid":{"rendered":"https:\/\/empresaperiodistica.umh.es\/?p=165"},"modified":"2023-10-20T07:53:46","modified_gmt":"2023-10-20T05:53:46","slug":"efe-y-microsoft-unen-fuerzas-para-combatir-la-desinformacion-en-espanol","status":"publish","type":"post","link":"https:\/\/empresaperiodistica.umh.es\/ca\/2023\/10\/19\/efe-y-microsoft-unen-fuerzas-para-combatir-la-desinformacion-en-espanol\/","title":{"rendered":"EFE y Microsoft unen fuerzas para combatir la desinformaci\u00f3n en espa\u00f1ol"},"content":{"rendered":"<div class=\"postie-post\">\n<div dir=\"ltr\">\n<div class=\"gmail_default\" style=\"font-family:trebuchet ms,sans-serif;color:#073763\"><\/div>\n<div class=\"gmail_quote\"> <a href=\"https:\/\/urldefense.com\/v3\/__https:\/\/ift.tt\/p9c1DEg__;!!D9dNQwwGXtA!QY1YQhvDGOCnAmhstW31wj_eO3BAwe34wTgB246Vu-rikP2_PRwCRRQLYqpt-KQqn5dKae7CT2oUOymJ$\" target=\"_blank\" rel=\"noopener\">https:\/\/ift.tt\/p9c1DEg<\/a><\/p>\n<p>La agencia de noticias EFE y Microsoft han anunciado una colaboraci\u00f3n a trav\u00e9s del servicio de verificaci\u00f3n de EFE, conocido como EFE Verifica, y la iniciativa Democracy Forward de la empresa de tecnolog\u00eda. El objetivo principal de esta alianza es la identificaci\u00f3n y el an\u00e1lisis de narrativas de desinformaci\u00f3n en espa\u00f1ol, centrando sus esfuerzos en Latinoam\u00e9rica.<\/p>\n<p><strong>EFE Verifica y Microsoft se valdr\u00e1n de sus respectivas fortalezas para combatir eficazmente la propagaci\u00f3n de noticias falsas y desinformaci\u00f3n.<\/strong> Mientras que EFE aportar\u00e1 su experiencia period\u00edstica y su conocimiento en el \u00e1mbito de la verificaci\u00f3n de informaci\u00f3n, Microsoft proporcionar\u00e1 sus avanzados recursos en inteligencia de datos. Esta colaboraci\u00f3n robustecer\u00e1 la infraestructura existente para detectar y <strong>contrarrestar operaciones de desinformaci\u00f3n en Latinoam\u00e9rica, al mismo tiempo que proporcionar\u00e1 herramientas que expongan y limiten la efectividad de tales operaciones.<\/strong><\/p>\n<p>Este acuerdo representa un paso adelante en el compromiso de Microsoft de crear un ecosistema informativo m\u00e1s saludable y fomentar la democracia, una misi\u00f3n que se alinea con los objetivos de EFE Verifica. <strong>Fundado hace cuatro a\u00f1os, este \u00faltimo se ha establecido como uno de los referentes en la lucha contra la desinformaci\u00f3n en Espa\u00f1a y Am\u00e9rica Latina,<\/strong> colaborando incluso con instituciones acad\u00e9micas y organizaciones internacionales como la Unesco en investigaciones y en programas de alfabetizaci\u00f3n medi\u00e1tica.<\/p>\n<p>El papel de EFE no se limita al texto escrito. A trav\u00e9s de m\u00faltiples formatos, incluidos productos audiovisuales y el p\u00f3dcast \u201cCon Check\u201d, la agencia se dedica a explicar y alertar sobre el fen\u00f3meno de la desinformaci\u00f3n en el continente americano.<\/p>\n<h3>En el contexto global de integridad informativa<\/h3>\n<p>La alianza tambi\u00e9n es coherente con la misi\u00f3n de servicio p\u00fablico de EFE, que es la primera agencia internacional en espa\u00f1ol y tiene una fuerte presencia en Latinoam\u00e9rica. <strong>Adem\u00e1s, EFE es miembro de la International Fact-Checking Network (IFCN), reafirmando su compromiso con la integridad de la informaci\u00f3n.<\/strong><\/p>\n<p>Por su parte, Microsoft es miembro cofundador de la Content Provenance and Authenticity (C2PA), una iniciativa que busca unificar esfuerzos en la autenticidad de los contenidos digitales. La compa\u00f1\u00eda tambi\u00e9n ha estado trabajando en otros proyectos como Project Origin, en colaboraci\u00f3n con la BBC, para combatir la desinformaci\u00f3n en el entorno digital.<\/p>\n<p>La entrada <a rel=\"nofollow noopener\" href=\"https:\/\/urldefense.com\/v3\/__https:\/\/laboratoriodeperiodismo.org\/efe-y-microsoft-unen-fuerzas-para-combatir-la-desinformacion-en-espanol\/__;!!D9dNQwwGXtA!QY1YQhvDGOCnAmhstW31wj_eO3BAwe34wTgB246Vu-rikP2_PRwCRRQLYqpt-KQqn5dKae7CT7w0iRKX$\" target=\"_blank\">EFE y Microsoft unen fuerzas para combatir la desinformaci\u00f3n en espa\u00f1ol<\/a> se public\u00f3 primero en <a rel=\"nofollow noopener\" href=\"https:\/\/urldefense.com\/v3\/__https:\/\/laboratoriodeperiodismo.org__;!!D9dNQwwGXtA!QY1YQhvDGOCnAmhstW31wj_eO3BAwe34wTgB246Vu-rikP2_PRwCRRQLYqpt-KQqn5dKae7CT1-z7uPa$\" target=\"_blank\">Laboratorio de Periodismo Luca de Tena<\/a>.<\/p>\n<p> via Laboratorio de Periodismo Luca de Tena <a href=\"https:\/\/urldefense.com\/v3\/__https:\/\/ift.tt\/agmBYXQ__;!!D9dNQwwGXtA!QY1YQhvDGOCnAmhstW31wj_eO3BAwe34wTgB246Vu-rikP2_PRwCRRQLYqpt-KQqn5dKae7CT6UJFdm3$\" target=\"_blank\" rel=\"noopener\">https:\/\/ift.tt\/agmBYXQ<\/a><\/p>\n<p> October 18, 2023 at 07:01AM <\/p><\/div>\n<\/div>\n<div class=\"postie-attachments\"><a href=\"https:\/\/empresaperiodistica.umh.es\/?attachment_id=168\"><img loading=\"lazy\" src=\"https:\/\/empresaperiodistica.umh.es\/files\/2023\/10\/efe-300x237.jpg\" alt=\"\" width=\"300px\" height=\"237px\" class=\"alignnone size-medium wp-image-168\" srcset=\"https:\/\/empresaperiodistica.umh.es\/files\/2023\/10\/efe-300x237.jpg 300w, https:\/\/empresaperiodistica.umh.es\/files\/2023\/10\/efe-1024x807.jpg 1024w, https:\/\/empresaperiodistica.umh.es\/files\/2023\/10\/efe-768x605.jpg 768w, https:\/\/empresaperiodistica.umh.es\/files\/2023\/10\/efe.jpg 1200w\" sizes=\"(max-width: 300px) 100vw, 300px\" \/><\/a><\/div>\n<\/div>\n","protected":false},"excerpt":{"rendered":"<p> https:\/\/ift.tt\/p9c1DEg<br \/>\nLa agencia de noticias EFE y Microsoft han anunciado una colaboraci\u00f3n a trav\u00e9s del servicio de verificaci\u00f3n de EFE, conocido como EFE Verifica, y la iniciativa Democracy Forward de la empresa de tecnolog\u00eda. El objetivo principal de esta alianza es la identificaci\u00f3n y el an\u00e1lisis de narrativas de desinformaci\u00f3n en espa\u00f1ol, centrando sus esfuerzos [&#8230;]<\/p>\n","protected":false},"author":1,"featured_media":0,"comment_status":"closed","ping_status":"open","sticky":false,"template":"","format":"standard","meta":{"_links_to":"","_links_to_target":""},"categories":[2942,50986],"tags":[1393217],"_links":{"self":[{"href":"https:\/\/empresaperiodistica.umh.es\/ca\/wp-json\/wp\/v2\/posts\/165"}],"collection":[{"href":"https:\/\/empresaperiodistica.umh.es\/ca\/wp-json\/wp\/v2\/posts"}],"about":[{"href":"https:\/\/empresaperiodistica.umh.es\/ca\/wp-json\/wp\/v2\/types\/post"}],"author":[{"embeddable":true,"href":"https:\/\/empresaperiodistica.umh.es\/ca\/wp-json\/wp\/v2\/users\/1"}],"replies":[{"embeddable":true,"href":"https:\/\/empresaperiodistica.umh.es\/ca\/wp-json\/wp\/v2\/comments?post=165"}],"version-history":[{"count":0,"href":"https:\/\/empresaperiodistica.umh.es\/ca\/wp-json\/wp\/v2\/posts\/165\/revisions"}],"wp:attachment":[{"href":"https:\/\/empresaperiodistica.umh.es\/ca\/wp-json\/wp\/v2\/media?parent=165"}],"wp:term":[{"taxonomy":"category","embeddable":true,"href":"https:\/\/empresaperiodistica.umh.es\/ca\/wp-json\/wp\/v2\/categories?post=165"},{"taxonomy":"post_tag","embeddable":true,"href":"https:\/\/empresaperiodistica.umh.es\/ca\/wp-json\/wp\/v2\/tags?post=165"}],"curies":[{"name":"wp","href":"https:\/\/api.w.org\/{rel}","templated":true}]}}