{"id":175,"date":"2023-11-02T17:40:19","date_gmt":"2023-11-02T16:40:19","guid":{"rendered":"https:\/\/empresaperiodistica.umh.es\/?p=175"},"modified":"2023-11-03T07:31:36","modified_gmt":"2023-11-03T06:31:36","slug":"mediapro-despide-a-jaume-roures-tras-30-anos-al-frente-de-la-compania","status":"publish","type":"post","link":"https:\/\/empresaperiodistica.umh.es\/ca\/2023\/11\/02\/mediapro-despide-a-jaume-roures-tras-30-anos-al-frente-de-la-compania\/","title":{"rendered":"Mediapro despide a Jaume Roures tras 30 a\u00f1os al frente de la compa\u00f1\u00eda"},"content":{"rendered":"<div class=\"postie-post\">\n<div dir=\"ltr\">\n<div class=\"gmail_default\" style=\"font-family:trebuchet ms,sans-serif;color:#073763\"><\/div>\n<div class=\"gmail_quote\"> <a href=\"https:\/\/urldefense.com\/v3\/__https:\/\/ift.tt\/PW2CsLk__;!!D9dNQwwGXtA!Wfs8HpdSAoMLtpogyMKMRuiLVXACoYPEmgnG8PXVmn4s_gCYh9fL67vYEb-X5vWqt2fyd4yz0NKN0t_r$\" target=\"_blank\" rel=\"noopener\">https:\/\/ift.tt\/PW2CsLk<\/a><\/p>\n<p>El Consejo de Administraci\u00f3n de Mediapro ha despedido a Jaume Roures como socio gestor tras 30 a\u00f1os al frente de la compa\u00f1\u00eda a petici\u00f3n de la firma china Southwind Media, accionista mayoritario de la productora. <\/p>\n<p>Al frente de Mediapro se quedar\u00e1 Tatxo Benet, el otro cofundador y accionistas adem\u00e1s de \u201csocio gestor\u201d, ejerciendo como presidente y consejero delegado, cargos que ha asumido durante m\u00e1s de diez a\u00f1os. La decisi\u00f3n se ha tomado este viernes tras la celebraci\u00f3n del consejo de administraci\u00f3n de la empresa.<\/p>\n<p>\u201cTodo el equipo gestor estamos totalmente alineados con los socios accionistas del grupo, Southwind y WPP, con quienes compartimos sin fisuras el proyecto de futuro de la compa\u00f1\u00eda. No hay, en este sentido ni la m\u00e1s m\u00ednima disconformidad. En este sentido, no s\u00f3lo no ha habido discrepancias en el modelo de futuro, sino que no ha habido ni el m\u00e1s m\u00ednimo cambio ni en el proyecto fundacional ni en los valores que el grupo representa\u201d, ha informado la compa\u00f1\u00eda en una nota de prensa.<\/p>\n<p>En palabras de Tatxo Benet, \u201cno hay, en este sentido ni la m\u00e1s m\u00ednima disconformidad.\u00a0En este sentido, no solo no ha habido discrepancias en el modelo de futuro, sino que no ha habido ni el m\u00e1s m\u00ednimo cambio ni en el proyecto fundacional ni en los valores que el grupo representa. Y no los va a haber mientras este equipo directivo est\u00e9 aqu\u00ed\u201d.<\/p>\n<p>Southwind Media entr\u00f3 en el capital de Mediapro en noviembre de 2021 mediante el fondo de inversi\u00f3n chino Orient Hontai Capital (OHC) tras inyectar 620 millones de euros. Un movimiento clave para que la compa\u00f1\u00eda fundada por Roures para reducir su endeudamiento. <\/p>\n<p><\/p>\n<p>La entrada <a rel=\"nofollow noopener\" href=\"https:\/\/urldefense.com\/v3\/__https:\/\/prnoticias.com\/2023\/10\/27\/mediapro-despide-a-jaume-roures-tras-30-anos-al-frente-de-la-compania\/__;!!D9dNQwwGXtA!Wfs8HpdSAoMLtpogyMKMRuiLVXACoYPEmgnG8PXVmn4s_gCYh9fL67vYEb-X5vWqt2fyd4yz0Jk4U7Hy$\" target=\"_blank\">Mediapro despide a Jaume Roures tras 30 a\u00f1os al frente de la compa\u00f1\u00eda<\/a> se public\u00f3 primero en <a rel=\"nofollow noopener\" href=\"https:\/\/urldefense.com\/v3\/__https:\/\/prnoticias.com__;!!D9dNQwwGXtA!Wfs8HpdSAoMLtpogyMKMRuiLVXACoYPEmgnG8PXVmn4s_gCYh9fL67vYEb-X5vWqt2fyd4yz0HOnDEgO$\" target=\"_blank\">PR Noticias<\/a>.<\/p>\n<p> <span class=\"gmail_default\" style=\"font-family:\"trebuchet ms\",sans-serif;color:rgb(7,55,99)\"><\/span>M<span class=\"gmail_default\" style=\"font-family:\"trebuchet ms\",sans-serif;color:rgb(7,55,99)\">\u00e1s info:\u00a0<a href=\"https:\/\/www.eldiario.es\/catalunya\/jaume-roures-despido-mediapro-han-censurado_1_10641355.html\">https:\/\/www.eldiario.es\/catalunya\/jaume-roures-despido-mediapro-han-censurado_1_10641355.html<\/a><\/span><\/div>\n<div class=\"gmail_quote\"><\/div>\n<div class=\"gmail_quote\"><a href=\"https:\/\/urldefense.com\/v3\/__https:\/\/prnoticias.com\/__;!!D9dNQwwGXtA!Wfs8HpdSAoMLtpogyMKMRuiLVXACoYPEmgnG8PXVmn4s_gCYh9fL67vYEb-X5vWqt2fyd4yz0IF3JQVX$\" target=\"_blank\" rel=\"noopener\">https:\/\/prnoticias.com\/<\/a><\/p>\n<p> October 27, 2023 at 02:44PM <\/p><\/div>\n<\/div>\n<div class=\"postie-attachments\"><a href=\"https:\/\/empresaperiodistica.umh.es\/?attachment_id=178\"><img loading=\"lazy\" src=\"https:\/\/empresaperiodistica.umh.es\/files\/2023\/11\/f.elconfidencial.com_original_cc1_1d2_f45_cc11d2f45a3b9a9ba33d54af0c68bd1d-300x225.jpg\" alt=\"\" width=\"300px\" height=\"225px\" class=\"alignnone size-medium wp-image-178\" srcset=\"https:\/\/empresaperiodistica.umh.es\/files\/2023\/11\/f.elconfidencial.com_original_cc1_1d2_f45_cc11d2f45a3b9a9ba33d54af0c68bd1d-300x225.jpg 300w, https:\/\/empresaperiodistica.umh.es\/files\/2023\/11\/f.elconfidencial.com_original_cc1_1d2_f45_cc11d2f45a3b9a9ba33d54af0c68bd1d-1024x768.jpg 1024w, https:\/\/empresaperiodistica.umh.es\/files\/2023\/11\/f.elconfidencial.com_original_cc1_1d2_f45_cc11d2f45a3b9a9ba33d54af0c68bd1d-768x576.jpg 768w, https:\/\/empresaperiodistica.umh.es\/files\/2023\/11\/f.elconfidencial.com_original_cc1_1d2_f45_cc11d2f45a3b9a9ba33d54af0c68bd1d.jpg 1200w\" sizes=\"(max-width: 300px) 100vw, 300px\" \/><\/a><\/div>\n<\/div>\n","protected":false},"excerpt":{"rendered":"<p> https:\/\/ift.tt\/PW2CsLk<br \/>\nEl Consejo de Administraci\u00f3n de Mediapro ha despedido a Jaume Roures como socio gestor tras 30 a\u00f1os al frente de la compa\u00f1\u00eda a petici\u00f3n de la firma china Southwind Media, accionista mayoritario de la productora.<br \/>\nAl frente de Mediapro se quedar\u00e1 Tatxo Benet, el otro cofundador y accionistas adem\u00e1s de \u201csocio gestor\u201d, ejerciendo como [&#8230;]<\/p>\n","protected":false},"author":1,"featured_media":0,"comment_status":"closed","ping_status":"open","sticky":false,"template":"","format":"standard","meta":{"_links_to":"","_links_to_target":""},"categories":[1393805,1393463],"tags":[1393217],"_links":{"self":[{"href":"https:\/\/empresaperiodistica.umh.es\/ca\/wp-json\/wp\/v2\/posts\/175"}],"collection":[{"href":"https:\/\/empresaperiodistica.umh.es\/ca\/wp-json\/wp\/v2\/posts"}],"about":[{"href":"https:\/\/empresaperiodistica.umh.es\/ca\/wp-json\/wp\/v2\/types\/post"}],"author":[{"embeddable":true,"href":"https:\/\/empresaperiodistica.umh.es\/ca\/wp-json\/wp\/v2\/users\/1"}],"replies":[{"embeddable":true,"href":"https:\/\/empresaperiodistica.umh.es\/ca\/wp-json\/wp\/v2\/comments?post=175"}],"version-history":[{"count":0,"href":"https:\/\/empresaperiodistica.umh.es\/ca\/wp-json\/wp\/v2\/posts\/175\/revisions"}],"wp:attachment":[{"href":"https:\/\/empresaperiodistica.umh.es\/ca\/wp-json\/wp\/v2\/media?parent=175"}],"wp:term":[{"taxonomy":"category","embeddable":true,"href":"https:\/\/empresaperiodistica.umh.es\/ca\/wp-json\/wp\/v2\/categories?post=175"},{"taxonomy":"post_tag","embeddable":true,"href":"https:\/\/empresaperiodistica.umh.es\/ca\/wp-json\/wp\/v2\/tags?post=175"}],"curies":[{"name":"wp","href":"https:\/\/api.w.org\/{rel}","templated":true}]}}