{"id":214,"date":"2023-11-17T10:29:00","date_gmt":"2023-11-17T09:29:00","guid":{"rendered":"https:\/\/empresaperiodistica.umh.es\/?p=214"},"modified":"2023-11-17T10:37:19","modified_gmt":"2023-11-17T09:37:19","slug":"ojd-activa-la-auditoria-de-suscripciones-digitales-para-medios-de-ami-con-ausencias-en-el-sector","status":"publish","type":"post","link":"https:\/\/empresaperiodistica.umh.es\/ca\/2023\/11\/17\/ojd-activa-la-auditoria-de-suscripciones-digitales-para-medios-de-ami-con-ausencias-en-el-sector\/","title":{"rendered":"OJD activa la auditor\u00eda de suscripciones digitales para medios de AMI con ausencias en el sector"},"content":{"rendered":"<div class=\"postie-post\">\n<div dir=\"ltr\">\n<div class=\"gmail_default\" style=\"font-family:trebuchet ms,sans-serif;color:#073763\"><\/div>\n<div class=\"gmail_quote\"> <img loading=\"lazy\" src=\"https:\/\/dircomfidencial.com\/wp-content\/uploads\/2023\/11\/OJD.png\" width=\"650\" height=\"365\" style=\"max-width:100%\"><\/p>\n<p>La Oficina de Justificaci\u00f3n de la Difusi\u00f3n (OJD) se encargar\u00e1 finalmente de <strong>auditar las suscripciones digitales de medios miembros de la Asociaci\u00f3n de Medios de Informaci\u00f3n (AMI)<\/strong>.<\/p>\n<p>Esta ha sido una demanda que activ\u00f3 PRISA hace justo un a\u00f1o. El presidente de Prisa Media, Carlos N\u00fa\u00f1ez, argument\u00f3 entonces en una <a rel=\"noopener\" href=\"https:\/\/urldefense.com\/v3\/__https:\/\/elpais.com\/economia\/2022-11-20\/carlos-nunez-los-datos-de-suscripciones-del-sector-deberian-someterse-a-auditorias-independientes.html__;!!D9dNQwwGXtA!TmLkpGWyaNAYYFGTRvwOCPfMGTii1p_UpyA9I-wKHSHbDLS5Mz6XGjnnaJ0PFIkvo5WNQUbA6hE5beRJ$\" target=\"_blank\">entrevista a El Pa\u00eds<\/a> que \u00ablos datos de suscriptores del sector <strong>deber\u00edan someterse a auditor\u00edas independientes<\/strong>\u00ab, porque ello permitir\u00eda \u00ab<strong>contrastar la realidad<\/strong> y eso servir\u00eda<strong> de orientaci\u00f3n a todos los actores: lectores, profesionales, anunciantes\u2026<\/strong>\u00ab.<\/p>\n<p>La propuesta de Prisa, <a rel=\"noopener\" href=\"https:\/\/urldefense.com\/v3\/__https:\/\/dircomfidencial.com\/medios\/prisa-empuja-para-que-las-suscripciones-digitales-auditadas-sean-un-factor-para-recibir-publicidad-institucional-20230125-0404\/__;!!D9dNQwwGXtA!TmLkpGWyaNAYYFGTRvwOCPfMGTii1p_UpyA9I-wKHSHbDLS5Mz6XGjnnaJ0PFIkvo5WNQUbA6kqHCEiW$\" target=\"_blank\">seg\u00fan inform\u00f3 DIRCOMFIDENCIAL<\/a>, no s\u00f3lo respond\u00eda al prop\u00f3sito de certificar el liderazgo de El Pa\u00eds en suscripciones digitales, sino tambi\u00e9n al de<strong> crear un nuevo indicador objetivo para que fuese tenido en cuenta por la Administraci\u00f3n p\u00fablica en el reparto de publicidad institucional<\/strong>.<\/p>\n<p>Seg\u00fan ha podido saber este medio, en los \u00faltimos meses <strong>OJD ha trabajado de la mano de la AMI para definir criterios de verificaci\u00f3n de las suscripciones digitales como, por ejemplo, la delimitaci\u00f3n del concepto de suscriptor<\/strong>. Un debate que, seg\u00fan lamentan medios digitales ajenos a la AMI, se ha resuelto aprobando reglas especialmente laxas, sin establecer una clara distinci\u00f3n entre suscriptores de tarifas ordinarias y las bonificadas.<\/p>\n<blockquote>\n<p>Vocento, \u00fanico grupo miembro de la AMI que se niega expresamente a someterse a esta auditor\u00eda.<\/p>\n<\/blockquote>\n<p>El medio miembro de la AMI que se ha mostrado m\u00e1s cr\u00edtico con la posibilidad de someter las suscripciones digitales a un auditor independiente ha sido Vocento. Preguntado por este medio sobre esta cuesti\u00f3n, su CEO, Luis Enr\u00edquez, respondi\u00f3 hace un a\u00f1o lo siguiente: \u00ab\u00bfFrente a qui\u00e9n quiero certificar suscripciones y para qu\u00e9? No quiero salir a contar que tengo X suscriptores un domingo. <strong>Me examino cada trimestre cuando ense\u00f1o mis ingresos<\/strong>\u201d.<\/p>\n<p>De hecho, el grupo editor de ABC confirm\u00f3 ayer que <strong>no va a formar parte de esta auditor\u00eda independiente de OJD<\/strong>. Su director de suscripciones digitales, <strong>Aloysio Araujo<\/strong>, opin\u00f3 ayer en el evento Next Media celebrado en Madrid que<strong> no cree que esta opci\u00f3n sea \u00abviable\u00bb porque promueve una delicada carrera por el volumen<\/strong>.<\/p>\n<p>Aunque Vocento ha sido el \u00fanico grupo que expresamente ha confirmado <strong>su ausencia en este proyecto<\/strong>, otros grupos de comunicaci\u00f3n, pese a haberlo observado con buenos ojos, <strong>tambi\u00e9n han mostrado algunas dudas<\/strong>.<\/p>\n<p>El director de Marketing de Unidad Editorial, Carlos Bravo, <strong>celebra que \u00abhaya una moneda com\u00fan\u00bb<\/strong>, del mismo modo que ocurre en audiencias con GfK, aunque advierte del riesgo de que esas mediciones de suscriptores digitales <strong>no contemplen otras variables igual de relevantes para evaluar la fortaleza de los medios<\/strong>.<\/p>\n<p>El director general de Marketing de Prisa Media -que ha abanderado esta defensa-, Luis Baena, indic\u00f3 que \u00ab<strong>el gran error de los medios ha sido la guerra por el volumen<\/strong>\u00ab; y el Innovation &amp; Strategy Director de El Espa\u00f1ol, Daniel Mu\u00f1oz, se refiri\u00f3 al \u00ab<strong>riesgo de que un ranking de suscripciones digitales terminen convirti\u00e9ndose en una excusa para planificar publicidad en el medio de comunicaci\u00f3n<\/strong>. \u00abAcabar\u00edamos virando una vez m\u00e1s el negocio de las suscripciones a la planificaci\u00f3n publicitaria\u00bb, critic\u00f3.<\/p>\n<p>Este medio ha intentado sin \u00e9xito ponerse en contacto con OJD para plasmar la valoraci\u00f3n y detalles de este nuevo proyecto.<\/p>\n<p> via Dircomfidencial <a href=\"https:\/\/urldefense.com\/v3\/__https:\/\/ift.tt\/CwRf6xS__;!!D9dNQwwGXtA!TmLkpGWyaNAYYFGTRvwOCPfMGTii1p_UpyA9I-wKHSHbDLS5Mz6XGjnnaJ0PFIkvo5WNQUbA6gnjqJij$\" target=\"_blank\" rel=\"noopener\">https:\/\/ift.tt\/CwRf6xS<\/a><\/p>\n<p> November 17, 2023 at 04:22AM <\/p><\/div>\n<\/div>\n<div class=\"postie-attachments\"><a href=\"https:\/\/empresaperiodistica.umh.es\/?attachment_id=217\"><img loading=\"lazy\" src=\"https:\/\/empresaperiodistica.umh.es\/files\/2023\/11\/ojd-300x168.png\" alt=\"\" width=\"300px\" height=\"168px\" class=\"alignnone size-medium wp-image-217\" srcset=\"https:\/\/empresaperiodistica.umh.es\/files\/2023\/11\/ojd-300x168.png 300w, https:\/\/empresaperiodistica.umh.es\/files\/2023\/11\/ojd.png 650w\" sizes=\"(max-width: 300px) 100vw, 300px\" \/><\/a><\/div>\n<\/div>\n","protected":false},"excerpt":{"rendered":"<p>La Oficina de Justificaci\u00f3n de la Difusi\u00f3n (OJD) se encargar\u00e1 finalmente de auditar las suscripciones digitales de medios miembros de la Asociaci\u00f3n de Medios de Informaci\u00f3n (AMI).<br \/>\nEsta ha sido una demanda que activ\u00f3 PRISA hace justo un a\u00f1o. El presidente de Prisa Media, Carlos N\u00fa\u00f1ez, argument\u00f3 entonces en una entrevista a El Pa\u00eds que [&#8230;]<\/p>\n","protected":false},"author":1,"featured_media":0,"comment_status":"closed","ping_status":"open","sticky":false,"template":"","format":"standard","meta":{"_links_to":"","_links_to_target":""},"categories":[41626,1393805],"tags":[1393217],"_links":{"self":[{"href":"https:\/\/empresaperiodistica.umh.es\/ca\/wp-json\/wp\/v2\/posts\/214"}],"collection":[{"href":"https:\/\/empresaperiodistica.umh.es\/ca\/wp-json\/wp\/v2\/posts"}],"about":[{"href":"https:\/\/empresaperiodistica.umh.es\/ca\/wp-json\/wp\/v2\/types\/post"}],"author":[{"embeddable":true,"href":"https:\/\/empresaperiodistica.umh.es\/ca\/wp-json\/wp\/v2\/users\/1"}],"replies":[{"embeddable":true,"href":"https:\/\/empresaperiodistica.umh.es\/ca\/wp-json\/wp\/v2\/comments?post=214"}],"version-history":[{"count":0,"href":"https:\/\/empresaperiodistica.umh.es\/ca\/wp-json\/wp\/v2\/posts\/214\/revisions"}],"wp:attachment":[{"href":"https:\/\/empresaperiodistica.umh.es\/ca\/wp-json\/wp\/v2\/media?parent=214"}],"wp:term":[{"taxonomy":"category","embeddable":true,"href":"https:\/\/empresaperiodistica.umh.es\/ca\/wp-json\/wp\/v2\/categories?post=214"},{"taxonomy":"post_tag","embeddable":true,"href":"https:\/\/empresaperiodistica.umh.es\/ca\/wp-json\/wp\/v2\/tags?post=214"}],"curies":[{"name":"wp","href":"https:\/\/api.w.org\/{rel}","templated":true}]}}