{"id":260,"date":"2023-12-30T10:39:07","date_gmt":"2023-12-30T09:39:07","guid":{"rendered":"https:\/\/empresaperiodistica.umh.es\/?p=260"},"modified":"2023-12-30T10:49:13","modified_gmt":"2023-12-30T09:49:13","slug":"el-reparto-de-la-publicidad-institucional-del-consell-valenciano","status":"publish","type":"post","link":"https:\/\/empresaperiodistica.umh.es\/ca\/2023\/12\/30\/el-reparto-de-la-publicidad-institucional-del-consell-valenciano\/","title":{"rendered":"El reparto de la publicidad institucional del Consell Valenciano"},"content":{"rendered":"<div class=\"postie-post\">\n<div dir=\"ltr\">\n<div class=\"gmail_default\" style=\"font-family:trebuchet ms,sans-serif;color:#073763\"><\/div>\n<div class=\"gmail_quote\">Prensa Ib\u00e9rica, Prisa, Planeta y Vocento copan otra vez la publicidad institucional del Consell en 2022\u00a0<\/p>\n<p> <a href=\"https:\/\/urldefense.com\/v3\/__https:\/\/ift.tt\/GV62B4N__;!!D9dNQwwGXtA!RVcKBAI-HnilBo7k7fgPEhtnOWtVTzY1fXf9b6cH1YTQUljD_eHsWEwFIsBSp0QBjXR1f_rziIpRPv96$\" target=\"_blank\" rel=\"noopener\">https:\/\/ift.tt\/GV62B4N<\/a><\/p>\n<div>\n<img loading=\"lazy\" width=\"768\" src=\"https:\/\/valenciaplaza.com\/public\/Image\/2023\/12\/17038744366323260ximo-puig-corts-ep_NoticiaAmpliada.jpg\" height=\"562\" style=\"max-width:100%\"><\/p>\n<div>\n<p>VAL\u00c8NCIA. Como si se tratara de una tradici\u00f3n ya asentada antes de que finalice el a\u00f1o, la Generalitat hizo p\u00fablico este viernes en el portal GVA Oberta el informe sobre el <strong>gasto en publicidad institucional correspondiente a 2022<\/strong>. Esta vez se ha encargado de manera directa Presidencia. Normalmente lo hac\u00eda la Conselleria de Transparencia, pero al desaparecer como departamento independiente y pasar a integrarse bajo el paraguas del \u00e1rea de <strong>Carlos Maz\u00f3n<\/strong>, esta vez le ha tocado al secretario auton\u00f3mico del Gabinete del President y Comunicaci\u00f3n, <strong>Jos\u00e9 Manuel Cuenca<\/strong>.\u00a0<\/p>\n<p>El nuevo Consell colg\u00f3, de esta manera, el coste de estas campa\u00f1as de publicidad y promoci\u00f3n en medios de comunicaci\u00f3n correspondientes al \u00faltimo ejercicio completo del anterior Gobierno del Bot\u00e0nic (PSPV, Comprom\u00eds y Unides Podem). Lo hizo dos d\u00edas antes de que expirara el plazo, pues seg\u00fan refleja la Ley 2\/2015 de Transparencia, Buen Gobierno y Participaci\u00f3n Ciudadana de la Comunitat Valenciana, la Generalitat debe publicar &#8220;al menos una vez al a\u00f1o&#8221; estos datos. La norma exige, adem\u00e1s, un desglose de &#8220;los medios de comunicaci\u00f3n empleados&#8221; para tal fin, el importe destinado a cada uno de ellos y &#8220;el coste de los diferentes conceptos&#8221;.<\/p>\n<p>De acuerdo con esta informaci\u00f3n oficial, el Consell de <strong>Ximo Puig<\/strong> gast\u00f3 un total de <strong>19,2 millones de euros en publicidad institucional a lo largo de 2022<\/strong>. Son 4,7 millones m\u00e1s que en 2021, cuando invirti\u00f3 14 millones y medio (si bien esta comparativa no incluy\u00f3 a la Conselleria de Educaci\u00f3n, que no hizo p\u00fabicos los datos cuando correspond\u00eda).\u00a0<\/p>\n<p>Se da la circunstancia de que el a\u00f1o pasado fue preelectoral, aunque habr\u00e1 que esperar a que Presidencia cuelgue la informaci\u00f3n relativa a 2023 para comprobar cu\u00e1nto se destin\u00f3 durante los meses previos a los comicios auton\u00f3micos y municipales.\u00a0<\/p>\n<p>El dinero total repartido por las <strong>Consellerias<\/strong> en 2022 fue de 8,4 millones, de los cuales m\u00e1s de la mitad (4,8 millones) correspondieron a <strong>Presidencia<\/strong>. Muy por detr\u00e1s de este departamento, la que m\u00e1s invirti\u00f3 fue la <strong>Conselleria de Sanidad<\/strong> (1,5 millones), mientras que el resto ya se encuentran a mayor distancia: <strong>Vicepresidencia primera y Conselleria de Igualdad<\/strong> 461.548 euros; <strong>Vicepresidencia segunda y Conselleria de Vivienda<\/strong> 88.974 euros; <strong>Conselleria de Justicia<\/strong> 398.810 euros; <strong>Conselleria de Transparencia<\/strong> 263.287 euros; <strong>Conselleria de Hacienda<\/strong> 241.885 euros; <strong>Conselleria de Innovaci\u00f3n<\/strong> 196.401 euros; <strong>Conselleria de Pol\u00edtica Territorial<\/strong> 120.423 euros; <strong>Conselleria de Econom\u00eda<\/strong> 116.858 euros; y <strong>Conselleria de Agricultura<\/strong> 59.048 euros.\u00a0<\/p>\n<p>En cuanto al tipo de medio, prensa digital y prensa escrita pr\u00e1cticamente de equiparan. La primera recibi\u00f3 2,2 millones de euros y la segunda 2,4 millones. A radio se dedicaron 1,7 millones; a televisi\u00f3n y cine 910.404 euros; a publicidad exterior 581.171 euros; y a redes sociales 291.874 euros. \u00a0<\/p>\n<p>Si se suma al <strong>sector p\u00fabico instrumental<\/strong>, \u00e9ste destin\u00f3 en su conjunto un total de 10,8 millones de euros a publicidad institucional. Una parte muy importante corresponde a <strong>Turisme Comunitat Valenciana<\/strong>, que se ubicaba en Presidencia y reparti\u00f3 casi 7 millones de euros.\u00a0<\/p>\n<\/p>\n<p><span>En el desglose por grupos medi\u00e1ticos, el patr\u00f3n de reparto no ha variado demasiado respecto a a\u00f1os anteriores. La parte m\u00e1s suculenta del pastel fue para\u00a0<\/span><span><strong>Prensa Ib\u00e9rica<\/strong> (<em>Levante-EMV<\/em>,<em>\u00a0Informaci\u00f3n<\/em> y <em>Mediterr\u00e1neo<\/em>) con 2,44 millones de euros y un 12,7% del total repartido por las consellerias y el sector p\u00fablico instrumental. En 2021 recibi\u00f3 2,37 millones. El segundo lugar de la clasificaci\u00f3n lo ocupa el <strong>Grupo Prisa<\/strong> (<em>Cadena Ser\u00a0<\/em>y<em>\u00a0<\/em><em>El Pa\u00eds<\/em>) con 1,79 millones que suponen el 9,3% del montante invertido por la Generalitat.\u00a0<\/span><\/p>\n<p><span>Les sigue <strong>Grupo<\/strong><span>\u00a0<\/span><strong>Planeta\/Atresmedia\u00a0<\/strong>(<em>La Raz\u00f3n, Onda Cero y Antena 3<\/em><span>)<\/span> con 1,67 millones (en 2021 fueron 1,1 millones) y el 8,7% del total. A continuaci\u00f3n aparecen <strong>Vocento\u00a0<\/strong><em>(Las Provincias y Abc),\u00a0<\/em>que se mantiene en 1,05 millones respecto al a\u00f1o anterior (5,5%) y <strong>Grupo Cope<\/strong> , que sube un poco hasta los 935.724 euros que representan el 4,9% del montante repartido.\u00a0<\/span><\/p>\n<p><span><strong>\u00c0 Punt<\/strong> recibi\u00f3 707.604 euros (3,7%), mientras que <strong>Grupo God\u00f3<\/strong> (<em>La Vanguardia<\/em>) y <strong>Unidad Editorial<\/strong> (<em>El Mundo<\/em>) recibieron 390.995 y 350.355 euros de inversi\u00f3n, respectivamente.<\/span><\/p>\n<p><span>Por detr\u00e1s queda el <strong>Grupo Ediciones Plaza<\/strong> (<em>Valencia Plaza<\/em>, <em>Alicante Plaza<\/em>, <em>Castell\u00f3n Plaza<\/em> y la revista <em>Plaza<\/em>), en d\u00e9cimo lugar con 347.053 euros y un 1,8% del total invertido por la Generalitat Valenciana. En 2021 fueron 308.871 euros.\u00a0<\/span><\/p>\n<p>Por medios de comunicaci\u00f3n, los datos tambi\u00e9n son similares a los del a\u00f1o pasado en cuanto a los n\u00fameros, aunque la clasificaci\u00f3n, por orden, var\u00eda. El l\u00edder sigue siendo <strong><em>Levante-EMV<\/em><\/strong> con 1,12 millones de euros. Le siguen la <em><strong>Cadena Ser<\/strong><\/em> con 962.799 euros; <em><strong>Informaci\u00f3n<\/strong><\/em> con 809.527 euros; <em><strong>Las Provincias<\/strong><\/em> con 779.811 euros; <em><strong>Cadena Cope<\/strong><\/em> con 723.753 euros; y <em><strong>\u00c0 Punt<\/strong><\/em> con 707.604.\u00a0<\/p>\n<\/p>\n<p><em><strong>Onda Cero<\/strong><\/em> y <em><strong>Antena 3<\/strong><\/em> se sit\u00faan en octava y novena posici\u00f3n con 563.186 euros y 492.060 euros respectivamente; mientras que otra televisi\u00f3n nacional, <em><strong>Telecinco<\/strong><\/em>, recibi\u00f3 465.994 euros. Seguidamente, se encuentran <em><strong>El Pa\u00eds<\/strong><\/em> con 445.564 euros; y <em><strong>Mediterr\u00e1neo<\/strong><\/em> con 440.785, que baja posiciones respecto a 2022 (cuando obtuvo 414.397 euros).\u00a0<\/p>\n<p>La Generalitat destin\u00f3 a <em><strong>La Vanguardia<\/strong><\/em> 379.743 euros; a <em><strong>La 8 Mediterr\u00e1neo<\/strong><\/em> 335.792 euros; a <strong><em>El Mundo<\/em><\/strong> 294.161 euros; a <em><strong>Los 40 Principales<\/strong><\/em> 243.247 euros; a <em><strong>El Peri\u00f3dico de Aqu\u00ed<\/strong><\/em> 241.471 euros y a <em><strong>Eldiario.es<\/strong><\/em> 219.088 euros. Ya por debajo de los 200.000 euros y en la posici\u00f3n n\u00famero 18 se encuentra <em><strong>Valencia Plaza<\/strong><\/em>, que recibi\u00f3 195.087 euros.\u00a0<\/p>\n<\/p><\/div>\n<\/p><\/div>\n<p><span class=\"gmail_default\" style=\"font-family:\"trebuchet ms\",sans-serif;color:rgb(7,55,99)\">v\u00eda\u00a0<\/span>Alicante Plaza <a href=\"https:\/\/urldefense.com\/v3\/__https:\/\/ift.tt\/1ckUZjx__;!!D9dNQwwGXtA!RVcKBAI-HnilBo7k7fgPEhtnOWtVTzY1fXf9b6cH1YTQUljD_eHsWEwFIsBSp0QBjXR1f_rziDmsD6kn$\" target=\"_blank\" rel=\"noopener\">https:\/\/ift.tt\/1ckUZjx<\/a><\/p>\n<p> December 30, 2023 at 06:05AM <\/p><\/div>\n<\/div>\n<div class=\"postie-attachments\"><a href=\"https:\/\/empresaperiodistica.umh.es\/?attachment_id=262\"><img loading=\"lazy\" src=\"https:\/\/empresaperiodistica.umh.es\/files\/2023\/12\/17038744366323260ximo-puig-corts-ep_noticiaampliada-300x220.jpg\" alt=\"\" width=\"300px\" height=\"220px\" class=\"alignnone size-medium wp-image-262\" srcset=\"https:\/\/empresaperiodistica.umh.es\/files\/2023\/12\/17038744366323260ximo-puig-corts-ep_noticiaampliada-300x220.jpg 300w, https:\/\/empresaperiodistica.umh.es\/files\/2023\/12\/17038744366323260ximo-puig-corts-ep_noticiaampliada.jpg 768w\" sizes=\"(max-width: 300px) 100vw, 300px\" \/><\/a><\/div>\n<\/div>\n","protected":false},"excerpt":{"rendered":"<p>Prensa Ib\u00e9rica, Prisa, Planeta y Vocento copan otra vez la publicidad institucional del Consell en 2022\u00a0<br \/>\n https:\/\/ift.tt\/GV62B4N<\/p>\n<p>VAL\u00c8NCIA. Como si se tratara de una tradici\u00f3n ya asentada antes de que finalice el a\u00f1o, la Generalitat hizo p\u00fablico este viernes en el portal GVA Oberta el informe sobre el gasto en publicidad institucional correspondiente a 2022. Esta [&#8230;]<\/p>\n","protected":false},"author":1,"featured_media":0,"comment_status":"closed","ping_status":"open","sticky":false,"template":"","format":"standard","meta":{"_links_to":"","_links_to_target":""},"categories":[585],"tags":[1393217],"_links":{"self":[{"href":"https:\/\/empresaperiodistica.umh.es\/ca\/wp-json\/wp\/v2\/posts\/260"}],"collection":[{"href":"https:\/\/empresaperiodistica.umh.es\/ca\/wp-json\/wp\/v2\/posts"}],"about":[{"href":"https:\/\/empresaperiodistica.umh.es\/ca\/wp-json\/wp\/v2\/types\/post"}],"author":[{"embeddable":true,"href":"https:\/\/empresaperiodistica.umh.es\/ca\/wp-json\/wp\/v2\/users\/1"}],"replies":[{"embeddable":true,"href":"https:\/\/empresaperiodistica.umh.es\/ca\/wp-json\/wp\/v2\/comments?post=260"}],"version-history":[{"count":0,"href":"https:\/\/empresaperiodistica.umh.es\/ca\/wp-json\/wp\/v2\/posts\/260\/revisions"}],"wp:attachment":[{"href":"https:\/\/empresaperiodistica.umh.es\/ca\/wp-json\/wp\/v2\/media?parent=260"}],"wp:term":[{"taxonomy":"category","embeddable":true,"href":"https:\/\/empresaperiodistica.umh.es\/ca\/wp-json\/wp\/v2\/categories?post=260"},{"taxonomy":"post_tag","embeddable":true,"href":"https:\/\/empresaperiodistica.umh.es\/ca\/wp-json\/wp\/v2\/tags?post=260"}],"curies":[{"name":"wp","href":"https:\/\/api.w.org\/{rel}","templated":true}]}}