{"id":267,"date":"2023-12-30T10:47:37","date_gmt":"2023-12-30T09:47:37","guid":{"rendered":"https:\/\/empresaperiodistica.umh.es\/?p=267"},"modified":"2023-12-30T10:49:58","modified_gmt":"2023-12-30T09:49:58","slug":"oughourlian-vuelve-a-invertir-en-prisa-tras-la-ampliacion-de-capital","status":"publish","type":"post","link":"https:\/\/empresaperiodistica.umh.es\/ca\/2023\/12\/30\/oughourlian-vuelve-a-invertir-en-prisa-tras-la-ampliacion-de-capital\/","title":{"rendered":"Oughourlian vuelve a invertir en Prisa tras la ampliaci\u00f3n de capital"},"content":{"rendered":"<div class=\"postie-post\">\n<div dir=\"ltr\">\n<div class=\"gmail_default\" style=\"font-family:trebuchet ms,sans-serif;color:#073763\"><span style=\"font-family:Arial,Helvetica,sans-serif;color:rgb(34,34,34)\">El presidente de Prisa contin\u00faa su af\u00e1n por mantenerse como la fuerza mayoritaria de la compa\u00f1\u00eda. La ampliaci\u00f3n de capitales a la que se vieron abocados para abordar la delicada situaci\u00f3n econ\u00f3mica de la compa\u00f1\u00eda, hab\u00eda dejado a Amber Capital y a Oughourlian, como su presidente con menos poder de lo que ten\u00eda en la pasada primavera. El empresario hab\u00eda pasado de ostentar el 29,84% de las acciones, a reducir su porcentaje hasta un 29,58%.<\/span><\/div>\n<div class=\"gmail_quote\">\n<p>Un porcentaje poco destacado pero que, sumado al inter\u00e9s que Vivendi ha mostrado en los \u00faltimos meses por ampliar su participaci\u00f3n en Prisa, pon\u00eda nervioso a Oughourlian. Recordemos que la compa\u00f1\u00eda francesa no a dado m\u00e1s pasos en el accionariado de Prisa porque las leyes permiten al Gobierno bloquear las grandes compras de acciones de las compa\u00f1\u00edas de nuestro pa\u00eds.<\/p>\n<p>No obstante, en este mes de diciembre, Joseph Oughourlian ha dado un nuevo paso para avanzar en el accionariado de Prisa. Amber Capital, ha ampliado su presencia en el n\u00facleo de poder de la compa\u00f1\u00eda hasta hacerse con el 29,72% de sus acciones. Con una inversi\u00f3n de m\u00e1s de 1,6 millones de euros, ha comprado m\u00e1s de 5,6 millones de acciones que dejan a Amber a menos de un 0,3% de entrar en cifras de OPA.<\/p>\n<p>Reorganizaci\u00f3n interna<\/p>\n<p>Hace varias semanas Oughourlilan daba los primeros pasos para ratificarse como m\u00e1ximo accionista de Prisa. Un nuevo paso que no supon\u00eda una modificaci\u00f3n del n\u00famero total de acciones pero que alteraba los porcentajes en el reparto de la compa\u00f1\u00eda por parte de sus principales accionistas.<\/p>\n<p>Tras Amber Capital, Oviedo Holdings sigue siendo el segundo mayor accionista de la compa\u00f1\u00eda, aunque ha ampliado su porcentaje hasta un 24,7%. Vivendi, el tercero, incrementando su poder hasta un 11,8%.<\/p>\n<p><\/p>\n<p>La entrada <a rel=\"nofollow noopener\" href=\"https:\/\/urldefense.com\/v3\/__https:\/\/prnoticias.com\/2023\/12\/28\/oughourlian-vuelve-a-invertir-en-prisa-tras-la-ampliacion-de-capital\/__;!!D9dNQwwGXtA!W4pFEDCaPn_ecy8CQZof5YMgcZgV_YRnXApNfs_aCqEaqecg-LnyiG4VUsgwFLKmVIyoncX8xOEicE0K$\" target=\"_blank\">Oughourlian vuelve a invertir en Prisa tras la ampliaci\u00f3n de capital<\/a> se public\u00f3 primero en <a rel=\"nofollow noopener\" href=\"https:\/\/urldefense.com\/v3\/__https:\/\/prnoticias.com__;!!D9dNQwwGXtA!W4pFEDCaPn_ecy8CQZof5YMgcZgV_YRnXApNfs_aCqEaqecg-LnyiG4VUsgwFLKmVIyoncX8xICp2BtM$\" target=\"_blank\">PR Noticias<\/a>.<\/p>\n<p> via PR Noticias <a href=\"https:\/\/urldefense.com\/v3\/__https:\/\/prnoticias.com\/__;!!D9dNQwwGXtA!W4pFEDCaPn_ecy8CQZof5YMgcZgV_YRnXApNfs_aCqEaqecg-LnyiG4VUsgwFLKmVIyoncX8xPu2tg3c$\" target=\"_blank\" rel=\"noopener\">https:\/\/prnoticias.com\/<\/a><\/p>\n<p> December 28, 2023 at 07:30AM <\/p><\/div>\n<\/div>\n<div class=\"postie-attachments\"><a href=\"https:\/\/empresaperiodistica.umh.es\/?attachment_id=269\"><img loading=\"lazy\" src=\"https:\/\/empresaperiodistica.umh.es\/files\/2023\/12\/prisa-300x169.jpg\" alt=\"\" width=\"300px\" height=\"169px\" class=\"alignnone size-medium wp-image-269\" srcset=\"https:\/\/empresaperiodistica.umh.es\/files\/2023\/12\/prisa-300x169.jpg 300w, https:\/\/empresaperiodistica.umh.es\/files\/2023\/12\/prisa-1024x576.jpg 1024w, https:\/\/empresaperiodistica.umh.es\/files\/2023\/12\/prisa-768x432.jpg 768w, https:\/\/empresaperiodistica.umh.es\/files\/2023\/12\/prisa-1536x864.jpg 1536w, https:\/\/empresaperiodistica.umh.es\/files\/2023\/12\/prisa-2048x1152.jpg 2048w\" sizes=\"(max-width: 300px) 100vw, 300px\" \/><\/a><\/div>\n<\/div>\n","protected":false},"excerpt":{"rendered":"<p>El presidente de Prisa contin\u00faa su af\u00e1n por mantenerse como la fuerza mayoritaria de la compa\u00f1\u00eda. La ampliaci\u00f3n de capitales a la que se vieron abocados para abordar la delicada situaci\u00f3n econ\u00f3mica de la compa\u00f1\u00eda, hab\u00eda dejado a Amber Capital y a Oughourlian, como su presidente con menos poder de lo que ten\u00eda en la [&#8230;]<\/p>\n","protected":false},"author":1,"featured_media":0,"comment_status":"closed","ping_status":"open","sticky":false,"template":"","format":"standard","meta":{"_links_to":"","_links_to_target":""},"categories":[3372,1393463],"tags":[1393217],"_links":{"self":[{"href":"https:\/\/empresaperiodistica.umh.es\/ca\/wp-json\/wp\/v2\/posts\/267"}],"collection":[{"href":"https:\/\/empresaperiodistica.umh.es\/ca\/wp-json\/wp\/v2\/posts"}],"about":[{"href":"https:\/\/empresaperiodistica.umh.es\/ca\/wp-json\/wp\/v2\/types\/post"}],"author":[{"embeddable":true,"href":"https:\/\/empresaperiodistica.umh.es\/ca\/wp-json\/wp\/v2\/users\/1"}],"replies":[{"embeddable":true,"href":"https:\/\/empresaperiodistica.umh.es\/ca\/wp-json\/wp\/v2\/comments?post=267"}],"version-history":[{"count":0,"href":"https:\/\/empresaperiodistica.umh.es\/ca\/wp-json\/wp\/v2\/posts\/267\/revisions"}],"wp:attachment":[{"href":"https:\/\/empresaperiodistica.umh.es\/ca\/wp-json\/wp\/v2\/media?parent=267"}],"wp:term":[{"taxonomy":"category","embeddable":true,"href":"https:\/\/empresaperiodistica.umh.es\/ca\/wp-json\/wp\/v2\/categories?post=267"},{"taxonomy":"post_tag","embeddable":true,"href":"https:\/\/empresaperiodistica.umh.es\/ca\/wp-json\/wp\/v2\/tags?post=267"}],"curies":[{"name":"wp","href":"https:\/\/api.w.org\/{rel}","templated":true}]}}