{"id":349,"date":"2024-03-21T20:24:05","date_gmt":"2024-03-21T19:24:05","guid":{"rendered":"https:\/\/empresaperiodistica.umh.es\/?p=349"},"modified":"2024-03-21T20:38:01","modified_gmt":"2024-03-21T19:38:01","slug":"los-formatos-digitales-representaron-el-78-del-mercado-de-la-musica-grabada-en-2023","status":"publish","type":"post","link":"https:\/\/empresaperiodistica.umh.es\/ca\/2024\/03\/21\/los-formatos-digitales-representaron-el-78-del-mercado-de-la-musica-grabada-en-2023\/","title":{"rendered":"Los formatos digitales representaron el 78% del mercado de la m\u00fasica grabada en 2023"},"content":{"rendered":"<div class=\"postie-post\">\n<div dir=\"ltr\">\n<div class=\"gmail_default\" style=\"font-family:trebuchet ms,sans-serif;color:#073763\"><\/div>\n<div class=\"gmail_quote\">\n<div>\n<div>\n<div>\n<div>\n<div>\n<p>El a\u00f1o pasado el mercado de la m\u00fasica grabada ascendi\u00f3 en Espa\u00f1a a 520 millones de euros, con un crecimiento del 12,3% respecto a los 462,9 millones de 2022, seg\u00fan los datos de la asociaci\u00f3n de discogr\u00e1ficas Promusicae.<\/p>\n<p>Con esta cifra, el mercado si sit\u00faa en los niveles de 2005, cuando las ventas de los formatos se desplomaban como consecuencia de la digitalizaci\u00f3n de los h\u00e1bitos de consumo; desplome que continu\u00f3 hasta tocar fondo en 2013, cuando se alcanzaron los 159,7 millones. Para entonces, las discogr\u00e1ficas ya hab\u00edan comenzado a reaccionar y a comercializar m\u00fasica en formatos digitales.<\/p>\n<p>Desde aquel a\u00f1o, el mercado no ha dejado de crecer hasta llegar a los 520 millones citados. De esa cifra, el 77,6% (403,5 millones) correspondieron a formatos digitales; el 11,9% (62,1 millones), a formatos f\u00edsicos, el 9,6% restante (50 millones), a derechos de propiedad intelectual y una cifra menor (4,3 millones), a sincronizaci\u00f3n.<\/p>\n<p>Debe se\u00f1alarse que desde hace unos a\u00f1os, las ventas de formatos digitales han sido las impulsoras del crecimiento del mercado y, as\u00ed, en 2023 aumentaron el 16,5%, bastante por encima del 12,3% del conjunto del mercado.<\/p>\n<p>Dentro de los formatos digitales destacan: el streaming de audio (+17,3% hasta 329,9 millones), el streaming de v\u00eddeo (+14,8% hasta 68,7 millones), mientras que las descargas y los productos para m\u00f3vil solo representan cantidades peque\u00f1as -en torno a 2 millones- \u00a0y se encuentran en retroceso.<\/p>\n<\/p><\/div>\n<\/p><\/div>\n<\/div>\n<\/div>\n<\/div>\n<p> via DigiMedios <a href=\"https:\/\/urldefense.com\/v3\/__https:\/\/digimedios.es__;!!D9dNQwwGXtA!SACvh5LPVvqIF6eo6lG044VfT4G7VZ3FgVbgGems_XCEV9_X2D0mbjLnUEGduZB5GYIqEBrQ3jqYAnTx$\" target=\"_blank\" rel=\"noopener\">https:\/\/digimedios.es<\/a><\/p>\n<p><\/div>\n<\/div>\n<div class=\"postie-attachments\"><a href=\"https:\/\/empresaperiodistica.umh.es\/?attachment_id=352\"><img loading=\"lazy\" src=\"https:\/\/empresaperiodistica.umh.es\/files\/2024\/03\/audio.jpeg\" alt=\"\" width=\"221px\" height=\"228px\" class=\"alignnone size-medium wp-image-352\" \/><\/a><\/div>\n<\/div>\n","protected":false},"excerpt":{"rendered":"<p>El a\u00f1o pasado el mercado de la m\u00fasica grabada ascendi\u00f3 en Espa\u00f1a a 520 millones de euros, con un crecimiento del 12,3% respecto a los 462,9 millones de 2022, seg\u00fan los datos de la asociaci\u00f3n de discogr\u00e1ficas Promusicae.<br \/>\nCon esta cifra, el mercado si sit\u00faa en los niveles de 2005, cuando las ventas de los formatos [&#8230;]<\/p>\n","protected":false},"author":1,"featured_media":0,"comment_status":"closed","ping_status":"open","sticky":false,"template":"","format":"standard","meta":{"_links_to":"","_links_to_target":""},"categories":[585,50986],"tags":[1393217],"_links":{"self":[{"href":"https:\/\/empresaperiodistica.umh.es\/ca\/wp-json\/wp\/v2\/posts\/349"}],"collection":[{"href":"https:\/\/empresaperiodistica.umh.es\/ca\/wp-json\/wp\/v2\/posts"}],"about":[{"href":"https:\/\/empresaperiodistica.umh.es\/ca\/wp-json\/wp\/v2\/types\/post"}],"author":[{"embeddable":true,"href":"https:\/\/empresaperiodistica.umh.es\/ca\/wp-json\/wp\/v2\/users\/1"}],"replies":[{"embeddable":true,"href":"https:\/\/empresaperiodistica.umh.es\/ca\/wp-json\/wp\/v2\/comments?post=349"}],"version-history":[{"count":0,"href":"https:\/\/empresaperiodistica.umh.es\/ca\/wp-json\/wp\/v2\/posts\/349\/revisions"}],"wp:attachment":[{"href":"https:\/\/empresaperiodistica.umh.es\/ca\/wp-json\/wp\/v2\/media?parent=349"}],"wp:term":[{"taxonomy":"category","embeddable":true,"href":"https:\/\/empresaperiodistica.umh.es\/ca\/wp-json\/wp\/v2\/categories?post=349"},{"taxonomy":"post_tag","embeddable":true,"href":"https:\/\/empresaperiodistica.umh.es\/ca\/wp-json\/wp\/v2\/tags?post=349"}],"curies":[{"name":"wp","href":"https:\/\/api.w.org\/{rel}","templated":true}]}}