{"id":361,"date":"2024-03-21T20:28:11","date_gmt":"2024-03-21T19:28:11","guid":{"rendered":"https:\/\/empresaperiodistica.umh.es\/?p=361"},"modified":"2024-03-21T20:38:36","modified_gmt":"2024-03-21T19:38:36","slug":"henneo-alcanza-los-4-000-empleados-tras-crecer-un-186-en-2023","status":"publish","type":"post","link":"https:\/\/empresaperiodistica.umh.es\/ca\/2024\/03\/21\/henneo-alcanza-los-4-000-empleados-tras-crecer-un-186-en-2023\/","title":{"rendered":"Henneo alcanza los 4.000 empleados tras crecer un 18,6% en 2023"},"content":{"rendered":"<div class=\"postie-post\">\n<div dir=\"ltr\">\n<div class=\"gmail_default\" style=\"font-family:trebuchet ms,sans-serif;color:#073763\"><\/div>\n<div class=\"gmail_quote\">\n<p>El grupo de comunicaci\u00f3n y tecnolog\u00eda Henneo cerr\u00f3 el a\u00f1o 2023 con un crecimiento notable en su cifra de negocio, alcanzando un aumento del 18,6%, lo que le permiti\u00f3 llegar a los 4.000 empleados. Este incremento super\u00f3 las expectativas previstas en su Plan Estrat\u00e9gico 2022-2024 y se tradujo en ingresos de 242,9 millones de euros, frente a los 204,4 millones del a\u00f1o anterior. <strong>Este resultado tambi\u00e9n se vio reflejado en una mejora del 25% en su EBITDA, llegando a los 18 millones.<\/strong><\/p>\n<p>Este crecimiento se atribuye a una estrategia de diversificaci\u00f3n que Henneo ha seguido durante los \u00faltimos 25 a\u00f1os, lo que incluye la adquisici\u00f3n de medios como 20minutos, Cineman\u00eda y Lainformaci\u00f3n, <strong>as\u00ed como el desarrollo de m\u00e1s de 3.500 horas de producci\u00f3n audiovisual y la creaci\u00f3n de la tecnol\u00f3gica hiberus.<\/strong><\/p>\n<p>La compa\u00f1\u00eda ha visto un impulso particular en el \u00e1rea tecnol\u00f3gica, con Hiberus incrementando sus ingresos cerca de un 50%, marcando su expansi\u00f3n internacional en pa\u00edses como M\u00e9xico, Ecuador, Argentina y Colombia.<\/p>\n<p>El 2023 tambi\u00e9n marc\u00f3 un hito para Henneo en el \u00e1mbito de la inteligencia artificial, con la iniciativa IA 360 apoyada por la Google News Initiative, destinada a mejorar la generaci\u00f3n de contenido de calidad y combatir las noticias falsas.<\/p>\n<p>Adem\u00e1s, Henneo se ha sumado a la iniciativa TEMS (Trusted European Media data Space) como el principal representante del sector europeo de los editores de prensa, buscando crear un espacio de datos seguro para el sector medi\u00e1tico en Europa.<\/p>\n<p> via Laboratorio de Periodismo Luca de Tena <a href=\"https:\/\/urldefense.com\/v3\/__https:\/\/ift.tt\/ZTnPiYo__;!!D9dNQwwGXtA!QDfU_GvuPpBpvu-g43067NEvmXE1Zef24pVYYySLPOeqc8VXguafhXwy4wK6Y8oZwme-QxkdPM8NymIu$\" target=\"_blank\" rel=\"noopener\">https:\/\/ift.tt\/ZTnPiYo<\/a><\/p>\n<p><\/div>\n<\/div>\n<div class=\"postie-attachments\"><a href=\"https:\/\/empresaperiodistica.umh.es\/?attachment_id=364\"><img loading=\"lazy\" src=\"https:\/\/empresaperiodistica.umh.es\/files\/2024\/03\/grupo-henneo-300x169.jpeg\" alt=\"\" width=\"300px\" height=\"169px\" class=\"alignnone size-medium wp-image-364\" srcset=\"https:\/\/empresaperiodistica.umh.es\/files\/2024\/03\/grupo-henneo-300x169.jpeg 300w, https:\/\/empresaperiodistica.umh.es\/files\/2024\/03\/grupo-henneo-1024x576.jpeg 1024w, https:\/\/empresaperiodistica.umh.es\/files\/2024\/03\/grupo-henneo-768x432.jpeg 768w, https:\/\/empresaperiodistica.umh.es\/files\/2024\/03\/grupo-henneo-1536x864.jpeg 1536w, https:\/\/empresaperiodistica.umh.es\/files\/2024\/03\/grupo-henneo.jpeg 1900w\" sizes=\"(max-width: 300px) 100vw, 300px\" \/><\/a><\/div>\n<\/div>\n","protected":false},"excerpt":{"rendered":"<p>El grupo de comunicaci\u00f3n y tecnolog\u00eda Henneo cerr\u00f3 el a\u00f1o 2023 con un crecimiento notable en su cifra de negocio, alcanzando un aumento del 18,6%, lo que le permiti\u00f3 llegar a los 4.000 empleados. Este incremento super\u00f3 las expectativas previstas en su Plan Estrat\u00e9gico 2022-2024 y se tradujo en ingresos de 242,9 millones de euros, [&#8230;]<\/p>\n","protected":false},"author":1,"featured_media":0,"comment_status":"closed","ping_status":"open","sticky":false,"template":"","format":"standard","meta":{"_links_to":"","_links_to_target":""},"categories":[1393805,1393463],"tags":[1393217],"_links":{"self":[{"href":"https:\/\/empresaperiodistica.umh.es\/ca\/wp-json\/wp\/v2\/posts\/361"}],"collection":[{"href":"https:\/\/empresaperiodistica.umh.es\/ca\/wp-json\/wp\/v2\/posts"}],"about":[{"href":"https:\/\/empresaperiodistica.umh.es\/ca\/wp-json\/wp\/v2\/types\/post"}],"author":[{"embeddable":true,"href":"https:\/\/empresaperiodistica.umh.es\/ca\/wp-json\/wp\/v2\/users\/1"}],"replies":[{"embeddable":true,"href":"https:\/\/empresaperiodistica.umh.es\/ca\/wp-json\/wp\/v2\/comments?post=361"}],"version-history":[{"count":0,"href":"https:\/\/empresaperiodistica.umh.es\/ca\/wp-json\/wp\/v2\/posts\/361\/revisions"}],"wp:attachment":[{"href":"https:\/\/empresaperiodistica.umh.es\/ca\/wp-json\/wp\/v2\/media?parent=361"}],"wp:term":[{"taxonomy":"category","embeddable":true,"href":"https:\/\/empresaperiodistica.umh.es\/ca\/wp-json\/wp\/v2\/categories?post=361"},{"taxonomy":"post_tag","embeddable":true,"href":"https:\/\/empresaperiodistica.umh.es\/ca\/wp-json\/wp\/v2\/tags?post=361"}],"curies":[{"name":"wp","href":"https:\/\/api.w.org\/{rel}","templated":true}]}}