{"id":378,"date":"2024-04-30T11:50:18","date_gmt":"2024-04-30T09:50:18","guid":{"rendered":"https:\/\/empresaperiodistica.umh.es\/?p=378"},"modified":"2024-05-03T15:04:33","modified_gmt":"2024-05-03T13:04:33","slug":"egm-alsina-marca-su-mejor-dato-historico-en-una-ola-dulce-para-onda-cero","status":"publish","type":"post","link":"https:\/\/empresaperiodistica.umh.es\/ca\/2024\/04\/30\/egm-alsina-marca-su-mejor-dato-historico-en-una-ola-dulce-para-onda-cero\/","title":{"rendered":"EGM: Alsina marca su mejor dato hist\u00f3rico en una ola dulce para Onda Cero"},"content":{"rendered":"<div class=\"postie-post\">\n<div dir=\"ltr\">\n<div class=\"gmail_default\" style=\"font-family:trebuchet ms,sans-serif;color:#073763\"><\/div>\n<div class=\"gmail_quote\"> <img loading=\"lazy\" src=\"https:\/\/dircomfidencial.com\/wp-content\/uploads\/2024\/04\/Carlos-Alsina.png\" width=\"650\" alt=\"Carlos Alsina\" height=\"365\" style=\"max-width:100%\"><\/p>\n<p>La primera ola del Estudio General de Medios (EGM) del a\u00f1o certifica <strong>un notable crecimiento de Onda Cero y de sus principales programas<\/strong>, siendo la \u00fanica cadena generalista del podio que lo logra, <strong>sumando 72.000 oyentes<\/strong>. La radio l\u00edder, <strong>La SER, pierde 317.000 oyentes hasta obtener 4,3 millones<\/strong>, mientras que<strong> COPE registra 3,4 millones, tras descolgarse 235.000<\/strong>.<\/p>\n<p>La principal emisora radiof\u00f3nica de Atresmedia tambi\u00e9n es la \u00fanica de las tres opciones m\u00e1s escuchadas que suma oyentes en su franja m\u00e1s importante -el <em>prime time-, <\/em>las ma\u00f1anas informativas de lunes a viernes.<\/p>\n<p><strong>El programa de Carlos Alsina, <em>M\u00e1s de Uno<\/em>, ha logrado conectar con 1,55 millones <\/strong>(un 6% m\u00e1s que en la anterior ola). <strong><em>Hoy por hoy<\/em>, con \u00c0ngels Barcel\u00f3<\/strong> sufre <strong>una significativa ca\u00edda, del 8,5%,<\/strong>\u00a0hasta poner entre las cuerdas los 3 millones de oyentes y <strong><em>Herrera en COPE<\/em>, lo hace un 5,4% hasta obtener 2,6 millones<\/strong>.<\/p>\n<p><img loading=\"lazy\" src=\"https:\/\/dircomfidencial.com\/wp-content\/uploads\/2024\/04\/resultados-del-egm.png\" width=\"659\" height=\"653\" style=\"max-width:100%\"><\/p>\n<p>El programa de Alsina no es el \u00fanico que mejora sus resultados en Onda Cero. Tambi\u00e9n ha contribuido a incorporar oyentes <strong>Julia Otero y Rafa Latorre<\/strong>, adem\u00e1s, de manera extraordinaria. La conductora de <em><strong>Julia en la Onda<\/strong>, <\/em>que recientemente ha anunciado que a partir de la pr\u00f3xima temporada se muda a las ma\u00f1anas del fin de semana<em>, <\/em><strong>ha mejorado su audiencia un 20% hasta lograr 586.000 oyentes<\/strong>. Crece, incluso en mayor medida,<strong><em> La Br\u00fajula<\/em> un 31% hasta fidelizar a 554.000 oyentes<\/strong>. Por el contrario, el \u00fanico de los principales espacios que<strong> pierde oyentes<\/strong> en esta cadena es<strong><em> Noticias Mediod\u00eda<\/em><\/strong> que con <strong>un 24% menos acoge 136.000<\/strong>.<\/p>\n<blockquote>\n<p>La SER, la l\u00edder hist\u00f3rica de la radio, es la \u00fanica que pierde oyentes en todos sus principales programas de lunes a viernes.<\/p>\n<\/blockquote>\n<p>Esta primera ola del EGM supone un fuerte varapalo para<strong> La SER, la l\u00edder hist\u00f3rica de la radio generalista, que pierde oyentes en sus principales franjas<\/strong>. Adem\u00e1s de Barcel\u00f3, <strong>pierde adeptos Carles Francino y Aimar Bretos<\/strong> -ambos pr\u00e1cticamente coinciden tanto en el porcentaje de ca\u00edda, con un 5%, como en el dato de audiencia, en torno al mill\u00f3n-, pero sobre todo <strong>Javier Casal<\/strong>. El presentador de<em> Hora 14<\/em> que <a rel=\"noopener\" href=\"https:\/\/urldefense.com\/v3\/__https:\/\/dircomfidencial.com\/medios\/cambios-en-la-ser-jose-antonio-marcos-se-despide-tras-40-anos-y-le-sustituye-javier-casal-al-frente-de-hora-14-20220713-1154\/__;!!D9dNQwwGXtA!UDjwcQpyh_8Zgv2gwxbs7xWAyckH-26rGzn8qdOGPinLIiT9QjvyXtM28SlmnO6ipEOWgovwXJFFPm80$\" target=\"_blank\">reemplaz\u00f3 a Jos\u00e9 Antonio Marcos hace un a\u00f1o y medio<\/a> registra su peor dato hist\u00f3rico con 341.000 oyentes.<\/p>\n<p>En COPE, la segunda radio generalista m\u00e1s escuchada, <strong>las noches con \u00c1ngel Exp\u00f3sito crecen levemente sus oyentes hasta rebasar el mill\u00f3n<\/strong>, las tardes con Pilar Cisneros y Fernado de Haro cae un 30% hasta congregar a 345 oyentes y las citas deportivas nocturnas con Juanma Casta\u00f1o pierde un 8% hasta registrar 735.000.<\/p>\n<h2><strong>Radio Nacional sigue por debajo del mill\u00f3n<\/strong><\/h2>\n<p>La cuarta opci\u00f3n generalista, <strong>Radio Nacional de Espa\u00f1a, sigue sin superar la barrera del mill\u00f3n de oyentes<\/strong> y vuelve a anotar<strong> uno de los peores datos de su historia, a pesar de crecer un 3%, hasta alcanzar los 955 oyentes<\/strong>. Sus dos principales programas informativos, <em>Las ma\u00f1anas de RNE<\/em> con \u00cd\u00f1igo Alfonso y <em>24 Horas<\/em> con Josep Cun\u00ed\u00a0 sufren ca\u00eddas a doble d\u00edgito, y re\u00fane a 665.000 oyentes y 268.000 oyentes, respectivamente.<\/p>\n<p> via Dircomfidencial <a href=\"https:\/\/urldefense.com\/v3\/__https:\/\/ift.tt\/qbMZSxR__;!!D9dNQwwGXtA!UDjwcQpyh_8Zgv2gwxbs7xWAyckH-26rGzn8qdOGPinLIiT9QjvyXtM28SlmnO6ipEOWgovwXKgNu7DB$\" target=\"_blank\" rel=\"noopener\">https:\/\/ift.tt\/qbMZSxR<\/a><\/p>\n<\/div>\n<\/div>\n<div class=\"postie-attachments\"><a href=\"https:\/\/empresaperiodistica.umh.es\/?attachment_id=381\"><img loading=\"lazy\" src=\"https:\/\/empresaperiodistica.umh.es\/files\/2024\/04\/carlos-alsina-300x168.png\" alt=\"\" width=\"300px\" height=\"168px\" class=\"alignnone size-medium wp-image-381\" srcset=\"https:\/\/empresaperiodistica.umh.es\/files\/2024\/04\/carlos-alsina-300x168.png 300w, https:\/\/empresaperiodistica.umh.es\/files\/2024\/04\/carlos-alsina.png 650w\" sizes=\"(max-width: 300px) 100vw, 300px\" \/><\/a><\/div>\n<\/div>\n","protected":false},"excerpt":{"rendered":"<p>La primera ola del Estudio General de Medios (EGM) del a\u00f1o certifica un notable crecimiento de Onda Cero y de sus principales programas, siendo la \u00fanica cadena generalista del podio que lo logra, sumando 72.000 oyentes. La radio l\u00edder, La SER, pierde 317.000 oyentes hasta obtener 4,3 millones, mientras que COPE registra 3,4 millones, [&#8230;]<\/p>\n","protected":false},"author":1,"featured_media":0,"comment_status":"closed","ping_status":"open","sticky":false,"template":"","format":"standard","meta":{"_links_to":"","_links_to_target":""},"categories":[41626,50986],"tags":[1393217],"_links":{"self":[{"href":"https:\/\/empresaperiodistica.umh.es\/ca\/wp-json\/wp\/v2\/posts\/378"}],"collection":[{"href":"https:\/\/empresaperiodistica.umh.es\/ca\/wp-json\/wp\/v2\/posts"}],"about":[{"href":"https:\/\/empresaperiodistica.umh.es\/ca\/wp-json\/wp\/v2\/types\/post"}],"author":[{"embeddable":true,"href":"https:\/\/empresaperiodistica.umh.es\/ca\/wp-json\/wp\/v2\/users\/1"}],"replies":[{"embeddable":true,"href":"https:\/\/empresaperiodistica.umh.es\/ca\/wp-json\/wp\/v2\/comments?post=378"}],"version-history":[{"count":0,"href":"https:\/\/empresaperiodistica.umh.es\/ca\/wp-json\/wp\/v2\/posts\/378\/revisions"}],"wp:attachment":[{"href":"https:\/\/empresaperiodistica.umh.es\/ca\/wp-json\/wp\/v2\/media?parent=378"}],"wp:term":[{"taxonomy":"category","embeddable":true,"href":"https:\/\/empresaperiodistica.umh.es\/ca\/wp-json\/wp\/v2\/categories?post=378"},{"taxonomy":"post_tag","embeddable":true,"href":"https:\/\/empresaperiodistica.umh.es\/ca\/wp-json\/wp\/v2\/tags?post=378"}],"curies":[{"name":"wp","href":"https:\/\/api.w.org\/{rel}","templated":true}]}}