{"id":390,"date":"2024-05-06T07:36:52","date_gmt":"2024-05-06T05:36:52","guid":{"rendered":"https:\/\/empresaperiodistica.umh.es\/?p=390"},"modified":"2024-05-08T09:57:20","modified_gmt":"2024-05-08T07:57:20","slug":"la-aimc-aspira-a-medir-audiencias-de-podcasts-y-radio-a-la-carta-con-datos-censales","status":"publish","type":"post","link":"https:\/\/empresaperiodistica.umh.es\/ca\/2024\/05\/06\/la-aimc-aspira-a-medir-audiencias-de-podcasts-y-radio-a-la-carta-con-datos-censales\/","title":{"rendered":"La AIMC aspira a medir audiencias de podcasts y radio a la carta con datos censales"},"content":{"rendered":"<div class=\"postie-post\">\n<div dir=\"ltr\">\n<div class=\"gmail_default\" style=\"font-family:trebuchet ms,sans-serif;color:#073763\"><\/div>\n<div class=\"gmail_quote\"> <img loading=\"lazy\" src=\"https:\/\/dircomfidencial.com\/wp-content\/uploads\/2024\/04\/Miguel-Angel-Fontan-1.png\" width=\"650\" alt=\"Miguel \u00c1ngel Font\u00e1n\" height=\"365\" style=\"max-width:100%\"><\/p>\n<p>La Asociaci\u00f3n para la Investigaci\u00f3n de Medios de Comunicaci\u00f3n (AIMC) est\u00e1 estudiando <strong>nuevos planes de medici\u00f3n de audiencias<\/strong>.<\/p>\n<p>Los autores del Estudio General de Medios quieren ampliar m\u00e9tricas y su nivel de precisi\u00f3n para ofrecer a la industria del audio aproximaciones m\u00e1s n\u00edtidas que las actuales. En ese reto jugar\u00e1n un papel esencial<strong> los datos censales, basados en un registro objetivo de consumo de audio<\/strong>, m\u00e1s exactos \u2014y econ\u00f3micos\u2014 que los que se hallan a partir de encuestas telef\u00f3nicas.<\/p>\n<p>Seg\u00fan ha podido saber este medio, la organizaci\u00f3n dirigida por Miguel \u00c1ngel Font\u00e1n quiere<strong> lanzar pr\u00f3ximamente una medici\u00f3n censal para calibrar el consumo de podcasts y radio a la carta<\/strong>. Buscan un sistema similar al que aplica desde hace dos a\u00f1os <a rel=\"noopener\" href=\"https:\/\/urldefense.com\/v3\/__https:\/\/dircomfidencial.com\/medios\/kantar-lanza-su-nueva-tecnologia-para-medir-el-contenido-audiovisual-en-todos-los-dispositivos-conectados-del-hogar-20220331-1624\/__;!!D9dNQwwGXtA!SoTVqqp1ftL6UPAdJrFGEQvflgFjXZ1DAvVezuf1AtR0L-s8bZVHHKKjXjmgn81qz5_Fxif_dpjH-Bab$\" target=\"_blank\">Kantar para medir de audiencias en televisi\u00f3n, a trav\u00e9s de dispositivos conectados en el hogar<\/a>.<\/p>\n<p>La asociaci\u00f3n asume la complejidad de esta misi\u00f3n sectorial, tanto por su vertiente metodol\u00f3gica \u2014las mediciones en la industria son tradicionalmente <a rel=\"noopener\" href=\"https:\/\/urldefense.com\/v3\/__https:\/\/dircomfidencial.com\/medios\/el-sector-de-la-television-reclama-un-modelo-de-medicion-de-audiencias-mas-transparente-ordenado-e-integro-20230927-0404\/__;!!D9dNQwwGXtA!SoTVqqp1ftL6UPAdJrFGEQvflgFjXZ1DAvVezuf1AtR0L-s8bZVHHKKjXjmgn81qz5_Fxif_dlv393xL$\" target=\"_blank\">objetos de profundo debate<\/a>\u2014 como operativa, ya que uno de los grandes interrogantes que se presenta es si <strong>los podcasts de empresas no asociadas a la AIMC tambi\u00e9n ser\u00e1n sometidos a medici\u00f3n<\/strong>, para poder obtener una cobertura de medici\u00f3n solvente.<\/p>\n<blockquote>\n<p>La organizaci\u00f3n conf\u00eda en estrenar en la ola del EGM de julio la medici\u00f3n de radio en directo por streaming.<\/p>\n<\/blockquote>\n<p>La AIMC <strong>no se marca fechas de cumplimiento<\/strong> ni descarta <strong>integrar dichos resultados a los informes del EGM<\/strong>, cuyos datos siguen hall\u00e1ndose exclusivamente a trav\u00e9s del m\u00e9todo del recuerdo. No obstante, la organizaci\u00f3n tiene previsto incorporar en la ola de julio, la segunda del a\u00f1o, datos de consumo de radio en directo por <em>streaming<\/em>, a partir del sistema censal, recopilados por las emisoras y procesados por expertos.<\/p>\n<p>El consumo de <strong>radio en directo por <em>streaming<\/em><\/strong>\u00a0 han crecido exponencialmente en los \u00faltimos a\u00f1os, hasta ser la opci\u00f3n preferida de <strong>uno de cada cinco oyente<\/strong>s. Este aumento ha motivado a la AIMC a modernizar su sistema de medici\u00f3n para este tipo de consumo, que hasta ahora tambi\u00e9n se estimaba mediante consultas telef\u00f3nicas. Cabe puntualizar que la medici\u00f3n censal, pese a ofrecer cifras m\u00e1s precisas, no permite analizar el perfil de oyente como s\u00ed lo lograban las consultas telef\u00f3nicas.<\/p>\n<p>La AIMC est\u00e1 ultimando flecos de este proyecto y <strong>conf\u00eda en estrenarlo a mediados de a\u00f1o<\/strong>, <a rel=\"noopener\" href=\"https:\/\/urldefense.com\/v3\/__https:\/\/dircomfidencial.com\/medios\/el-egm-preve-integrar-en-la-primera-ola-de-2024-los-datos-censales-de-radio-online-20231219-0403\/__;!!D9dNQwwGXtA!SoTVqqp1ftL6UPAdJrFGEQvflgFjXZ1DAvVezuf1AtR0L-s8bZVHHKKjXjmgn81qz5_Fxif_dkoCYFpO$\" target=\"_blank\">meses m\u00e1s tarde de lo previsto inicialmente<\/a>.<\/p>\n<p> via Dircomfidencial <a href=\"https:\/\/urldefense.com\/v3\/__https:\/\/ift.tt\/S4GDrl3__;!!D9dNQwwGXtA!SoTVqqp1ftL6UPAdJrFGEQvflgFjXZ1DAvVezuf1AtR0L-s8bZVHHKKjXjmgn81qz5_Fxif_dgHwjLRF$\" target=\"_blank\" rel=\"noopener\">https:\/\/ift.tt\/S4GDrl3<\/a><\/p>\n<p> May 6, 2024 at 04:57AM <\/p><\/div>\n<\/div>\n<div class=\"postie-attachments\"><a href=\"https:\/\/empresaperiodistica.umh.es\/?attachment_id=393\"><img loading=\"lazy\" src=\"https:\/\/empresaperiodistica.umh.es\/files\/2024\/05\/miguel-angel-fontan-1-300x168.png\" alt=\"\" width=\"300px\" height=\"168px\" class=\"alignnone size-medium wp-image-393\" srcset=\"https:\/\/empresaperiodistica.umh.es\/files\/2024\/05\/miguel-angel-fontan-1-300x168.png 300w, https:\/\/empresaperiodistica.umh.es\/files\/2024\/05\/miguel-angel-fontan-1.png 650w\" sizes=\"(max-width: 300px) 100vw, 300px\" \/><\/a><\/div>\n<\/div>\n","protected":false},"excerpt":{"rendered":"<p>La Asociaci\u00f3n para la Investigaci\u00f3n de Medios de Comunicaci\u00f3n (AIMC) est\u00e1 estudiando nuevos planes de medici\u00f3n de audiencias.<br \/>\nLos autores del Estudio General de Medios quieren ampliar m\u00e9tricas y su nivel de precisi\u00f3n para ofrecer a la industria del audio aproximaciones m\u00e1s n\u00edtidas que las actuales. En ese reto jugar\u00e1n un papel esencial los datos [&#8230;]<\/p>\n","protected":false},"author":1,"featured_media":0,"comment_status":"closed","ping_status":"open","sticky":false,"template":"","format":"standard","meta":{"_links_to":"","_links_to_target":""},"categories":[41626,50986],"tags":[1393217],"_links":{"self":[{"href":"https:\/\/empresaperiodistica.umh.es\/ca\/wp-json\/wp\/v2\/posts\/390"}],"collection":[{"href":"https:\/\/empresaperiodistica.umh.es\/ca\/wp-json\/wp\/v2\/posts"}],"about":[{"href":"https:\/\/empresaperiodistica.umh.es\/ca\/wp-json\/wp\/v2\/types\/post"}],"author":[{"embeddable":true,"href":"https:\/\/empresaperiodistica.umh.es\/ca\/wp-json\/wp\/v2\/users\/1"}],"replies":[{"embeddable":true,"href":"https:\/\/empresaperiodistica.umh.es\/ca\/wp-json\/wp\/v2\/comments?post=390"}],"version-history":[{"count":0,"href":"https:\/\/empresaperiodistica.umh.es\/ca\/wp-json\/wp\/v2\/posts\/390\/revisions"}],"wp:attachment":[{"href":"https:\/\/empresaperiodistica.umh.es\/ca\/wp-json\/wp\/v2\/media?parent=390"}],"wp:term":[{"taxonomy":"category","embeddable":true,"href":"https:\/\/empresaperiodistica.umh.es\/ca\/wp-json\/wp\/v2\/categories?post=390"},{"taxonomy":"post_tag","embeddable":true,"href":"https:\/\/empresaperiodistica.umh.es\/ca\/wp-json\/wp\/v2\/tags?post=390"}],"curies":[{"name":"wp","href":"https:\/\/api.w.org\/{rel}","templated":true}]}}