{"id":403,"date":"2024-05-22T10:59:37","date_gmt":"2024-05-22T08:59:37","guid":{"rendered":"https:\/\/empresaperiodistica.umh.es\/?p=403"},"modified":"2024-05-22T19:32:35","modified_gmt":"2024-05-22T17:32:35","slug":"la-afinidad-politica-domina-cada-vez-mas-el-consumo-de-noticias","status":"publish","type":"post","link":"https:\/\/empresaperiodistica.umh.es\/ca\/2024\/05\/22\/la-afinidad-politica-domina-cada-vez-mas-el-consumo-de-noticias\/","title":{"rendered":"La afinidad pol\u00edtica domina cada vez m\u00e1s el consumo de noticias"},"content":{"rendered":"<div class=\"postie-post\">\n<div dir=\"ltr\">\n<div class=\"gmail_default\" style=\"font-family:trebuchet ms,sans-serif;color:#073763\"><span style=\"font-family:Arial,Helvetica,sans-serif;color:rgb(34,34,34)\">Los lectores de noticias en Estados Unidos est\u00e1n mostrando una creciente preferencia por periodistas que compartan sus puntos de vista pol\u00edticos, <\/span><strong style=\"font-family:Arial,Helvetica,sans-serif;color:rgb(34,34,34)\">un fen\u00f3meno que tiene profundas implicaciones para el futuro del periodismo<\/strong><span style=\"font-family:Arial,Helvetica,sans-serif;color:rgb(34,34,34)\">, seg\u00fan un reciente informe del Pew Research Center.<\/span><\/div>\n<div class=\"gmail_quote\">\n<p><strong>El estudio revela que el 39% de los estadounidenses considera importante que los periodistas con los que se informan compartan sus visiones pol\u00edticas.<\/strong> Esta tendencia es casi el doble de aquellos que valoran la coincidencia en creencias religiosas (22%) o el modo de hablar del periodista (20%). <strong>La preferencia por la afinidad pol\u00edtica supera significativamente la importancia atribuida a otros rasgos personales como la edad, raza o g\u00e9nero del periodista.<\/strong><\/p>\n<p>La polarizaci\u00f3n pol\u00edtica ha redefinido el consumo de noticias en Estados Unidos. <strong>A medida que los ciudadanos se alinean cada vez m\u00e1s con ideolog\u00edas pol\u00edticas espec\u00edficas, tambi\u00e9n buscan que sus fuentes de informaci\u00f3n reflejen y refuercen sus propios puntos de vista.<\/strong> Este comportamiento puede entenderse como una necesidad de validaci\u00f3n y confort en un entorno medi\u00e1tico que a menudo se percibe como adverso o conflictivo.<\/p>\n<p><a href=\"https:\/\/urldefense.com\/v3\/__https:\/\/laboratoriodeperiodismo.org\/wp-content\/uploads\/2024\/05\/compatir-politica.jpg__;!!D9dNQwwGXtA!WcrqvdRmQIUnbOgKi0LDc5z7QM_XP9EsuL5o_S-P8YorzamuMvCzXlbcRaM-OjZB6PefOtbtpp0bznRr$\" target=\"_blank\" rel=\"noopener\"><img loading=\"lazy\" src=\"https:\/\/laboratoriodeperiodismo.org\/wp-content\/uploads\/2024\/05\/compatir-politica.jpg\" width=\"800\" height=\"1005\" style=\"max-width:100%\"><\/a><\/p>\n<p><strong>Este fen\u00f3meno no solo afecta a los lectores, sino que tambi\u00e9n plantea desaf\u00edos cr\u00edticos para los medios de comunicaci\u00f3n.<\/strong> Las redacciones se enfrentan a la presi\u00f3n de satisfacer las demandas de audiencias polarizadas, lo que puede influir en la cobertura de noticias y en la selecci\u00f3n de temas.<\/p>\n<p>Los periodistas pueden sentirse inclinados a producir contenido que est\u00e9 alineado con su base de lectores, sacrificando potencialmente la objetividad y el equilibrio en la presentaci\u00f3n de los hechos.<\/p>\n<p>La b\u00fasqueda de afinidad pol\u00edtica en las noticias plantea preguntas sobre el papel del periodismo en la sociedad. Tradicionalmente, el periodismo se ha visto como un pilar de la democracia, proporcionando informaci\u00f3n imparcial y verificable que permite a los ciudadanos tomar decisiones informadas. Sin embargo, <strong>cuando una parte significativa de la audiencia prioriza la coincidencia pol\u00edtica sobre la imparcialidad, la funci\u00f3n del periodismo puede verse comprometida.<\/strong><\/p>\n<p>Esta tendencia puede contribuir a la creaci\u00f3n de \u201cburbujas informativas\u201d donde los lectores se exponen \u00fanicamente a perspectivas que confirman sus creencias preexistentes, aumentando la fragmentaci\u00f3n y la desconfianza hacia las fuentes de noticias que se perciben como pol\u00edticamente opuestas.<\/p>\n<p>En un panorama medi\u00e1tico donde la desinformaci\u00f3n y la manipulaci\u00f3n est\u00e1n en aumento, el sesgo de confirmaci\u00f3n puede exacerbar la polarizaci\u00f3n y dificultar el di\u00e1logo constructivo entre diferentes segmentos de la poblaci\u00f3n.<\/p>\n<h3><strong>Conclusiones del informe de Pew Research<\/strong><\/h3>\n<p>El informe destaca varias diferencias demogr\u00e1ficas en la preferencia por afinidad pol\u00edtica. Tanto republicanos como dem\u00f3cratas muestran una tendencia similar, con alrededor del 40% de cada grupo considerando importante que los periodistas compartan sus puntos de vista. Sin embargo,<strong> los extremos ideol\u00f3gicos dentro de cada partido son los que m\u00e1s valoran esta coincidencia,<\/strong> con un 47% de los republicanos conservadores y un 50% de los dem\u00f3cratas liberales enfatizando su importancia.<\/p>\n<p>En cuanto a otros rasgos personales, los j\u00f3venes adultos (18-29 a\u00f1os) son m\u00e1s propensos a desear que los periodistas compartan su edad (23%) y g\u00e9nero (16%), en comparaci\u00f3n con los mayores de 65 a\u00f1os (10% y 6%, respectivamente). Asimismo, un 41% de los estadounidenses negros prefieren que los periodistas compartan su raza o etnia, una preferencia menos com\u00fan entre los hispanos (25%), asi\u00e1ticos (20%) y blancos (5%).<\/p>\n<p>Las diferencias religiosas tambi\u00e9n son notables. <strong>Los estadounidenses que se identifican con una religi\u00f3n son m\u00e1s propensos a desear afinidad religiosa con los periodistas (26%),<\/strong> especialmente entre los protestantes blancos evang\u00e9licos (37%) y los protestantes negros (33%).<\/p>\n<p> via Laboratorio de Periodismo Luca de Tena <a href=\"https:\/\/urldefense.com\/v3\/__https:\/\/ift.tt\/PAHUdrk__;!!D9dNQwwGXtA!WcrqvdRmQIUnbOgKi0LDc5z7QM_XP9EsuL5o_S-P8YorzamuMvCzXlbcRaM-OjZB6PefOtbtphRB4U5K$\" target=\"_blank\" rel=\"noopener\">https:\/\/ift.tt\/PAHUdrk<\/a><\/p>\n<p> May 21, 2024 at 11:25AM <\/p><\/div>\n<\/div>\n<div class=\"postie-attachments\"><a href=\"https:\/\/empresaperiodistica.umh.es\/?attachment_id=406\"><img loading=\"lazy\" src=\"https:\/\/empresaperiodistica.umh.es\/files\/2024\/05\/compatir-politica-239x300.jpg\" alt=\"\" width=\"239px\" height=\"300px\" class=\"alignnone size-medium wp-image-406\" srcset=\"https:\/\/empresaperiodistica.umh.es\/files\/2024\/05\/compatir-politica-239x300.jpg 239w, https:\/\/empresaperiodistica.umh.es\/files\/2024\/05\/compatir-politica-768x965.jpg 768w, https:\/\/empresaperiodistica.umh.es\/files\/2024\/05\/compatir-politica.jpg 800w\" sizes=\"(max-width: 239px) 100vw, 239px\" \/><\/a><\/div>\n<\/div>\n","protected":false},"excerpt":{"rendered":"<p>Los lectores de noticias en Estados Unidos est\u00e1n mostrando una creciente preferencia por periodistas que compartan sus puntos de vista pol\u00edticos, un fen\u00f3meno que tiene profundas implicaciones para el futuro del periodismo, seg\u00fan un reciente informe del Pew Research Center.<\/p>\n<p>El estudio revela que el 39% de los estadounidenses considera importante que los periodistas con los [&#8230;]<\/p>\n","protected":false},"author":1,"featured_media":0,"comment_status":"closed","ping_status":"open","sticky":false,"template":"","format":"standard","meta":{"_links_to":"","_links_to_target":""},"categories":[2942,1393805,50986],"tags":[1393217],"_links":{"self":[{"href":"https:\/\/empresaperiodistica.umh.es\/ca\/wp-json\/wp\/v2\/posts\/403"}],"collection":[{"href":"https:\/\/empresaperiodistica.umh.es\/ca\/wp-json\/wp\/v2\/posts"}],"about":[{"href":"https:\/\/empresaperiodistica.umh.es\/ca\/wp-json\/wp\/v2\/types\/post"}],"author":[{"embeddable":true,"href":"https:\/\/empresaperiodistica.umh.es\/ca\/wp-json\/wp\/v2\/users\/1"}],"replies":[{"embeddable":true,"href":"https:\/\/empresaperiodistica.umh.es\/ca\/wp-json\/wp\/v2\/comments?post=403"}],"version-history":[{"count":0,"href":"https:\/\/empresaperiodistica.umh.es\/ca\/wp-json\/wp\/v2\/posts\/403\/revisions"}],"wp:attachment":[{"href":"https:\/\/empresaperiodistica.umh.es\/ca\/wp-json\/wp\/v2\/media?parent=403"}],"wp:term":[{"taxonomy":"category","embeddable":true,"href":"https:\/\/empresaperiodistica.umh.es\/ca\/wp-json\/wp\/v2\/categories?post=403"},{"taxonomy":"post_tag","embeddable":true,"href":"https:\/\/empresaperiodistica.umh.es\/ca\/wp-json\/wp\/v2\/tags?post=403"}],"curies":[{"name":"wp","href":"https:\/\/api.w.org\/{rel}","templated":true}]}}