{"id":498,"date":"2024-10-16T09:41:44","date_gmt":"2024-10-16T07:41:44","guid":{"rendered":"https:\/\/empresaperiodistica.umh.es\/?p=498"},"modified":"2024-11-09T12:45:02","modified_gmt":"2024-11-09T11:45:02","slug":"el-hormiguero-y-la-revuelta-manipulan-las-audiencias-de-kantar","status":"publish","type":"post","link":"https:\/\/empresaperiodistica.umh.es\/ca\/2024\/10\/16\/el-hormiguero-y-la-revuelta-manipulan-las-audiencias-de-kantar\/","title":{"rendered":"&#8216;El Hormiguero&#8217; y &#8216;La Revuelta&#8217; manipulan las audiencias de Kantar"},"content":{"rendered":"<div class=\"postie-post\">\n<div dir=\"ltr\">\n<div class=\"gmail_default\" style=\"font-family:trebuchet ms,sans-serif;color:#073763\"><strong style=\"font-family:Arial,Helvetica,sans-serif;color:rgb(34,34,34)\">Kantar <\/strong><span style=\"font-family:Arial,Helvetica,sans-serif;color:rgb(34,34,34)\">retira tres aud\u00edmetros del panel de audiencia que mide la televisi\u00f3n en Espa\u00f1a, por inflar los datos de audiencia de <\/span><strong style=\"font-family:Arial,Helvetica,sans-serif;color:rgb(34,34,34)\"><em>La Revuelta<\/em> y <em>El Hormiguero<\/em>. <\/strong><span style=\"font-family:Arial,Helvetica,sans-serif;color:rgb(34,34,34)\">Lo hac\u00edan incrementando de forma an\u00f3mala el n\u00famero de invitados que anotaban en los hogares donde estaban estos aud\u00edmetros. Concretamente, y seg\u00fan ha podido saber PRNoticias, dos de esos aud\u00edmetros beneficiaban e <\/span>incrementaban<span style=\"font-family:Arial,Helvetica,sans-serif;color:rgb(34,34,34)\"> la cuota media del programa de David Broncano, y otro aud\u00edmetro al programa de Pablo Motos.<\/span><\/div>\n<div class=\"gmail_quote\">\n<div>\n<div>\n<p>La alteraci\u00f3n de la audiencia de estos dos programas se hac\u00eda<strong> anotando artificialmente invitados que te\u00f3ricamente ven\u00edan a la casa a ver juntos ese programa. <\/strong>Estas falsas anotaciones suponen, seg\u00fan los datos conocidos por este medio, un <strong>incremento<\/strong>, algunos d\u00edas, de <strong>m\u00e1s de un punto de audiencia<\/strong> artificial sobre el resultado final obtenido. Esta capacidad para alterar las audiencias de forma tan significativa preocupa en el sector y acrecienta las dudas sobre la fiabilidad del sistema de medici\u00f3n en Espa\u00f1a.<\/p>\n<p>La pr\u00e1ctica de incrementar artificialmente el n\u00famero de invitados que te\u00f3ricamente acuden a un hogar para consumir juntos un programa de televisi\u00f3n no es nueva. Ya fue<strong> denunciada hace dos a\u00f1os por la Televisi\u00f3n Canaria, <\/strong>cuando la propia Direcci\u00f3n del Ente P\u00fablico canario comprob\u00f3 que mediante esta pr\u00e1ctica, los programas de una productora en particular llegaban incluso a triplicar el dato de audiencia respecto al que habr\u00edan tenido si se descontaran los invitados. Tras la denuncia de Tv Canaria contra uno de sus propios programas, <strong>AIMC <\/strong>primero, y luego <strong>Kantar<\/strong>, la encargada de la medici\u00f3n, reconocieron el fraude que se estaba cometiendo y procedieron a la retirada de esos aud\u00edmetros \u201csospechosos\u201d.<\/p>\n<p>La variable \u201c<strong>invitados<\/strong>\u201d fue incluida en el panel en 2018, y consiste en que el usuario de un aud\u00edmetro pueda incluir en el mando a distancia la edad, sexo y n\u00famero de personas que acuden invitados a un hogar para ver conjuntamente la televisi\u00f3n. La detecci\u00f3n de estas nuevas anomal\u00edas fue comunicada en el \u00faltimo Consejo de Usuarios de Kantar celebrado a comienzos de octubre, y vuelve a poner en cuesti\u00f3n la<strong> medici\u00f3n de audiencias en Espa\u00f1a,<\/strong> con un sistema m\u00e1s propio de tiempos anal\u00f3gicos que del actual escenario digital.<\/p>\n<p>La gran pelea est\u00e1 servida ya que la realidad no es la que reflejan estos obsoletos aparatos de medici\u00f3n.<\/p>\n<\/div>\n<\/div>\n<p> via PR Noticias <a href=\"https:\/\/urldefense.com\/v3\/__https:\/\/prnoticias.com__;!!D9dNQwwGXtA!TbijXhRA-kRLK5ErgHU1jZZMX2N1aMY0evGwY-Vyo5fUby1pxJc9XeGHoN34HSFgvD7MB8Ytcqzosw14$\" target=\"_blank\" rel=\"noopener\">https:\/\/prnoticias.com<\/a><\/p>\n<\/div>\n<\/div>\n<div class=\"postie-attachments\"><a href=\"https:\/\/empresaperiodistica.umh.es\/?attachment_id=501\"><img loading=\"lazy\" src=\"https:\/\/empresaperiodistica.umh.es\/files\/2024\/10\/20210209095535093087-300x160.png\" alt=\"\" width=\"300px\" height=\"160px\" class=\"alignnone size-medium wp-image-501\" srcset=\"https:\/\/empresaperiodistica.umh.es\/files\/2024\/10\/20210209095535093087-300x160.png 300w, https:\/\/empresaperiodistica.umh.es\/files\/2024\/10\/20210209095535093087-768x410.png 768w, https:\/\/empresaperiodistica.umh.es\/files\/2024\/10\/20210209095535093087.png 770w\" sizes=\"(max-width: 300px) 100vw, 300px\" \/><\/a><\/div>\n<\/div>\n","protected":false},"excerpt":{"rendered":"<p>Kantar retira tres aud\u00edmetros del panel de audiencia que mide la televisi\u00f3n en Espa\u00f1a, por inflar los datos de audiencia de La Revuelta y El Hormiguero. Lo hac\u00edan incrementando de forma an\u00f3mala el n\u00famero de invitados que anotaban en los hogares donde estaban estos aud\u00edmetros. Concretamente, y seg\u00fan ha podido saber PRNoticias, dos de esos [&#8230;]<\/p>\n","protected":false},"author":1,"featured_media":0,"comment_status":"closed","ping_status":"open","sticky":false,"template":"","format":"standard","meta":{"_links_to":"","_links_to_target":""},"categories":[41626],"tags":[1393217],"_links":{"self":[{"href":"https:\/\/empresaperiodistica.umh.es\/ca\/wp-json\/wp\/v2\/posts\/498"}],"collection":[{"href":"https:\/\/empresaperiodistica.umh.es\/ca\/wp-json\/wp\/v2\/posts"}],"about":[{"href":"https:\/\/empresaperiodistica.umh.es\/ca\/wp-json\/wp\/v2\/types\/post"}],"author":[{"embeddable":true,"href":"https:\/\/empresaperiodistica.umh.es\/ca\/wp-json\/wp\/v2\/users\/1"}],"replies":[{"embeddable":true,"href":"https:\/\/empresaperiodistica.umh.es\/ca\/wp-json\/wp\/v2\/comments?post=498"}],"version-history":[{"count":0,"href":"https:\/\/empresaperiodistica.umh.es\/ca\/wp-json\/wp\/v2\/posts\/498\/revisions"}],"wp:attachment":[{"href":"https:\/\/empresaperiodistica.umh.es\/ca\/wp-json\/wp\/v2\/media?parent=498"}],"wp:term":[{"taxonomy":"category","embeddable":true,"href":"https:\/\/empresaperiodistica.umh.es\/ca\/wp-json\/wp\/v2\/categories?post=498"},{"taxonomy":"post_tag","embeddable":true,"href":"https:\/\/empresaperiodistica.umh.es\/ca\/wp-json\/wp\/v2\/tags?post=498"}],"curies":[{"name":"wp","href":"https:\/\/api.w.org\/{rel}","templated":true}]}}