{"id":503,"date":"2024-11-05T07:33:57","date_gmt":"2024-11-05T06:33:57","guid":{"rendered":"https:\/\/empresaperiodistica.umh.es\/?p=503"},"modified":"2024-11-05T07:35:58","modified_gmt":"2024-11-05T06:35:58","slug":"rtve-recupera-con-patrocinios-solo-un-7-de-la-millonaria-factura-por-emitir-la-eurocopa","status":"publish","type":"post","link":"https:\/\/empresaperiodistica.umh.es\/ca\/2024\/11\/05\/rtve-recupera-con-patrocinios-solo-un-7-de-la-millonaria-factura-por-emitir-la-eurocopa\/","title":{"rendered":"RTVE recupera con patrocinios s\u00f3lo un 7% de la millonaria factura por emitir la Eurocopa"},"content":{"rendered":"<div class=\"postie-post\">\n<div dir=\"ltr\">\n<div class=\"gmail_default\" style=\"font-family:trebuchet ms,sans-serif;color:#073763\"><\/div>\n<div class=\"gmail_quote\"> <img loading=\"lazy\" src=\"https:\/\/dircomfidencial.com\/wp-content\/uploads\/2024\/11\/RTVE.png\" width=\"650\" alt=\"RTVE\" height=\"365\" style=\"max-width:100%\"><\/p>\n<p>Bajo el criterio de la \u00abrentabilidad social\u00bb, Radiotelevisi\u00f3n Espa\u00f1ola (RTVE) apost\u00f3 con firmeza por <strong>la compra de los derechos exclusivos de emisi\u00f3n de la Eurocopa 2024<\/strong> conquistada por la Selecci\u00f3n espa\u00f1ola, celebrada en Alemania.<\/p>\n<p>Un acontecimiento que certific\u00f3 un rotundo \u2014y previsible\u2014 \u00e9xito de audiencias, con <strong>m\u00e1s de 13 millones de espectadores de media en la retransmisi\u00f3n de la final<\/strong>, aunque tambi\u00e9n un <strong>abultado coste econ\u00f3mico para la corporaci\u00f3n p\u00fablica<\/strong>.<\/p>\n<p>La factura de la UEFA a la radiotelevisi\u00f3n p\u00fablica <strong>ascendi\u00f3 a 40 millones de euros<\/strong>, como confirmaron desde Prado del Rey, aunque el coste final por la retransmisi\u00f3n del evento fue superior, teniendo en cuenta otros conceptos como, por ejemplo,<a rel=\"noopener\" href=\"https:\/\/urldefense.com\/v3\/__https:\/\/dircomfidencial.com\/medios\/la-factura-de-la-eurocopa-rtve-gasto-15-me-en-dietas-para-mas-de-100-trabajadores-20241001-0405\/__;!!D9dNQwwGXtA!RaxX01_0J_NXWm91c3Eia8TZaiSCxbdI-RGlbDSjsH9kfTv75NMvb-f8oyvsyq-5AfuQm5_9T7i3wCU7$\" target=\"_blank\"> las dietas que generaron los m\u00e1s de 100 trabajadores de RTVE que se trasladaron<\/a>\u00a0y que alcanzaron los 1,5 millones de euros.<\/p>\n<p>La direcci\u00f3n de RTVE precis\u00f3 que<strong> la emisi\u00f3n de la Eurocopa tambi\u00e9n supondr\u00eda una v\u00eda de ingresos procedentes de patrocinios vinculados al evento<\/strong>, tanto en su emisi\u00f3n lineal como en el \u00e1mbito digital, de acuerdo a la Ley 8\/2009 de financiaci\u00f3n de RTVE.<\/p>\n<blockquote>\n<p>La radiotelevisi\u00f3n p\u00fablica ha ingresado por publicidad y patrocinios 3 millones de euros.<\/p>\n<\/blockquote>\n<p>Cabe recordar que aunque la publicidad este prohibida en RTVE desde 2010 \u2014salvo en RTVE Play\u2014<strong> estas f\u00f3rmulas comerciales s\u00ed est\u00e1n autorizadas para emisiones deportivas o culturales<\/strong>. Seg\u00fan ha podido saber este medio, la radiotelevisi\u00f3n p\u00fablica ha ingresado por esta v\u00eda cerca de<strong> 3 millones de euros<\/strong>, es decir, <strong>s\u00f3lo un 7% de la factura de la UEFA<\/strong>.<\/p>\n<p>Concretamente, ha obtenido <strong>2,3 millones de euros por patrocinio lineal y comunicaciones comerciales asociadas, y 659.000 euros por publicidad digital en RTVE Play<\/strong>, la OTT de la radiotelevisi\u00f3n p\u00fablica que <a rel=\"noopener\" href=\"https:\/\/urldefense.com\/v3\/__https:\/\/dircomfidencial.com\/medios\/rtve-play-da-los-primeros-pasos-para-allanar-la-entrada-de-publicidad-en-2024-20231226-0405\/__;!!D9dNQwwGXtA!RaxX01_0J_NXWm91c3Eia8TZaiSCxbdI-RGlbDSjsH9kfTv75NMvb-f8oyvsyq-5AfuQm5_9T86iX9b-$\" target=\"_blank\">desde este a\u00f1o ha incorporado publicidad<\/a>.<\/p>\n<h2><strong>Mundial de Qatar<\/strong><\/h2>\n<p>RTVE ha recaudado<strong> pr\u00e1cticamente la mitad que lo que acumul\u00f3 en 2022<\/strong> por los derechos exclusivos de retransmisi\u00f3n del Mundial de Qatar, cuyo<strong> coste tambi\u00e9n fue menor<\/strong>. Para este evento <strong>pag\u00f3 35 millones de euros y recuper\u00f3 1,5 millones<\/strong>, es decir, s\u00f3lo un 4%. No obstante, cabe matizar que, en aquel entonces, la plataforma en <em>streaming<\/em> de RTVE no dispon\u00eda de publicidad.<\/p>\n<p> via Dircomfidencial <a href=\"https:\/\/urldefense.com\/v3\/__https:\/\/ift.tt\/Ccr4p9g__;!!D9dNQwwGXtA!RaxX01_0J_NXWm91c3Eia8TZaiSCxbdI-RGlbDSjsH9kfTv75NMvb-f8oyvsyq-5AfuQm5_9T0XjuHiH$\" target=\"_blank\" rel=\"noopener\">https:\/\/ift.tt\/Ccr4p9g<\/a><\/p>\n<\/div>\n<\/div>\n<div class=\"postie-attachments\"><a href=\"https:\/\/empresaperiodistica.umh.es\/?attachment_id=506\"><img loading=\"lazy\" src=\"https:\/\/empresaperiodistica.umh.es\/files\/2024\/11\/rtve-300x168.png\" alt=\"\" width=\"300px\" height=\"168px\" class=\"alignnone size-medium wp-image-506\" srcset=\"https:\/\/empresaperiodistica.umh.es\/files\/2024\/11\/rtve-300x168.png 300w, https:\/\/empresaperiodistica.umh.es\/files\/2024\/11\/rtve.png 650w\" sizes=\"(max-width: 300px) 100vw, 300px\" \/><\/a><\/div>\n<\/div>\n","protected":false},"excerpt":{"rendered":"<p>Bajo el criterio de la \u00abrentabilidad social\u00bb, Radiotelevisi\u00f3n Espa\u00f1ola (RTVE) apost\u00f3 con firmeza por la compra de los derechos exclusivos de emisi\u00f3n de la Eurocopa 2024 conquistada por la Selecci\u00f3n espa\u00f1ola, celebrada en Alemania.<br \/>\nUn acontecimiento que certific\u00f3 un rotundo \u2014y previsible\u2014 \u00e9xito de audiencias, con m\u00e1s de 13 millones de espectadores de media en [&#8230;]<\/p>\n","protected":false},"author":1,"featured_media":0,"comment_status":"closed","ping_status":"open","sticky":false,"template":"","format":"standard","meta":{"_links_to":"","_links_to_target":""},"categories":[1393805,585,50986],"tags":[1393217],"_links":{"self":[{"href":"https:\/\/empresaperiodistica.umh.es\/ca\/wp-json\/wp\/v2\/posts\/503"}],"collection":[{"href":"https:\/\/empresaperiodistica.umh.es\/ca\/wp-json\/wp\/v2\/posts"}],"about":[{"href":"https:\/\/empresaperiodistica.umh.es\/ca\/wp-json\/wp\/v2\/types\/post"}],"author":[{"embeddable":true,"href":"https:\/\/empresaperiodistica.umh.es\/ca\/wp-json\/wp\/v2\/users\/1"}],"replies":[{"embeddable":true,"href":"https:\/\/empresaperiodistica.umh.es\/ca\/wp-json\/wp\/v2\/comments?post=503"}],"version-history":[{"count":0,"href":"https:\/\/empresaperiodistica.umh.es\/ca\/wp-json\/wp\/v2\/posts\/503\/revisions"}],"wp:attachment":[{"href":"https:\/\/empresaperiodistica.umh.es\/ca\/wp-json\/wp\/v2\/media?parent=503"}],"wp:term":[{"taxonomy":"category","embeddable":true,"href":"https:\/\/empresaperiodistica.umh.es\/ca\/wp-json\/wp\/v2\/categories?post=503"},{"taxonomy":"post_tag","embeddable":true,"href":"https:\/\/empresaperiodistica.umh.es\/ca\/wp-json\/wp\/v2\/tags?post=503"}],"curies":[{"name":"wp","href":"https:\/\/api.w.org\/{rel}","templated":true}]}}