{"id":511,"date":"2024-11-05T07:34:54","date_gmt":"2024-11-05T06:34:54","guid":{"rendered":"https:\/\/empresaperiodistica.umh.es\/?p=511"},"modified":"2024-11-05T07:36:36","modified_gmt":"2024-11-05T06:36:36","slug":"alarma-en-la-prensa-la-publicidad-digital-no-tracciona-mientras-las-tecnologicas-crecen-a-doble-digito","status":"publish","type":"post","link":"https:\/\/empresaperiodistica.umh.es\/ca\/2024\/11\/05\/alarma-en-la-prensa-la-publicidad-digital-no-tracciona-mientras-las-tecnologicas-crecen-a-doble-digito\/","title":{"rendered":"Alarma en la prensa: la publicidad digital no tracciona, mientras las tecnol\u00f3gicas crecen a doble d\u00edgito"},"content":{"rendered":"<div class=\"postie-post\">\n<div dir=\"ltr\">\n<div class=\"gmail_default\" style=\"font-family:trebuchet ms,sans-serif;color:#073763\"><\/div>\n<div class=\"gmail_quote\"> <img loading=\"lazy\" src=\"https:\/\/dircomfidencial.com\/wp-content\/uploads\/2024\/04\/Redaccion.png\" width=\"650\" alt=\"Redacci\u00f3n\" height=\"365\" style=\"max-width:100%\"><\/p>\n<p>Los editores de prensa generalista est\u00e1n en una<strong> situaci\u00f3n bastante complicada<\/strong>. La <strong>publicidad digital no est\u00e1 traccionando este a\u00f1o<\/strong>, mientras las grandes plataformas tecnol\u00f3gicas est\u00e1n <strong>registrando crecimientos a doble d\u00edgito<\/strong>.<\/p>\n<p>Se da la paradoja, en definitiva, de que<strong> la publicidad digital va muy bien este a\u00f1o<\/strong>, pero al mismo tiempo los due\u00f1os de los grandes diarios digitales est\u00e1n sufriendo.<\/p>\n<p>En el primer semestre, los anunciantes <a rel=\"noopener\" href=\"https:\/\/urldefense.com\/v3\/__https:\/\/dircomfidencial.com\/marketing-digital\/la-publicidad-digital-excede-las-expectativas-del-mercado-con-un-crecimiento-del-18-en-el-primer-semestre-20241002-0404\/__;!!D9dNQwwGXtA!TrkMKRBxOaBpTZTT85Krl0kAUck7VumdYE1zFt3OJJMSE5GdcHq8fc4fAWjlz3JhjGZ558ZqTJpnZHN6$\" target=\"_blank\">han gastado un 18% m\u00e1s<\/a> en publicidad digital en Espa\u00f1a, de acuerdo con los datos de IAB Spain. Las <strong>redes sociales se han disparado un 19% y los buscadores (b\u00e1sicamente, Google), un 11%<\/strong>. Ambos formatos llevan varios a\u00f1os acumulando ingresos millonarios y acaparando una gran parte de la tarta publicitaria en Espa\u00f1a. Las migajas que dejaban iban anteriormente a la prensa digital, que pod\u00eda subsistir con ello.<\/p>\n<p>Pero a los editores de peri\u00f3dico0s les ha salido una <strong>nueva competencia<\/strong>, que le est\u00e1n ara\u00f1ando la poca cuota publicitaria digital que les quedaba. Segmentos como el <strong>audio digital, la televisi\u00f3n conectada, el retail marketing o el marketing de influencers<\/strong> est\u00e1n registrando enormes crecimientos de ingresos publicitarios, si bien su base es todav\u00eda peque\u00f1a.<\/p>\n<p>Mientras eso ocurre, <strong>Vocento<\/strong> est\u00e1 en una <a rel=\"noopener\" href=\"https:\/\/urldefense.com\/v3\/__https:\/\/dircomfidencial.com\/medios\/el-plan-de-ajuste-de-vocento-contempla-despidos-y-jubilaciones-anticipadas-en-abc-20241025-0405\/__;!!D9dNQwwGXtA!TrkMKRBxOaBpTZTT85Krl0kAUck7VumdYE1zFt3OJJMSE5GdcHq8fc4fAWjlz3JhjGZ558ZqTG86YAoI$\" target=\"_blank\">situaci\u00f3n precaria<\/a>, con anuncio de recortes y ya adelantan que los resultados de este a\u00f1o ser\u00e1n malos. En el caso de <strong>Prisa<\/strong>, ha tenido un mal tercer trimestre, con un <a rel=\"noopener\" href=\"https:\/\/urldefense.com\/v3\/__https:\/\/dircomfidencial.com\/medios\/frenazo-de-la-publicidad-en-prisa-que-cae-un-04-en-el-tercer-trimestre-20241029-2103\/__;!!D9dNQwwGXtA!TrkMKRBxOaBpTZTT85Krl0kAUck7VumdYE1zFt3OJJMSE5GdcHq8fc4fAWjlz3JhjGZ558ZqTO4cMDz3$\" target=\"_blank\">descenso de la publicidad del 0,4%<\/a>. Ya el primer semestre fue negativo en ingresos publicitarios digitales, con una <a rel=\"noopener\" href=\"https:\/\/urldefense.com\/v3\/__https:\/\/dircomfidencial.com\/medios\/los-suscriptores-digitales-de-el-pais-compensan-la-caida-de-la-publicidad-online-20240731-0405\/__;!!D9dNQwwGXtA!TrkMKRBxOaBpTZTT85Krl0kAUck7VumdYE1zFt3OJJMSE5GdcHq8fc4fAWjlz3JhjGZ558ZqTOO_zW5u$\" target=\"_blank\">ca\u00edda del 2% en ese segmento<\/a>. Y en <strong>Unidad Editorial<\/strong> no est\u00e1n mucho mejor, con una erosi\u00f3n de la publicidad <a rel=\"noopener\" href=\"https:\/\/urldefense.com\/v3\/__https:\/\/dircomfidencial.com\/medios\/unidad-editorial-se-deja-un-75-de-sus-ingresos-publicitarios-en-el-primer-semestre-20240903-0405\/__;!!D9dNQwwGXtA!TrkMKRBxOaBpTZTT85Krl0kAUck7VumdYE1zFt3OJJMSE5GdcHq8fc4fAWjlz3JhjGZ558ZqTPBLVJ6k$\" target=\"_blank\">del 7,5%<\/a> en la primera mitad del ejercicio.<\/p>\n<h2><strong>Ca\u00edda del 6,3% en septiembre<\/strong><\/h2>\n<p>En el mes de septiembre, los medios adscritos a AMI facturaron un total de<strong> 29,2 millones de euros en publicidad digital<\/strong>, lo que significa una <strong>ca\u00edda interanual del 6,3%<\/strong>. As\u00ed se refleja en un estudio de KPMG al que ha tenido acceso DIRCOMFIDENCIAL.<\/p>\n<p><strong>Los medios de Prisa se dejaron ese mes casi un 18%<\/strong>, hasta los <strong>5,7 millones de euros<\/strong>. La vuelta del verano tambi\u00e9n fue bastante negativa en <strong>Unidad Editorial<\/strong>, con un <strong>descenso del 9%<\/strong> en sus ingresos por publicidad digital, que llegaron a los <strong>6,2 millones de euros<\/strong>. La erosi\u00f3n en <strong>Vocento fue del 6%, <\/strong>y del <strong>1,2% en Prensa Ib\u00e9rica<\/strong> (ambos con unos ingresos de 4,2 millones de euros en septiembre). <strong>Henneo tambi\u00e9n ha sufrido (-12%),<\/strong> con 1,1 millones de euros recibidos.<\/p>\n<p>Aunque hay otros grupos que s\u00ed pueden decir que han mejorado en septiembre: <strong>God\u00f3<\/strong> repunt\u00f3 sus ingresos publicitarios digitales un <strong>7,5%<\/strong> (hasta los 3 millones de euros) y<strong> La Raz\u00f3n lleg\u00f3 al 10%<\/strong> (1,1 millones).<\/p>\n<blockquote>\n<p>Formatos emergentes como la TV conectada, el audio digital o el retail marketing est\u00e1n ara\u00f1ando cuota a los editores de prensa.<\/p>\n<\/blockquote>\n<p>Sorprendentemente, en varios casos<strong> la publicidad impresa se est\u00e1 comportando este a\u00f1o mejor que la digital<\/strong>. As\u00ed sucedi\u00f3 en septiembre, cuando la venta de espacios publicitarios en papel <strong>aument\u00f3 casi un 2%<\/strong>, hasta superar los <strong>26 millones de euros<\/strong>.<\/p>\n<p>Pero es cierto que fue<strong> gracias a varios peri\u00f3dicos locales y, sobre todo, a Prensa Ib\u00e9rica<\/strong>, que aument\u00f3 sus ingresos por publicidad en papel <strong>un 20%<\/strong>, hasta <strong>rozar los 6 millones de euros<\/strong> solo en septiembre.<\/p>\n<p>En cambio, otros grupos como <strong>Vocento (-3%) <\/strong>o<strong> Prisa (-10%)<\/strong> tambi\u00e9n redujeron su cifra de negocio en este segmento. De hecho, en el c\u00f3mputo de la publicidad digital sumada a la impresa, la editora de El Pa\u00eds es la que peores cifras presenta, con una <strong>ca\u00edda global del 15% <\/strong>en septiembre.<\/p>\n<p> via Dircomfidencial <a href=\"https:\/\/urldefense.com\/v3\/__https:\/\/ift.tt\/Ccr4p9g__;!!D9dNQwwGXtA!TrkMKRBxOaBpTZTT85Krl0kAUck7VumdYE1zFt3OJJMSE5GdcHq8fc4fAWjlz3JhjGZ558ZqTHoOHgzo$\" target=\"_blank\" rel=\"noopener\">https:\/\/ift.tt\/Ccr4p9g<\/a><\/p>\n<\/div>\n<\/div>\n<div class=\"postie-attachments\"><a href=\"https:\/\/empresaperiodistica.umh.es\/?attachment_id=514\"><img loading=\"lazy\" src=\"https:\/\/empresaperiodistica.umh.es\/files\/2024\/11\/redaccion-300x168.png\" alt=\"\" width=\"300px\" height=\"168px\" class=\"alignnone size-medium wp-image-514\" srcset=\"https:\/\/empresaperiodistica.umh.es\/files\/2024\/11\/redaccion-300x168.png 300w, https:\/\/empresaperiodistica.umh.es\/files\/2024\/11\/redaccion.png 650w\" sizes=\"(max-width: 300px) 100vw, 300px\" \/><\/a><\/div>\n<\/div>\n","protected":false},"excerpt":{"rendered":"<p>Los editores de prensa generalista est\u00e1n en una situaci\u00f3n bastante complicada. La publicidad digital no est\u00e1 traccionando este a\u00f1o, mientras las grandes plataformas tecnol\u00f3gicas est\u00e1n registrando crecimientos a doble d\u00edgito.<br \/>\nSe da la paradoja, en definitiva, de que la publicidad digital va muy bien este a\u00f1o, pero al mismo tiempo los due\u00f1os de los grandes [&#8230;]<\/p>\n","protected":false},"author":1,"featured_media":0,"comment_status":"closed","ping_status":"open","sticky":false,"template":"","format":"standard","meta":{"_links_to":"","_links_to_target":""},"categories":[585,50986],"tags":[1393217],"_links":{"self":[{"href":"https:\/\/empresaperiodistica.umh.es\/ca\/wp-json\/wp\/v2\/posts\/511"}],"collection":[{"href":"https:\/\/empresaperiodistica.umh.es\/ca\/wp-json\/wp\/v2\/posts"}],"about":[{"href":"https:\/\/empresaperiodistica.umh.es\/ca\/wp-json\/wp\/v2\/types\/post"}],"author":[{"embeddable":true,"href":"https:\/\/empresaperiodistica.umh.es\/ca\/wp-json\/wp\/v2\/users\/1"}],"replies":[{"embeddable":true,"href":"https:\/\/empresaperiodistica.umh.es\/ca\/wp-json\/wp\/v2\/comments?post=511"}],"version-history":[{"count":0,"href":"https:\/\/empresaperiodistica.umh.es\/ca\/wp-json\/wp\/v2\/posts\/511\/revisions"}],"wp:attachment":[{"href":"https:\/\/empresaperiodistica.umh.es\/ca\/wp-json\/wp\/v2\/media?parent=511"}],"wp:term":[{"taxonomy":"category","embeddable":true,"href":"https:\/\/empresaperiodistica.umh.es\/ca\/wp-json\/wp\/v2\/categories?post=511"},{"taxonomy":"post_tag","embeddable":true,"href":"https:\/\/empresaperiodistica.umh.es\/ca\/wp-json\/wp\/v2\/tags?post=511"}],"curies":[{"name":"wp","href":"https:\/\/api.w.org\/{rel}","templated":true}]}}