{"id":566,"date":"2025-02-16T21:34:30","date_gmt":"2025-02-16T20:34:30","guid":{"rendered":"https:\/\/empresaperiodistica.umh.es\/?p=566"},"modified":"2025-02-16T21:41:39","modified_gmt":"2025-02-16T20:41:39","slug":"los-ingresos-de-los-grupos-de-comunicacion-espanoles-se-redujeron-el-10-desde-antes-de-la-pandemia","status":"publish","type":"post","link":"https:\/\/empresaperiodistica.umh.es\/ca\/2025\/02\/16\/los-ingresos-de-los-grupos-de-comunicacion-espanoles-se-redujeron-el-10-desde-antes-de-la-pandemia\/","title":{"rendered":"Los ingresos de los grupos de comunicaci\u00f3n espa\u00f1oles se redujeron el 10% desde antes de la pandemia"},"content":{"rendered":"<div class=\"postie-post\">\n<div dir=\"ltr\">\n<div><\/div>\n<div class=\"gmail_quote gmail_quote_container\"><\/p>\n<div>\n<div>\n<div>\n<p>En 2023, \u00faltimo ejercicio del que hay informaci\u00f3n completa, los ingresos de los principales grupos de comunicaci\u00f3n espa\u00f1oles ascendieron a 7.478 millones de euros, el 9,8% menos que los 8.295 millones de 2019, antes de la pandemia, seg\u00fan los c\u00e1lculos realizados por DigiMedios, a partir de la informaci\u00f3n contable disponible (pr\u00e1cticamente en su totalidad, las cuentas consolidadas de esos grupos).<\/p>\n<p>Dentro del c\u00e1lculo, se tienen en cuenta los ingresos de explotaci\u00f3n de: Planeta Corporaci\u00f3n, Joye Media (Grupo Mediapro), Atresmedia, Prisa, Mediaset, Vocento, Prensa Ib\u00e9rica Media, Henneo Media, Unidad Editorial, Grupo God\u00f3, \u00c1bside Media y RBA.<\/p>\n<p>Aunque la mayor parte de las p\u00e9rdidas cabe atribuirlas a tres grupos (Mediapro, Prisa y Mediaset), fueron m\u00e1s de la mitad los que vieron retroceder sus ingresos. Y entre quienes los aumentaron solo Henneo Media lo hizo de forma significativa y ello gracias a su diversificaci\u00f3n en el sector de la tecnolog\u00eda, no en los medios de comunicaci\u00f3n.<\/p>\n<p>Al remontarse algo m\u00e1s en el tiempo, se comprueba que en la \u00faltima d\u00e9cada los ingresos de esos grupos se redujeron el 14%.<\/p>\n<p><strong> <\/p>\n<h2>Ingresos de los grupos 2017 a 2023<\/h2>\n<table id=\"m_-4426031577528376769wptable-156\" cellspacing=\"1\">\n<thead>\n<tr>\n<td>\u00a0<\/td>\n<th align=\"right\">2017<\/th>\n<th align=\"right\">2018<\/th>\n<th align=\"right\">2019<\/th>\n<th align=\"right\">2020<\/th>\n<th align=\"right\">2021<\/th>\n<th align=\"right\">2022<\/th>\n<th align=\"right\">2023<\/th>\n<\/tr>\n<\/thead>\n<tbody>\n<tr>\n<td align=\"left\">Planeta Corporaci\u00f3n<\/td>\n<td align=\"right\">2.696<\/td>\n<td align=\"right\">1.913<\/td>\n<td align=\"right\">1.877<\/td>\n<td align=\"right\">1.578<\/td>\n<td align=\"right\">1.812<\/td>\n<td align=\"right\">1.859<\/td>\n<td align=\"right\">2.008<\/td>\n<\/tr>\n<tr>\n<td align=\"left\">Joye Media (G. Mediapro<\/td>\n<td align=\"right\">n.d.<\/td>\n<td align=\"right\">1.122<\/td>\n<td align=\"right\">1.817<\/td>\n<td align=\"right\">972<\/td>\n<td align=\"right\">1.218<\/td>\n<td align=\"right\">1.206<\/td>\n<td align=\"right\">1.264<\/td>\n<\/tr>\n<tr>\n<td align=\"left\">Atresmedia<\/td>\n<td align=\"right\">1.052<\/td>\n<td align=\"right\">1.042<\/td>\n<td align=\"right\">1.039<\/td>\n<td align=\"right\">866<\/td>\n<td align=\"right\">963<\/td>\n<td align=\"right\">951<\/td>\n<td align=\"right\">971<\/td>\n<\/tr>\n<tr>\n<td align=\"left\">Prisa<\/td>\n<td align=\"right\">1.336<\/td>\n<td align=\"right\">1.280<\/td>\n<td align=\"right\">1.096<\/td>\n<td align=\"right\">701<\/td>\n<td align=\"right\">741<\/td>\n<td align=\"right\">850<\/td>\n<td align=\"right\">947<\/td>\n<\/tr>\n<tr>\n<td align=\"left\">Mediaset<\/td>\n<td align=\"right\">996<\/td>\n<td align=\"right\">982<\/td>\n<td align=\"right\">946<\/td>\n<td align=\"right\">837<\/td>\n<td align=\"right\">876<\/td>\n<td align=\"right\">865<\/td>\n<td align=\"right\">833<\/td>\n<\/tr>\n<tr>\n<td align=\"left\">Vocento<\/td>\n<td align=\"right\">424<\/td>\n<td align=\"right\">386<\/td>\n<td align=\"right\">395<\/td>\n<td align=\"right\">341<\/td>\n<td align=\"right\">352<\/td>\n<td align=\"right\">345<\/td>\n<td align=\"right\">362<\/td>\n<\/tr>\n<tr>\n<td align=\"left\">Prensa Ib\u00e9rica Media<\/td>\n<td align=\"right\">175<\/td>\n<td align=\"right\">171<\/td>\n<td align=\"right\">230<\/td>\n<td align=\"right\">207<\/td>\n<td align=\"right\">224<\/td>\n<td align=\"right\">239<\/td>\n<td align=\"right\">250<\/td>\n<\/tr>\n<tr>\n<td align=\"left\">Henneo Media<\/td>\n<td align=\"right\">129<\/td>\n<td align=\"right\">129<\/td>\n<td align=\"right\">141<\/td>\n<td align=\"right\">135<\/td>\n<td align=\"right\">165<\/td>\n<td align=\"right\">204<\/td>\n<td align=\"right\">243<\/td>\n<\/tr>\n<tr>\n<td align=\"left\">Unidad Editorial<\/td>\n<td align=\"right\">303<\/td>\n<td align=\"right\">312<\/td>\n<td align=\"right\">297<\/td>\n<td align=\"right\">208<\/td>\n<td align=\"right\">218<\/td>\n<td align=\"right\">227<\/td>\n<td align=\"right\">230<\/td>\n<\/tr>\n<tr>\n<td align=\"left\">Grupo God\u00f3<\/td>\n<td align=\"right\">176<\/td>\n<td align=\"right\">172<\/td>\n<td align=\"right\">166<\/td>\n<td align=\"right\">121<\/td>\n<td align=\"right\">122<\/td>\n<td align=\"right\">129<\/td>\n<td align=\"right\">171<\/td>\n<\/tr>\n<tr>\n<td align=\"left\">\u00c1bside Media<\/td>\n<td>\u00a0<\/td>\n<td>\u00a0<\/td>\n<td>\u00a0<\/td>\n<td>\u00a0<\/td>\n<td align=\"right\">124<\/td>\n<td align=\"right\">142<\/td>\n<td align=\"right\">142<\/td>\n<\/tr>\n<tr>\n<td align=\"left\">RBA<\/td>\n<td align=\"right\">169<\/td>\n<td align=\"right\">164<\/td>\n<td align=\"right\">160<\/td>\n<td align=\"right\">131<\/td>\n<td align=\"right\">146<\/td>\n<td align=\"right\">129<\/td>\n<td align=\"right\">115<\/td>\n<\/tr>\n<tr>\n<td>\u00a0<\/td>\n<td>\u00a0<\/td>\n<td>\u00a0<\/td>\n<td>\u00a0<\/td>\n<td>\u00a0<\/td>\n<td>\u00a0<\/td>\n<td>\u00a0<\/td>\n<td>\u00a0<\/td>\n<\/tr>\n<\/tbody>\n<\/table>\n<p><\/strong> \t\t\t<\/div>\n<\/p><\/div>\n<\/div>\n<p> via <a href=\"https:\/\/urldefense.com\/v3\/__http:\/\/digimedios.es__;!!D9dNQwwGXtA!XGoTCRNIbAEtFFS8fNoKOJvywQY0qwVPcHcpPC0ZbyllCTn1_HvkgCuU-VLB-3sAPo-qohVGVF9SspcX$\" target=\"_blank\" rel=\"noopener\">digimedios.es<\/a> <a href=\"https:\/\/urldefense.com\/v3\/__https:\/\/digimedios.es__;!!D9dNQwwGXtA!XGoTCRNIbAEtFFS8fNoKOJvywQY0qwVPcHcpPC0ZbyllCTn1_HvkgCuU-VLB-3sAPo-qohVGVEDCOXk8$\" target=\"_blank\" rel=\"noopener\">https:\/\/digimedios.es<\/a><\/p>\n<p><\/div>\n<\/div>\n<div class=\"postie-attachments\"><a href=\"https:\/\/empresaperiodistica.umh.es\/?attachment_id=569\"><img loading=\"lazy\" src=\"https:\/\/empresaperiodistica.umh.es\/files\/2025\/02\/Captura-de-pantalla-2022-04-04-a-las-9.27.54-300x149.png\" alt=\"\" width=\"300px\" height=\"149px\" class=\"alignnone size-medium wp-image-569\" srcset=\"https:\/\/empresaperiodistica.umh.es\/files\/2025\/02\/Captura-de-pantalla-2022-04-04-a-las-9.27.54-300x149.png 300w, https:\/\/empresaperiodistica.umh.es\/files\/2025\/02\/Captura-de-pantalla-2022-04-04-a-las-9.27.54-1024x510.png 1024w, https:\/\/empresaperiodistica.umh.es\/files\/2025\/02\/Captura-de-pantalla-2022-04-04-a-las-9.27.54-768x383.png 768w, https:\/\/empresaperiodistica.umh.es\/files\/2025\/02\/Captura-de-pantalla-2022-04-04-a-las-9.27.54.png 1140w\" sizes=\"(max-width: 300px) 100vw, 300px\" \/><\/a><\/div>\n<\/div>\n","protected":false},"excerpt":{"rendered":"<p>En 2023, \u00faltimo ejercicio del que hay informaci\u00f3n completa, los ingresos de los principales grupos de comunicaci\u00f3n espa\u00f1oles ascendieron a 7.478 millones de euros, el 9,8% menos que los 8.295 millones de 2019, antes de la pandemia, seg\u00fan los c\u00e1lculos realizados por DigiMedios, a partir de la informaci\u00f3n contable disponible (pr\u00e1cticamente en su totalidad, las [&#8230;]<\/p>\n","protected":false},"author":1,"featured_media":0,"comment_status":"closed","ping_status":"open","sticky":false,"template":"","format":"standard","meta":{"_links_to":"","_links_to_target":""},"categories":[585,50986],"tags":[1393217],"_links":{"self":[{"href":"https:\/\/empresaperiodistica.umh.es\/ca\/wp-json\/wp\/v2\/posts\/566"}],"collection":[{"href":"https:\/\/empresaperiodistica.umh.es\/ca\/wp-json\/wp\/v2\/posts"}],"about":[{"href":"https:\/\/empresaperiodistica.umh.es\/ca\/wp-json\/wp\/v2\/types\/post"}],"author":[{"embeddable":true,"href":"https:\/\/empresaperiodistica.umh.es\/ca\/wp-json\/wp\/v2\/users\/1"}],"replies":[{"embeddable":true,"href":"https:\/\/empresaperiodistica.umh.es\/ca\/wp-json\/wp\/v2\/comments?post=566"}],"version-history":[{"count":0,"href":"https:\/\/empresaperiodistica.umh.es\/ca\/wp-json\/wp\/v2\/posts\/566\/revisions"}],"wp:attachment":[{"href":"https:\/\/empresaperiodistica.umh.es\/ca\/wp-json\/wp\/v2\/media?parent=566"}],"wp:term":[{"taxonomy":"category","embeddable":true,"href":"https:\/\/empresaperiodistica.umh.es\/ca\/wp-json\/wp\/v2\/categories?post=566"},{"taxonomy":"post_tag","embeddable":true,"href":"https:\/\/empresaperiodistica.umh.es\/ca\/wp-json\/wp\/v2\/tags?post=566"}],"curies":[{"name":"wp","href":"https:\/\/api.w.org\/{rel}","templated":true}]}}