{"id":61,"date":"2023-06-23T22:12:05","date_gmt":"2023-06-23T20:12:05","guid":{"rendered":"https:\/\/empresaperiodistica.umh.es\/?p=61"},"modified":"2023-06-24T08:28:53","modified_gmt":"2023-06-24T06:28:53","slug":"las-teles-autonomicas-pagaran-10-m-a-kantar-por-la-medicion-de-sus-audiencias-hasta-2026","status":"publish","type":"post","link":"https:\/\/empresaperiodistica.umh.es\/ca\/2023\/06\/23\/las-teles-autonomicas-pagaran-10-m-a-kantar-por-la-medicion-de-sus-audiencias-hasta-2026\/","title":{"rendered":"Las teles auton\u00f3micas pagar\u00e1n 10 M a Kantar por la medici\u00f3n de sus audiencias hasta 2026"},"content":{"rendered":"<p><\/p>\n<div class=\"postie-post\">\n<div><\/div>\n<div><\/p>\n<div class=\"gmail_quote\">\n<div dir=\"ltr\" class=\"gmail_attr\">Las teles auton\u00f3micas pagar\u00e1n 10 M\u20ac a Kantar por la medici\u00f3n de sus audiencias hasta 2026<\/div>\n<p> <a href=\"https:\/\/urldefense.com\/v3\/__https:\/\/ift.tt\/n1iaJdk__;!!D9dNQwwGXtA!TU4YSwHOx4DZtOXox_J_PQs5p-abkSIM5smgQkhqflxNW1Af28rXTAzYxaI9ESh_6kxghb6Kgru5Goi3$\" target=\"_blank\" rel=\"noopener\">https:\/\/ift.tt\/n1iaJdk<\/a><\/p>\n<p> <img loading=\"lazy\" src=\"https:\/\/dircomfidencial.com\/wp-content\/uploads\/2023\/06\/kantar-audiencia.jpg\" width=\"650\" alt=\"kantar audiencia\" height=\"365\" style=\"max-width: 100%;\"><\/p>\n<p>FORTA abonar\u00e1 3,5 millones de euros anuales al medidor de audiencias, por encima de los 2,1 millones que recibe de RTVE.<\/p>\n<div>Para seguir leyendo, suscr\u00edbete o inicia sesi\u00f3n si ya eres suscriptor.<\/div>\n<p> Periodismo<\/p>\n<p> via Dircomfidencial <a href=\"https:\/\/urldefense.com\/v3\/__https:\/\/ift.tt\/log48iV__;!!D9dNQwwGXtA!TU4YSwHOx4DZtOXox_J_PQs5p-abkSIM5smgQkhqflxNW1Af28rXTAzYxaI9ESh_6kxghb6Kgge0klJb$\" target=\"_blank\" rel=\"noopener\">https:\/\/ift.tt\/log48iV<\/a><\/p>\n<p> June 23, 2023 at 04:12AM <\/p><\/div>\n<\/div>\n<p><span class=\"gmail_signature_prefix\"><\/p>\n<div class=\"postie-attachments\"><a href=\"https:\/\/empresaperiodistica.umh.es\/?attachment_id=64\"><img loading=\"lazy\" src=\"https:\/\/empresaperiodistica.umh.es\/files\/2023\/06\/kantar-audiencia-300x168.jpg\" alt=\"\" width=\"300px\" height=\"168px\" class=\"alignnone size-medium wp-image-64\" srcset=\"https:\/\/empresaperiodistica.umh.es\/files\/2023\/06\/kantar-audiencia-300x168.jpg 300w, https:\/\/empresaperiodistica.umh.es\/files\/2023\/06\/kantar-audiencia.jpg 650w\" sizes=\"(max-width: 300px) 100vw, 300px\" \/><\/a><\/div>\n<\/div>\n<p><\/p>","protected":false},"excerpt":{"rendered":"<p>Las teles auton\u00f3micas pagar\u00e1n 10 M\u20ac a Kantar por la medici\u00f3n de sus audiencias hasta 2026<br \/>\n https:\/\/ift.tt\/n1iaJdk<\/p>\n<p>FORTA abonar\u00e1 3,5 millones de euros anuales al medidor de audiencias, por encima de los 2,1 millones que recibe de RTVE.<br \/>\nPara seguir leyendo, suscr\u00edbete o inicia sesi\u00f3n si ya eres suscriptor.<br \/>\n Periodismo<br \/>\n via Dircomfidencial https:\/\/ift.tt\/log48iV<br \/>\n June 23, 2023 [&#8230;]<\/p>\n","protected":false},"author":1,"featured_media":0,"comment_status":"closed","ping_status":"open","sticky":false,"template":"","format":"standard","meta":{"_links_to":"","_links_to_target":""},"categories":[41626],"tags":[1393217],"_links":{"self":[{"href":"https:\/\/empresaperiodistica.umh.es\/ca\/wp-json\/wp\/v2\/posts\/61"}],"collection":[{"href":"https:\/\/empresaperiodistica.umh.es\/ca\/wp-json\/wp\/v2\/posts"}],"about":[{"href":"https:\/\/empresaperiodistica.umh.es\/ca\/wp-json\/wp\/v2\/types\/post"}],"author":[{"embeddable":true,"href":"https:\/\/empresaperiodistica.umh.es\/ca\/wp-json\/wp\/v2\/users\/1"}],"replies":[{"embeddable":true,"href":"https:\/\/empresaperiodistica.umh.es\/ca\/wp-json\/wp\/v2\/comments?post=61"}],"version-history":[{"count":0,"href":"https:\/\/empresaperiodistica.umh.es\/ca\/wp-json\/wp\/v2\/posts\/61\/revisions"}],"wp:attachment":[{"href":"https:\/\/empresaperiodistica.umh.es\/ca\/wp-json\/wp\/v2\/media?parent=61"}],"wp:term":[{"taxonomy":"category","embeddable":true,"href":"https:\/\/empresaperiodistica.umh.es\/ca\/wp-json\/wp\/v2\/categories?post=61"},{"taxonomy":"post_tag","embeddable":true,"href":"https:\/\/empresaperiodistica.umh.es\/ca\/wp-json\/wp\/v2\/tags?post=61"}],"curies":[{"name":"wp","href":"https:\/\/api.w.org\/{rel}","templated":true}]}}