{"id":695,"date":"2025-10-04T21:35:17","date_gmt":"2025-10-04T19:35:17","guid":{"rendered":"https:\/\/empresaperiodistica.umh.es\/?p=695"},"modified":"2025-10-04T21:41:38","modified_gmt":"2025-10-04T19:41:38","slug":"una-tasa-digital-para-sostener-el-periodismo","status":"publish","type":"post","link":"https:\/\/empresaperiodistica.umh.es\/ca\/2025\/10\/04\/una-tasa-digital-para-sostener-el-periodismo\/","title":{"rendered":"Una tasa digital para sostener el periodismo"},"content":{"rendered":"<div class=\"postie-post\">\n<div dir=\"ltr\">\n<div>El Foro sobre la Informaci\u00f3n y la Democracia, cofundado por Reporteros Sin Fronteras (RSF), ha publicado el informe <a href=\"https:\/\/urldefense.com\/v3\/__https:\/\/informationdemocracy.org\/wp-content\/uploads\/2025\/08\/Policy-Brief-Digital-Taxes-for-Quality-Journalism.pdf__;!!D9dNQwwGXtA!T-LH6iGBe85E0qR2FTpr60hr7avbKYH-j2ELgBg8GWAvPJhKAsnIBBWBjjGhEvUynrB2zkVQqGjaA84L$\" target=\"_blank\" rel=\"noopener\"><em>A Digital Tax to Support Quality Journalism,<\/em><\/a>\u00a0en el que plantea de forma detallada la creaci\u00f3n de un sistema fiscal dirigido a las grandes plataformas digitales con el objetivo de financiar el periodismo de calidad y reducir la fragilidad econ\u00f3mica de los medios. El documento, elaborado con expertos y acad\u00e9micos internacionales, <strong>analiza distintas opciones tributarias y sus posibles mecanismos de implementaci\u00f3n.<\/strong><\/div>\n<div class=\"gmail_quote gmail_quote_container\">\n<p>El informe parte de un diagn\u00f3stico claro: la financiaci\u00f3n del periodismo atraviesa una crisis estructural agravada tras la pandemia. <strong>El desv\u00edo progresivo de la inversi\u00f3n publicitaria hacia las plataformas tecnol\u00f3gicas y la consolidaci\u00f3n de estas en el mercado digital han debilitado los modelos de negocio de los medios.<\/strong> El auge de la inteligencia artificial generativa, que se nutre en parte de contenidos period\u00edsticos sin retribuci\u00f3n directa a los editores, a\u00f1ade un nuevo frente de presi\u00f3n sobre la sostenibilidad del sector.<\/p>\n<h3>Tipos de impuestos propuestos<\/h3>\n<p>El estudio describe cuatro modalidades principales de fiscalidad digital que los pa\u00edses podr\u00edan aplicar, en ausencia de un marco global consensuado en la OCDE:<\/p>\n<ul>\n<li> <strong>Impuestos sobre servicios digitales<\/strong>, de car\u00e1cter amplio o centrados en la publicidad.<\/li>\n<li> <strong>Grav\u00e1menes culturales<\/strong>, similares a los aplicados en algunos pa\u00edses para financiar industrias audiovisuales.<\/li>\n<li> <strong>Ampliaci\u00f3n del IVA a servicios digitales<\/strong>, de forma espec\u00edfica y redistributiva.<\/li>\n<li> <strong>Tasas basadas en el valor generado por los usuarios<\/strong> en las plataformas.<\/li>\n<\/ul>\n<p>El \u00fanico precedente con conexi\u00f3n directa al periodismo es el impuesto sobre la publicidad digital en Austria, que gener\u00f3 124 millones de euros en 2024, de los que unos 20 millones se destinaron a medios, aunque todav\u00eda sin una asignaci\u00f3n estructural espec\u00edfica.<\/p>\n<p>El informe tambi\u00e9n recoge los principales desaf\u00edos para una tasa finalista en apoyo al periodismo:<\/p>\n<ul>\n<li>La <strong>falta de consenso p\u00fablico<\/strong> sobre destinar ingresos tributarios a los medios frente a otros sectores.<\/li>\n<li>El riesgo de crear <strong>dependencia excesiva de los medios respecto a las plataformas<\/strong>, perpetuando el v\u00ednculo con el mercado publicitario digital.<\/li>\n<li>La dificultad de <strong>definir qu\u00e9 es periodismo de inter\u00e9s p\u00fablico<\/strong> y de dise\u00f1ar f\u00f3rmulas de reparto justas.<\/li>\n<li>Obst\u00e1culos legales en algunos pa\u00edses, como ocurri\u00f3 en Chile, donde se hubiera requerido una reforma constitucional.<\/li>\n<\/ul>\n<h3>Recomendaciones principales<\/h3>\n<p>Entre las recomendaciones finales, el informe propone:<\/p>\n<ul>\n<li>Implementar cuanto antes una tasa digital con parte de los ingresos reservados a los medios.<\/li>\n<li>Considerar la inclusi\u00f3n de la inteligencia artificial en el dise\u00f1o del impuesto.<\/li>\n<li>Establecer agencias independientes con presencia de profesionales de los medios para gestionar los fondos.<\/li>\n<li>Garantizar criterios claros, transparentes y accesibles para que medios peque\u00f1os, locales, sin \u00e1nimo de lucro o digitales puedan beneficiarse.<\/li>\n<li>Evitar cualquier injerencia gubernamental en las decisiones editoriales de los medios receptores.<\/li>\n<\/ul>\n<p> via Laboratorio de Periodismo Luca de Tena <a href=\"https:\/\/urldefense.com\/v3\/__https:\/\/ift.tt\/myuHAja__;!!D9dNQwwGXtA!T-LH6iGBe85E0qR2FTpr60hr7avbKYH-j2ELgBg8GWAvPJhKAsnIBBWBjjGhEvUynrB2zkVQqHNMWeeq$\" target=\"_blank\" rel=\"noopener\">https:\/\/ift.tt\/myuHAja<\/a><\/p>\n<p> September 11, 2025 at 08:21AM <\/p><\/div>\n<\/div>\n<div class=\"postie-attachments\"><a href=\"https:\/\/empresaperiodistica.umh.es\/?attachment_id=698\"><img loading=\"lazy\" src=\"https:\/\/empresaperiodistica.umh.es\/files\/2025\/10\/Captura-de-pantalla-2025-10-04-a-las-21.34.35-295x300.png\" alt=\"\" width=\"295px\" height=\"300px\" class=\"alignnone size-medium wp-image-698\" srcset=\"https:\/\/empresaperiodistica.umh.es\/files\/2025\/10\/Captura-de-pantalla-2025-10-04-a-las-21.34.35-295x300.png 295w, https:\/\/empresaperiodistica.umh.es\/files\/2025\/10\/Captura-de-pantalla-2025-10-04-a-las-21.34.35.png 426w\" sizes=\"(max-width: 295px) 100vw, 295px\" \/><\/a><\/div>\n<\/div>\n","protected":false},"excerpt":{"rendered":"<p>El Foro sobre la Informaci\u00f3n y la Democracia, cofundado por Reporteros Sin Fronteras (RSF), ha publicado el informe A Digital Tax to Support Quality Journalism,\u00a0en el que plantea de forma detallada la creaci\u00f3n de un sistema fiscal dirigido a las grandes plataformas digitales con el objetivo de financiar el periodismo de calidad y reducir la [&#8230;]<\/p>\n","protected":false},"author":1,"featured_media":0,"comment_status":"closed","ping_status":"open","sticky":false,"template":"","format":"standard","meta":{"_links_to":"","_links_to_target":""},"categories":[585,50986],"tags":[1393217],"_links":{"self":[{"href":"https:\/\/empresaperiodistica.umh.es\/ca\/wp-json\/wp\/v2\/posts\/695"}],"collection":[{"href":"https:\/\/empresaperiodistica.umh.es\/ca\/wp-json\/wp\/v2\/posts"}],"about":[{"href":"https:\/\/empresaperiodistica.umh.es\/ca\/wp-json\/wp\/v2\/types\/post"}],"author":[{"embeddable":true,"href":"https:\/\/empresaperiodistica.umh.es\/ca\/wp-json\/wp\/v2\/users\/1"}],"replies":[{"embeddable":true,"href":"https:\/\/empresaperiodistica.umh.es\/ca\/wp-json\/wp\/v2\/comments?post=695"}],"version-history":[{"count":0,"href":"https:\/\/empresaperiodistica.umh.es\/ca\/wp-json\/wp\/v2\/posts\/695\/revisions"}],"wp:attachment":[{"href":"https:\/\/empresaperiodistica.umh.es\/ca\/wp-json\/wp\/v2\/media?parent=695"}],"wp:term":[{"taxonomy":"category","embeddable":true,"href":"https:\/\/empresaperiodistica.umh.es\/ca\/wp-json\/wp\/v2\/categories?post=695"},{"taxonomy":"post_tag","embeddable":true,"href":"https:\/\/empresaperiodistica.umh.es\/ca\/wp-json\/wp\/v2\/tags?post=695"}],"curies":[{"name":"wp","href":"https:\/\/api.w.org\/{rel}","templated":true}]}}