{"id":716,"date":"2025-10-12T22:11:12","date_gmt":"2025-10-12T20:11:12","guid":{"rendered":"https:\/\/empresaperiodistica.umh.es\/?p=716"},"modified":"2025-10-20T07:43:29","modified_gmt":"2025-10-20T05:43:29","slug":"la-industria-publicitaria-renueva-a-gfk-dam-mientras-prepara-un-nuevo-modelo-de-medicion","status":"publish","type":"post","link":"https:\/\/empresaperiodistica.umh.es\/ca\/2025\/10\/12\/la-industria-publicitaria-renueva-a-gfk-dam-mientras-prepara-un-nuevo-modelo-de-medicion\/","title":{"rendered":"La industria publicitaria renueva a GFK DAM mientras prepara un nuevo modelo de medici\u00f3n"},"content":{"rendered":"<div class=\"postie-post\">\n<div dir=\"ltr\">\n<div><\/div>\n<div class=\"gmail_quote gmail_quote_container\"> <img loading=\"lazy\" width=\"650\" alt=\"Audiencia\" src=\"https:\/\/dircomfidencial.com\/wp-content\/uploads\/2025\/10\/Medicion.png\" height=\"365\" style=\"max-width:100%\"><\/p>\n<p>Las asociaciones que representan la industria publicitaria \u2014la Asociaci\u00f3n Espa\u00f1ola de Anunciantes (AEA), la Asociaci\u00f3n para la Investigaci\u00f3n de Medios de Comunicaci\u00f3n (AIMC) y la Interactive Advertising Bureau (IAB)\u2014 confirman que est\u00e1n trabajando en<strong> un nuevo modelo de medici\u00f3n de audiencias digitales<\/strong>, en la cuenta atr\u00e1s a la finalizaci\u00f3n del contrato mantenido con el actual medidor oficial oficial, vigente hasta diciembre.<\/p>\n<p>La Comisi\u00f3n de Seguimiento de la Medici\u00f3n Digital ha anunciado su intenci\u00f3n de <strong>renovar el acuerdo suscrito con GfK<\/strong> desde 2022 hasta la implementaci\u00f3n de la nueva propuesta de medici\u00f3n. \u00abDurante estos a\u00f1os, la combinaci\u00f3n de la amplia trayectoria y experiencia global con el conocimiento local han marcado la operativa, destacando el Media Hub ubicado en Madrid con profesionales expertos en investigaci\u00f3n,\u00a0<em>data science\u00a0<\/em>e IA\u00bb, ha destacado el medidor a trav\u00e9s de un comunicado.<\/p>\n<blockquote>\n<p>El contrato entre el medidor oficial y las asociaciones que representan la industria publicitaria finaliza en diciembre.<\/p>\n<\/blockquote>\n<p>La industria da un paso al frente tras meses de reuniones, en las que se ha manifestado un clima de malestar en el sector por los actuales modelos de medici\u00f3n, considerados insatisfactorios. De hecho, como adelant\u00f3 DIRCOMFIDENCIAL, han barajado varias soluciones como <a rel=\"noopener\" href=\"https:\/\/urldefense.com\/v3\/__https:\/\/dircomfidencial.com\/medios\/la-patronal-de-la-prensa-estudia-un-modelo-propio-de-medicion-de-audiencia-de-la-mano-de-una-big-four-20250421-0405\/__;!!D9dNQwwGXtA!WCr1DIcdbYYeu3cC6dqPJdS4VlKOYpneND4oYdkrEPdc9OpADmymyYXHwBgOAK0tfxNQDZavSpGFNkT5$\" target=\"_blank\">la creaci\u00f3n de una<\/a> <a href=\"https:\/\/urldefense.com\/v3\/__https:\/\/dircomfidencial.com\/medios\/la-patronal-de-la-prensa-estudia-un-modelo-propio-de-medicion-de-audiencia-de-la-mano-de-una-big-four-20250421-0405\/__;!!D9dNQwwGXtA!WCr1DIcdbYYeu3cC6dqPJdS4VlKOYpneND4oYdkrEPdc9OpADmymyYXHwBgOAK0tfxNQDZavSpGFNkT5$\" target=\"_blank\" rel=\"noopener\"><strong>Joint Industry Committee (JIC)<\/strong><\/a>, como alternativa a que cada diario contrate individualmente a sus medidores.<\/p>\n<p>Adem\u00e1s, otra soluci\u00f3n pasa por<strong> <a rel=\"noopener\" href=\"https:\/\/urldefense.com\/v3\/__https:\/\/dircomfidencial.com\/medios\/la-industria-pide-a-la-aimc-que-elabore-el-pliego-del-concurso-para-la-medicion-de-audiencias-digitales-20250522-0405\/__;!!D9dNQwwGXtA!WCr1DIcdbYYeu3cC6dqPJdS4VlKOYpneND4oYdkrEPdc9OpADmymyYXHwBgOAK0tfxNQDZavSrYGBryS$\" target=\"_blank\">encargar a la AIMC<\/a> la elaboraci\u00f3n de una propuesta de pliego t\u00e9cnico<\/strong> previo al lanzamiento del concurso para escoger medidor oficial.<\/p>\n<p> via Dircomfidencial <a href=\"https:\/\/urldefense.com\/v3\/__https:\/\/ift.tt\/pzTPunE__;!!D9dNQwwGXtA!WCr1DIcdbYYeu3cC6dqPJdS4VlKOYpneND4oYdkrEPdc9OpADmymyYXHwBgOAK0tfxNQDZavSo-DMrRd$\" target=\"_blank\" rel=\"noopener\">https:\/\/ift.tt\/pzTPunE<\/a><\/p>\n<p> October 8, 2025 at 02:36PM <\/p><\/div>\n<\/div>\n<div class=\"postie-attachments\"><a href=\"https:\/\/empresaperiodistica.umh.es\/?attachment_id=719\"><img loading=\"lazy\" src=\"https:\/\/empresaperiodistica.umh.es\/files\/2025\/10\/medicion-300x168.png\" alt=\"\" width=\"300px\" height=\"168px\" class=\"alignnone size-medium wp-image-719\" srcset=\"https:\/\/empresaperiodistica.umh.es\/files\/2025\/10\/medicion-300x168.png 300w, https:\/\/empresaperiodistica.umh.es\/files\/2025\/10\/medicion.png 650w\" sizes=\"(max-width: 300px) 100vw, 300px\" \/><\/a><\/div>\n<\/div>\n","protected":false},"excerpt":{"rendered":"<p>Las asociaciones que representan la industria publicitaria \u2014la Asociaci\u00f3n Espa\u00f1ola de Anunciantes (AEA), la Asociaci\u00f3n para la Investigaci\u00f3n de Medios de Comunicaci\u00f3n (AIMC) y la Interactive Advertising Bureau (IAB)\u2014 confirman que est\u00e1n trabajando en un nuevo modelo de medici\u00f3n de audiencias digitales, en la cuenta atr\u00e1s a la finalizaci\u00f3n del contrato mantenido con el [&#8230;]<\/p>\n","protected":false},"author":1,"featured_media":0,"comment_status":"closed","ping_status":"open","sticky":false,"template":"","format":"standard","meta":{"_links_to":"","_links_to_target":""},"categories":[41626],"tags":[1393217],"_links":{"self":[{"href":"https:\/\/empresaperiodistica.umh.es\/ca\/wp-json\/wp\/v2\/posts\/716"}],"collection":[{"href":"https:\/\/empresaperiodistica.umh.es\/ca\/wp-json\/wp\/v2\/posts"}],"about":[{"href":"https:\/\/empresaperiodistica.umh.es\/ca\/wp-json\/wp\/v2\/types\/post"}],"author":[{"embeddable":true,"href":"https:\/\/empresaperiodistica.umh.es\/ca\/wp-json\/wp\/v2\/users\/1"}],"replies":[{"embeddable":true,"href":"https:\/\/empresaperiodistica.umh.es\/ca\/wp-json\/wp\/v2\/comments?post=716"}],"version-history":[{"count":0,"href":"https:\/\/empresaperiodistica.umh.es\/ca\/wp-json\/wp\/v2\/posts\/716\/revisions"}],"wp:attachment":[{"href":"https:\/\/empresaperiodistica.umh.es\/ca\/wp-json\/wp\/v2\/media?parent=716"}],"wp:term":[{"taxonomy":"category","embeddable":true,"href":"https:\/\/empresaperiodistica.umh.es\/ca\/wp-json\/wp\/v2\/categories?post=716"},{"taxonomy":"post_tag","embeddable":true,"href":"https:\/\/empresaperiodistica.umh.es\/ca\/wp-json\/wp\/v2\/tags?post=716"}],"curies":[{"name":"wp","href":"https:\/\/api.w.org\/{rel}","templated":true}]}}