{"id":96,"date":"2023-09-21T20:19:11","date_gmt":"2023-09-21T18:19:11","guid":{"rendered":"https:\/\/empresaperiodistica.umh.es\/?p=96"},"modified":"2023-09-21T20:41:49","modified_gmt":"2023-09-21T18:41:49","slug":"el-magnate-rupert-murdoch-deja-la-presidencia-de-fox","status":"publish","type":"post","link":"https:\/\/empresaperiodistica.umh.es\/ca\/2023\/09\/21\/el-magnate-rupert-murdoch-deja-la-presidencia-de-fox\/","title":{"rendered":"El magnate Rupert Murdoch deja la presidencia de Fox"},"content":{"rendered":"<p><\/p>\n<div class=\"postie-post\">\n<div dir=\"ltr\">\n<div class=\"gmail_default\" style=\"font-family:trebuchet ms,sans-serif;color:#073763\"><span style=\"font-family:Arial,Helvetica,sans-serif;color:rgb(34,34,34)\"><br \/><\/span><\/div>\n<div class=\"gmail_default\" style=\"font-family:trebuchet ms,sans-serif;color:#073763\"><span style=\"font-family:Arial,Helvetica,sans-serif;color:rgb(34,34,34)\">La &#8220;abdicaci\u00f3n&#8221; de Rupert Murdoch<\/span><\/div>\n<div class=\"gmail_quote\"> <a href=\"https:\/\/urldefense.com\/v3\/__https:\/\/ift.tt\/wBxmzEo__;!!D9dNQwwGXtA!V5ySzW0J_fq7vtMlqmEjMafKL0RHUJLLbwFNG21YmmP06tGSY1myHRgAiD50HM_jFd2GWteqQ5CkYvzq$\" target=\"_blank\" rel=\"noopener\">https:\/\/ift.tt\/wBxmzEo<\/a><\/p>\n<div>\n<div>\n<div>\n<p><span>Actualizado <\/span> Jueves, 21 septiembre 2023 &#8211; <span>19:28<\/span><\/p>\n<\/div>\n<p>El magnate asegura en una carta a los empleados que las compa\u00f1\u00edas del grupo &#8220;gozan de buena salud&#8221;, pero reconoce: &#8220;Ha llegado el momento de asumir un nuevo papel&#8221;<\/p>\n<div><img loading=\"lazy\" width=\"2331\" alt=\"Rupert Murdoch\" src=\"https:\/\/e00-elmundo.uecdn.es\/assets\/multimedia\/imagenes\/2023\/09\/21\/16953062920567.jpg\" height=\"1554\" style=\"max-width:100%\"><\/div>\n<p> <span>Rupert Murdoch, en una imagen de archivo.<\/span><span><span>JASON REED<\/span><span>REUTERS<\/span><\/span> <\/div>\n<div>\n<p>A sus <strong>92 a\u00f1os<\/strong>, al cabo de siete d\u00e9cadas al frente de su vasto <strong>imperio medi\u00e1tico a ambos lados del Atl\u00e1ntico y el Pac\u00edfico<\/strong>, lleg\u00f3 el momento de la &#8220;abdicaci\u00f3n&#8221; de <strong>Rupert Murdoch<\/strong>, reconvertido en &#8220;presidente em\u00e9rito&#8221; de <strong>Fox<\/strong> y <strong>News Corp<\/strong> y presto a ceder el tim\u00f3n a su hijo mayor <strong>Lachlan<\/strong> en un momento especialmente turbulento.<\/p>\n<p>&#8220;Durante toda mi vida profesional he estado ocupado con la actualidad diaria y con las ideas, y eso no va a cambiar&#8221;, declar\u00f3 <strong>Murdoch<\/strong> en su carta de despedida, dirigida al personal del <a href=\"https:\/\/urldefense.com\/v3\/__https:\/\/www.wsj.com\/business\/media\/rupert-murdoch-to-step-down-as-chair-of-fox-and-news-corp-after-seven-decade-career-a71da24__;!!D9dNQwwGXtA!V5ySzW0J_fq7vtMlqmEjMafKL0RHUJLLbwFNG21YmmP06tGSY1myHRgAiD50HM_jFd2GWteqQyg31K8d$\" target=\"_blank\" rel=\"noopener\"><i>Wall Street Journal<\/i><\/a>, su cabecera m\u00e1s prestigiosa. <strong>&#8220;Dejo mis compa\u00f1\u00edas en buena salud, como yo mismo&#8221;<\/strong>, matiz\u00f3 en el momento de su &#8220;jubilaci\u00f3n&#8221;, al rebufo de la reciente crisis americana de <strong>Fox News<\/strong> (doce a\u00f1os despu\u00e9s del esc\u00e1ndalo de las escuchas ilegales que forz\u00f3 su repliegue en el Reino Unido).<\/p>\n<div>\n<p>Para saber m\u00e1s<\/p>\n<div>\n<div>\n<div>\n<div>\n<div><img loading=\"lazy\" src=\"https:\/\/e00-elmundo.uecdn.es\/assets\/multimedia\/imagenes\/2023\/04\/28\/16827000066548.jpg\" width=\"1200\" height=\"800\" style=\"max-width:100%\"><\/div>\n<\/div>\n<div> <span>Golpe al multimillonario imperio de la mentira. <\/span><a href=\"https:\/\/urldefense.com\/v3\/__https:\/\/www.elmundo.es\/papel\/historias\/2023\/04\/29\/644bc1b521efa0fe5f8b45e7.html__;!!D9dNQwwGXtA!V5ySzW0J_fq7vtMlqmEjMafKL0RHUJLLbwFNG21YmmP06tGSY1myHRgAiD50HM_jFd2GWteqQ9-E-c57$\" target=\"_blank\" rel=\"noopener\"><\/p>\n<h2>Por qu\u00e9 se agota el negocio de las fake news<\/h2>\n<p><\/a><\/p>\n<div>\n<ul>\n<li> <span><span>Redacci\u00f3n: <\/span> RODRIGO TERRASA <\/span><span>Madrid<\/span> <\/li>\n<li><span><span>Redacci\u00f3n: <\/span> ILUSTRACIONES: JOSETXU L. PI\u00d1EIRO <\/span><\/li>\n<\/ul>\n<\/div><\/div>\n<\/p><\/div>\n<p> <a href=\"https:\/\/urldefense.com\/v3\/__https:\/\/www.elmundo.es\/papel\/historias\/2023\/04\/29\/644bc1b521efa0fe5f8b45e7.html__;!!D9dNQwwGXtA!V5ySzW0J_fq7vtMlqmEjMafKL0RHUJLLbwFNG21YmmP06tGSY1myHRgAiD50HM_jFd2GWteqQ9-E-c57$\" target=\"_blank\" rel=\"noopener\"><span>Por qu\u00e9 se agota el negocio de las fake news<\/span><\/a><\/div>\n<\/div><\/div>\n<p>Su marcha se produce precisamente en v\u00edsperas de la publicaci\u00f3n de <i><strong>La ca\u00edda: el final de Fox News y de la dinast\u00eda Murdoch<\/strong><\/i>, de Michael Wolff, <strong>el bi\u00f3grafo de Donald Trump<\/strong> con <i>Fuego y Furia<\/i>. El canal por excelencia de <strong>Murdoch <\/strong>entr\u00f3 en barrena precisamente este a\u00f1o tras perder el juicio por difamaci\u00f3n con la compa\u00f1\u00eda Dominion, falsamente acusada de manipular los votos contra Trump en las elecciones presidenciales del 2020.<\/p>\n<p><strong>Fox News se vio obligada a parar 738 millones de euros de compensaci\u00f3n<\/strong>, y su presentador m\u00e1s popular, el ultraconservador Tucker Carlson,<strong> tuvo que salir por la puerta de atr\u00e1s despu\u00e9s de haberse autoproclamado &#8220;mensajero de Dios&#8221;<\/strong>. Otra compa\u00f1\u00eda acusada por Fox News de particiapr en fraude electoral, Smartmatic Voting Systems, reclama ahora 2.500 millones de euros tambi\u00e9n por difamaci\u00f3n. El abogado de la compa\u00f1\u00eda, J. Erik Connolly, acus\u00f3 a <strong>Rupert Murdoch<\/strong> de &#8220;actuar como un boss de la mafia&#8221;, en una vista judicial celebrada esta semana.<\/p>\n<p>La suerte final de<strong> Rupert Murdoch<\/strong>, cuyo apoyo fue fundamental para el ascenso de figuras como al conservadora <strong>Margaret Thatcher <\/strong>o el laborista <strong>Tony Blair<\/strong> en el Reino Unido, ha estado pues muy ligada a su implicaci\u00f3n en las dos \u00faltimas elecciones presidenciales en Estados Unidos. Otro libro demoledor, <i>La red de las mentiras: la saga \u00e9pica de Fox News, Donald Trump y la batalla por las democracia en Am\u00e9rica<\/i>, firmado por Brian Stelter, amenazaba con ser el \u00faltimo clavo en el devaluado pero lucrativo imperio medi\u00e1tico.<\/p>\n<div><img loading=\"lazy\" width=\"1024\" alt=\"Laclan y Rupert Murdoch, en 2015\" src=\"https:\/\/e00-elmundo.uecdn.es\/assets\/multimedia\/imagenes\/2023\/09\/21\/16953030940747.jpg\" height=\"650\" style=\"max-width:100%\"><\/div>\n<p> <span>Laclan y Rupert Murdoch, en 2015<\/span><span><span>Evan Agostini<\/span><span>AP<\/span><\/span><\/p>\n<p>Con una f<strong>ortuna estimada entre 16.000 y 20.000 millones de euros<\/strong>, Rupert Murdoch no solo controlaba la Fox Corporation, el <i>Wall Street Journal<\/i> (a trav\u00e9s de Dow Jones) y el <i>New York Post<\/i>, sino tambi\u00e9n <i>The Times<\/i>, <i>The Sun<\/i> y el canal TalkTV en el Reino Unido, la editorial HaperCollins y The Australian, el <i>Herald Sun<\/i>, el <i>Daily Telegraph<\/i> y Sky News en su Australia natal (Melbourne, 1931).<\/p>\n<p><strong>&#8220;Ha llegado el momento de asumir un nuevo papel&#8221;<\/strong>, reconoci\u00f3 Murdoch en el momento de soltar el tim\u00f3n y anunciar que seguir\u00e1 supervisando desde lejos la nave en calidad de &#8220;presidente em\u00e9rito&#8221;.<\/p>\n<p>Su despedida fue tambi\u00e9n la carta de presentaci\u00f3n de su hijo mayor, de 52 a\u00f1os, <strong>como &#8220;un l\u00edder apasionado y con principios&#8221;<\/strong>, capaz de proyectar su imperio medi\u00e1tico hacia el futuro. <strong>Lachlan Murdoch<\/strong> tom\u00f3 el testigo sobre la marcha y felicit\u00f3 a su padre &#8220;por su extraordinaria carrera de 70 a\u00f1os&#8221;.<\/p>\n<p>El hijo pr\u00f3digo destac\u00f3 &#8220;la visi\u00f3n, el esp\u00edritu pionero y la determinaci\u00f3n&#8221; de su progenitor, y destac\u00f3 el &#8220;legado perdurable que deja en las compa\u00f1\u00edas que fund\u00f3 y en las personas incontables en las que tuvo impacto&#8221;. <\/p>\n<p><strong>Pas\u00f3 obviamente por alto sus &#8220;tropezones&#8221;, de los incontables pleitos legales a las acusaciones de pr\u00e1cticas monopol\u00edsticas<\/strong>, de la manipulaci\u00f3n de su medios al servicio de causas pol\u00edticas a la investigaci\u00f3n policial y parlamentaria que le oblig\u00f3 a cerrar <i>News of the World<\/i>, por el esc\u00e1ndalo de las escuchas ilegales.<\/p>\n<p>La &#8220;jubilaci\u00f3n&#8221; de Murdoch <strong>ha tenido un triple impacto en Estados Unidos, en Australia y en el Reino Unido<\/strong>, donde lleg\u00f3 a establecer su base operativa durante d\u00e9cadas y desde donde logr\u00f3 consolidar su imperio aprovechando su influencia pol\u00edtica.<\/p>\n<p>Su ajetreada vida personal le hab\u00eda convertido en el \u00faltimo a\u00f1o en carne de ca\u00f1\u00f3n de su propios tabloides. En junio del 2022 se cas\u00f3 con <strong>Jerry Hal<\/strong>l, la flamante ex eposa de Mick Jagger, para divorciarse al cabo de seis a\u00f1os. Antes hab\u00eda estado casado, por este orden, con P<strong>atricia Booker, Anna Maria Torv y Wendi Deng<\/strong>. Este mismo a\u00f1o, Murdoch lleg\u00f3 a anunciar el compromiso -roto a las dos semanas- con la que habr\u00eda sido su quinta esposa, <strong>Ann Lesley Smith<\/strong>, por desaveniencias personales y &#8220;religiosas&#8221;.<\/p>\n<\/div>\n<\/div>\n<p> via ELMUNDO <a href=\"https:\/\/urldefense.com\/v3\/__https:\/\/www.elmundo.es__;!!D9dNQwwGXtA!V5ySzW0J_fq7vtMlqmEjMafKL0RHUJLLbwFNG21YmmP06tGSY1myHRgAiD50HM_jFd2GWteqQ_ZVsTmY$\" target=\"_blank\" rel=\"noopener\">https:\/\/www.elmundo.es<\/a><\/p>\n<p> September 21, 2023 at 08:11PM <\/p><\/div>\n<\/div>\n<div class=\"postie-attachments\"><a href=\"https:\/\/empresaperiodistica.umh.es\/?attachment_id=98\"><img loading=\"lazy\" src=\"https:\/\/empresaperiodistica.umh.es\/files\/2023\/09\/16953030940747-300x190.jpg\" alt=\"\" width=\"300px\" height=\"190px\" class=\"alignnone size-medium wp-image-98\" srcset=\"https:\/\/empresaperiodistica.umh.es\/files\/2023\/09\/16953030940747-300x190.jpg 300w, https:\/\/empresaperiodistica.umh.es\/files\/2023\/09\/16953030940747-768x488.jpg 768w, https:\/\/empresaperiodistica.umh.es\/files\/2023\/09\/16953030940747.jpg 1024w\" sizes=\"(max-width: 300px) 100vw, 300px\" \/><\/a><\/div>\n<\/div>\n<p><\/p>","protected":false},"excerpt":{"rendered":"<p>La &#8220;abdicaci\u00f3n&#8221; de Rupert Murdoch<br \/>\n https:\/\/ift.tt\/wBxmzEo<\/p>\n<p>Actualizado  Jueves, 21 septiembre 2023 &#8211; 19:28<\/p>\n<p>El magnate asegura en una carta a los empleados que las compa\u00f1\u00edas del grupo &#8220;gozan de buena salud&#8221;, pero reconoce: &#8220;Ha llegado el momento de asumir un nuevo papel&#8221;<\/p>\n<p> Rupert Murdoch, en una imagen de archivo.JASON REEDREUTERS <\/p>\n<p>A sus 92 a\u00f1os, al cabo [&#8230;]<\/p>\n","protected":false},"author":1,"featured_media":0,"comment_status":"closed","ping_status":"open","sticky":false,"template":"","format":"standard","meta":{"_links_to":"","_links_to_target":""},"categories":[3372,1393805,1393463],"tags":[1393217],"_links":{"self":[{"href":"https:\/\/empresaperiodistica.umh.es\/ca\/wp-json\/wp\/v2\/posts\/96"}],"collection":[{"href":"https:\/\/empresaperiodistica.umh.es\/ca\/wp-json\/wp\/v2\/posts"}],"about":[{"href":"https:\/\/empresaperiodistica.umh.es\/ca\/wp-json\/wp\/v2\/types\/post"}],"author":[{"embeddable":true,"href":"https:\/\/empresaperiodistica.umh.es\/ca\/wp-json\/wp\/v2\/users\/1"}],"replies":[{"embeddable":true,"href":"https:\/\/empresaperiodistica.umh.es\/ca\/wp-json\/wp\/v2\/comments?post=96"}],"version-history":[{"count":0,"href":"https:\/\/empresaperiodistica.umh.es\/ca\/wp-json\/wp\/v2\/posts\/96\/revisions"}],"wp:attachment":[{"href":"https:\/\/empresaperiodistica.umh.es\/ca\/wp-json\/wp\/v2\/media?parent=96"}],"wp:term":[{"taxonomy":"category","embeddable":true,"href":"https:\/\/empresaperiodistica.umh.es\/ca\/wp-json\/wp\/v2\/categories?post=96"},{"taxonomy":"post_tag","embeddable":true,"href":"https:\/\/empresaperiodistica.umh.es\/ca\/wp-json\/wp\/v2\/tags?post=96"}],"curies":[{"name":"wp","href":"https:\/\/api.w.org\/{rel}","templated":true}]}}