{"id":110,"date":"2023-10-07T09:06:57","date_gmt":"2023-10-07T07:06:57","guid":{"rendered":"https:\/\/empresaperiodistica.umh.es\/?p=110"},"modified":"2023-10-07T09:09:51","modified_gmt":"2023-10-07T07:09:51","slug":"la-mayoria-de-oyentes-de-podcasts-esta-dispuesta-a-pagar-hasta-3-euros-al-mes-por-sus-contenidos-preferidos","status":"publish","type":"post","link":"https:\/\/empresaperiodistica.umh.es\/en\/2023\/10\/07\/la-mayoria-de-oyentes-de-podcasts-esta-dispuesta-a-pagar-hasta-3-euros-al-mes-por-sus-contenidos-preferidos\/","title":{"rendered":"La mayor\u00eda de oyentes de podcasts est\u00e1 dispuesta a pagar hasta 3 euros al mes por sus contenidos preferidos"},"content":{"rendered":"<p><\/p>\n<div class=\"postie-post\">\n<div dir=\"ltr\">\n<div class=\"gmail_default\" style=\"font-family:trebuchet ms,sans-serif;color:#073763\"><\/div>\n<div class=\"gmail_quote\"> <a href=\"https:\/\/urldefense.com\/v3\/__https:\/\/ift.tt\/HsjCyRt__;!!D9dNQwwGXtA!XXhWu-dUTw8KGU5qnLniVRn8ofH_Us1UORqyDnewH7vUF3ZOPuGwyCE6UaWsFuNNIAigFG98QiDKxnvV$\" target=\"_blank\" rel=\"noopener\">https:\/\/ift.tt\/HsjCyRt<\/a><\/p>\n<p> <img loading=\"lazy\" src=\"https:\/\/dircomfidencial.com\/wp-content\/uploads\/2023\/09\/Podcast.png\" width=\"650\" alt=\"Podcast\" height=\"365\" style=\"max-width:100%\"><\/p>\n<p>En el <em>boom<\/em> de las suscripciones, el podcast busca hacerse hueco. Seg\u00fan el \u00faltimo informe sobre el consumo de podcasts en espa\u00f1ol, que desde hace tres a\u00f1os publica la plataforma iVoox a partir de una encuesta a m\u00e1s de 3.600 oyentes, <strong>el 58% de los oyentes est\u00e1 dispuesto a pagar por consumir sus contenidos preferidos.<\/strong><\/p>\n<p>Los motivos que les impulsan a hacerlo son <strong>ayudar a los creadores (59%), el acceso a contenido exclusivo (47%) y omitir la publicidad (47%)<\/strong>. Eso s\u00ed, la mayor\u00eda est\u00e1 dispuesta a contribuir econ\u00f3micamente <strong>hasta 3 euros mensuales (57%)<\/strong>, mientras que <strong>una minor\u00eda (6%) pagar\u00eda m\u00e1s de 5 euros<\/strong>. Ahora mismo, <strong>uno de cada cuatro oyentes asegura que paga por escuchar uno o m\u00e1s podcasts<\/strong>.<\/p>\n<p>No obstante, la opci\u00f3n de consumir podcasts con publicidad tambi\u00e9n recibe buena acogida. <strong>El 60% de los encuestados acepta anuncios en sus contenidos<\/strong>, siempre que el tono encaje con el contenido, y <strong>el 33% afirma que les presta m\u00e1s atenci\u00f3n que a los anuncios en medios como televisi\u00f3n o radio<\/strong>. Una mayor atenci\u00f3n que se explica, en buena parte, por la confianza que les transmiten sus podcasters preferidos. <strong>El 69% se\u00f1ala que se lleva una mejor impresi\u00f3n de la marca o servicio cuando es anunciado por un podcaster en el que conf\u00eda<\/strong>, y un 32%, que lo comprar\u00eda. De hecho, <strong>el 12% admite haber comprado un producto o servicio anunciado en un podcast<\/strong>.<\/p>\n<p>\u00a0<\/p>\n<blockquote>\n<p>Uno de cada tres oyentes asegura que presta m\u00e1s atenci\u00f3n a los anuncios de podcasts que a los de la radio o televisi\u00f3n.<\/p>\n<\/blockquote>\n<p>La tecnolog\u00eda (27%), la cultura y educaci\u00f3n (24%) y el ocio (22%) son los sectores m\u00e1s atractivos a la hora de escuchar anuncios, a pesar de que ninguno forma parte del podio de sectores que m\u00e1s invierten en campa\u00f1as, que son:<strong> la telefon\u00eda (15%), el hogar y la alimentaci\u00f3n (8%) y la salud, bienestar y seguros (8%)<\/strong>.<\/p>\n<p>iVoox se\u00f1ala en su informe que este a\u00f1o los oyentes de podcast en castellano <strong>escucharon 9,5 horas a la semana, reproduciendo 4,2 episodios de media en total<\/strong>. Uno de cada tres oyentes responde que <strong>escucha m\u00e1s podcasts hoy que el a\u00f1o pasado y m\u00e1s de la mitad, que lo hace con la misma asiduidad que entonces<\/strong>. El 48% los escucha de forma diaria y el 63% consume m\u00e1s de cuatro horas semanales (un 6% m\u00e1s que en 2022).<\/p>\n<p>El observatorio de la plataforma l\u00edder de podcast tambi\u00e9n se\u00f1ala que<strong> los oyentes est\u00e1n suscritos a 4,9 podcasts de media<\/strong>. Casi un 40% siguen entre 4 y 10 podcast distintos y un 21% entre 10 y 20; y <strong>el m\u00f3vil es el dispositivo m\u00e1s empleado para escucharlos (97%)<\/strong>, por delante del coche (13%) y el ordenador (10%).<\/p>\n<p>\u00a0<\/p>\n<h2><strong>Tem\u00e1ticas<\/strong><\/h2>\n<p>Las tem\u00e1ticas m\u00e1s escuchadas han sido <strong>el misterio (15,20%), la historia (14,16%) y el humor (9,19%)<\/strong>, reafirmando el inter\u00e9s de la audiencia por el aprendizaje y el entretenimiento. Adem\u00e1s, crece la escucha en la tem\u00e1tica de <strong>noticias y sucesos<\/strong>, debido al inter\u00e9s por el<em> true crime<\/em>. En cuanto a la demanda de contenido, el oyente quiere encontrar m\u00e1s podcasts <strong>divulgativos, siendo la historia (36,58%), el misterio (28,96%) y la ciencia (19,19%) las m\u00e1s solicitadas<\/strong>.<\/p>\n<p>Por otro lado, eligen el podcast principalmente por su facilidad de escucha mientras hacen otras cosas (65,73%), como fuente de aprendizaje (62,58%), por su posibilidad de escucha donde y cuando quieran (61,29%) y para entretenerse (60,11%).<\/p>\n<p>En cuanto al perfil del oyente, se confirma que sigue existiendo paridad en el inter\u00e9s por el podcast, ya que <strong>la audiencia femenina representa el 44,8%<\/strong> (+2 % respecto a 2022)<strong> frente al 55,2% de los hombres<\/strong>. Por edades, los usuarios est\u00e1n comprendidos entre los 18 y 65 a\u00f1os y la mayor\u00eda tienen estudios universitarios (60,89%), en una situaci\u00f3n de empleo activo (82,49%).<\/p>\n<p> via Dircomfidencial <a href=\"https:\/\/urldefense.com\/v3\/__https:\/\/ift.tt\/IRto5TH__;!!D9dNQwwGXtA!XXhWu-dUTw8KGU5qnLniVRn8ofH_Us1UORqyDnewH7vUF3ZOPuGwyCE6UaWsFuNNIAigFG98QiKaXjPL$\" target=\"_blank\" rel=\"noopener\">https:\/\/ift.tt\/IRto5TH<\/a><\/p>\n<p> September 29, 2023 at 04:15AM <\/p><\/div>\n<\/div>\n<div class=\"postie-attachments\"><a href=\"https:\/\/empresaperiodistica.umh.es\/?attachment_id=113\"><img loading=\"lazy\" src=\"https:\/\/empresaperiodistica.umh.es\/files\/2023\/10\/podcast-300x168.png\" alt=\"\" width=\"300px\" height=\"168px\" class=\"alignnone size-medium wp-image-113\" srcset=\"https:\/\/empresaperiodistica.umh.es\/files\/2023\/10\/podcast-300x168.png 300w, https:\/\/empresaperiodistica.umh.es\/files\/2023\/10\/podcast.png 650w\" sizes=\"(max-width: 300px) 100vw, 300px\" \/><\/a><\/div>\n<\/div>\n<p><\/p>","protected":false},"excerpt":{"rendered":"<p> https:\/\/ift.tt\/HsjCyRt<\/p>\n<p>En el boom de las suscripciones, el podcast busca hacerse hueco. Seg\u00fan el \u00faltimo informe sobre el consumo de podcasts en espa\u00f1ol, que desde hace tres a\u00f1os publica la plataforma iVoox a partir de una encuesta a m\u00e1s de 3.600 oyentes, el 58% de los oyentes est\u00e1 dispuesto a pagar por consumir sus [&#8230;]<\/p>\n","protected":false},"author":1,"featured_media":0,"comment_status":"closed","ping_status":"open","sticky":false,"template":"","format":"standard","meta":{"_links_to":"","_links_to_target":""},"categories":[50986],"tags":[1393217],"_links":{"self":[{"href":"https:\/\/empresaperiodistica.umh.es\/en\/wp-json\/wp\/v2\/posts\/110"}],"collection":[{"href":"https:\/\/empresaperiodistica.umh.es\/en\/wp-json\/wp\/v2\/posts"}],"about":[{"href":"https:\/\/empresaperiodistica.umh.es\/en\/wp-json\/wp\/v2\/types\/post"}],"author":[{"embeddable":true,"href":"https:\/\/empresaperiodistica.umh.es\/en\/wp-json\/wp\/v2\/users\/1"}],"replies":[{"embeddable":true,"href":"https:\/\/empresaperiodistica.umh.es\/en\/wp-json\/wp\/v2\/comments?post=110"}],"version-history":[{"count":0,"href":"https:\/\/empresaperiodistica.umh.es\/en\/wp-json\/wp\/v2\/posts\/110\/revisions"}],"wp:attachment":[{"href":"https:\/\/empresaperiodistica.umh.es\/en\/wp-json\/wp\/v2\/media?parent=110"}],"wp:term":[{"taxonomy":"category","embeddable":true,"href":"https:\/\/empresaperiodistica.umh.es\/en\/wp-json\/wp\/v2\/categories?post=110"},{"taxonomy":"post_tag","embeddable":true,"href":"https:\/\/empresaperiodistica.umh.es\/en\/wp-json\/wp\/v2\/tags?post=110"}],"curies":[{"name":"wp","href":"https:\/\/api.w.org\/{rel}","templated":true}]}}