{"id":128,"date":"2023-10-13T18:32:47","date_gmt":"2023-10-13T16:32:47","guid":{"rendered":"https:\/\/empresaperiodistica.umh.es\/?p=128"},"modified":"2023-10-13T18:35:12","modified_gmt":"2023-10-13T16:35:12","slug":"microsoft-hace-efectiva-la-compra-de-activision-blizzard","status":"publish","type":"post","link":"https:\/\/empresaperiodistica.umh.es\/en\/2023\/10\/13\/microsoft-hace-efectiva-la-compra-de-activision-blizzard\/","title":{"rendered":"Microsoft hace efectiva la compra de Activision Blizzard"},"content":{"rendered":"<div class=\"postie-post\">\n<div dir=\"ltr\">\n<div class=\"gmail_default\" style=\"font-family:trebuchet ms,sans-serif;color:#073763\"><\/div>\n<div class=\"gmail_quote\">Microsoft cierra el trato con Activision Blizzard, despu\u00e9s de 21 meses de lucha<\/p>\n<p> <a href=\"https:\/\/urldefense.com\/v3\/__https:\/\/ift.tt\/rOBeP8U__;!!D9dNQwwGXtA!Vw2P8bdFpLiEOvF62_b9n4RV648OySrVyF6UMEy_fAKLx_jwLZklR8Utaz1WEzVlQC01WsMnPOUN7fps$\" target=\"_blank\" rel=\"noopener\">https:\/\/ift.tt\/rOBeP8U<\/a><\/p>\n<div><img loading=\"lazy\" src=\"https:\/\/wwwhatsnew.com\/wp-content\/uploads\/2023\/10\/microsoft-compra-activision.jpg\" width=\"640\" alt=\"microsoft compra activision\" height=\"382\" style=\"max-width:100%\"><\/div>\n<p>Tras 21 meses de intensas negociaciones y escrutinio regulatorio, Microsoft ha cerrado oficialmente su adquisici\u00f3n de <a href=\"https:\/\/urldefense.com\/v3\/__https:\/\/wwwhatsnew.com\/2023\/08\/22\/microsoft-reestructura-la-adquisicion-de-activision-blizzard-un-giro-estrategico-en-el-juego-en-la-nube\/__;!!D9dNQwwGXtA!Vw2P8bdFpLiEOvF62_b9n4RV648OySrVyF6UMEy_fAKLx_jwLZklR8Utaz1WEzVlQC01WsMnPCzb5oIW$\" target=\"_blank\" rel=\"noopener\">Activision Blizzard<\/a> por 68.700 millones de euros. Este acuerdo no solo marca un hito en la historia de las adquisiciones tecnol\u00f3gicas, sino que tambi\u00e9n establece un nuevo paradigma en la industria del juego.<span><\/span><\/p>\n<h2>Antecedentes Regulatorios<\/h2>\n<p>La adquisici\u00f3n enfrent\u00f3 obst\u00e1culos significativos desde el principio. La Autoridad de Competencia y Mercados del Reino Unido (CMA) inicialmente bloque\u00f3 el acuerdo en abril. Sin embargo, tras concesiones por parte de Microsoft, la CMA finalmente <a href=\"https:\/\/urldefense.com\/v3\/__https:\/\/wwwhatsnew.com\/2023\/05\/15\/microsoft-consigue-la-aprobacion-de-la-ue-para-la-adquisicion-de-activision-blizzard\/__;!!D9dNQwwGXtA!Vw2P8bdFpLiEOvF62_b9n4RV648OySrVyF6UMEy_fAKLx_jwLZklR8Utaz1WEzVlQC01WsMnPAqIT-Pa$\" target=\"_blank\" rel=\"noopener\">dio su aprobaci\u00f3n<\/a>. La Comisi\u00f3n Europea tambi\u00e9n dio luz verde, mientras que la Comisi\u00f3n Federal de Comercio de Estados Unidos (FTC) no logr\u00f3 detener el acuerdo, aunque a\u00fan planea desafiarlo.<\/p>\n<h2>Impacto en la Industria del Juego en la Nube<\/h2>\n<p>Uno de los principales puntos de contenci\u00f3n era el <strong>impacto en la industria del juego en la nube<\/strong>. Para abordar las preocupaciones, Microsoft acord\u00f3 vender los derechos de juego en la nube de los t\u00edtulos de Activision Blizzard a Ubisoft. Este movimiento podr\u00eda diversificar a\u00fan m\u00e1s el ya competitivo mercado de juegos en la nube.<\/p>\n<h2>Movimientos Estrat\u00e9gicos de Microsoft<\/h2>\n<p>Microsoft no se detuvo ah\u00ed. Firm\u00f3 acuerdos de 10 a\u00f1os con <strong>Nintendo<\/strong> y varias compa\u00f1\u00edas de juegos en la nube para ofrecer sus t\u00edtulos en sus plataformas. Estos movimientos estrat\u00e9gicos podr\u00edan tener un impacto significativo en la disponibilidad y accesibilidad de juegos en diversas plataformas.<\/p>\n<h2>Repercusiones en el Mercado M\u00f3vil<\/h2>\n<p>Activision Blizzard gener\u00f3 1.900 millones de euros en ingresos m\u00f3viles solo en la primera mitad de 2023. Con esta adquisici\u00f3n, Microsoft acelera su objetivo de convertirse en un jugador importante en el <strong>mercado de juegos m\u00f3viles<\/strong>, que es cada vez m\u00e1s lucrativo.<\/p>\n<p>La adquisici\u00f3n tambi\u00e9n podr\u00eda ser un punto de inflexi\u00f3n para la <strong>cultura laboral en Activision Blizzard<\/strong>, que ha enfrentado cr\u00edticas por un ambiente de trabajo t\u00f3xico. Un acuerdo de neutralidad laboral entre Microsoft y los trabajadores de Activision Blizzard entrar\u00e1 en vigor en 60 d\u00edas, lo que podr\u00eda facilitar la sindicalizaci\u00f3n.<\/p>\n<p>La adquisici\u00f3n de Activision Blizzard por parte de Microsoft es m\u00e1s que una simple compra empresarial. Es un evento que podr\u00eda reconfigurar el paisaje de la industria del juego, desde la nube hasta el m\u00f3vil, pasando por la cultura laboral. Solo el tiempo dir\u00e1 c\u00f3mo se desarrollar\u00e1n estos cambios, pero lo que es seguro es que estamos ante un nuevo horizonte en el mundo del juego.<\/p>\n<hr>\n<div>La noticia <a href=\"https:\/\/urldefense.com\/v3\/__https:\/\/wwwhatsnew.com\/2023\/10\/13\/microsoft-cierra-el-trato-con-activision-blizzard-despues-de-21-meses-de-lucha\/__;!!D9dNQwwGXtA!Vw2P8bdFpLiEOvF62_b9n4RV648OySrVyF6UMEy_fAKLx_jwLZklR8Utaz1WEzVlQC01WsMnPHhfK9Eo$\" target=\"_blank\" rel=\"noopener\">Microsoft cierra el trato con Activision Blizzard, despu\u00e9s de 21 meses de lucha<\/a> fue publicada originalmente en <a href=\"https:\/\/urldefense.com\/v3\/__https:\/\/wwwhatsnew.com\/__;!!D9dNQwwGXtA!Vw2P8bdFpLiEOvF62_b9n4RV648OySrVyF6UMEy_fAKLx_jwLZklR8Utaz1WEzVlQC01WsMnPEPc7wHx$\" target=\"_blank\" rel=\"noopener\">Wwwhatsnew.com<\/a> por <strong>Juan Diego Polo<\/strong>.<\/div>\n<p> via Wwwhat&#39;s new? <a href=\"https:\/\/urldefense.com\/v3\/__https:\/\/wwwhatsnew.com__;!!D9dNQwwGXtA!Vw2P8bdFpLiEOvF62_b9n4RV648OySrVyF6UMEy_fAKLx_jwLZklR8Utaz1WEzVlQC01WsMnPJ7yCbuH$\" target=\"_blank\" rel=\"noopener\">https:\/\/wwwhatsnew.com<\/a><\/p>\n<p> October 13, 2023 at 03:58PM <\/p><\/div>\n<\/div>\n<div class=\"postie-attachments\"><a href=\"https:\/\/empresaperiodistica.umh.es\/?attachment_id=131\"><img loading=\"lazy\" src=\"https:\/\/empresaperiodistica.umh.es\/files\/2023\/10\/microsoft-compra-activision-300x179.jpg\" alt=\"\" width=\"300px\" height=\"179px\" class=\"alignnone size-medium wp-image-131\" srcset=\"https:\/\/empresaperiodistica.umh.es\/files\/2023\/10\/microsoft-compra-activision-300x179.jpg 300w, https:\/\/empresaperiodistica.umh.es\/files\/2023\/10\/microsoft-compra-activision-1024x612.jpg 1024w, https:\/\/empresaperiodistica.umh.es\/files\/2023\/10\/microsoft-compra-activision-768x459.jpg 768w, https:\/\/empresaperiodistica.umh.es\/files\/2023\/10\/microsoft-compra-activision.jpg 1200w\" sizes=\"(max-width: 300px) 100vw, 300px\" \/><\/a><\/div>\n<\/div>\n","protected":false},"excerpt":{"rendered":"<p>Microsoft cierra el trato con Activision Blizzard, despu\u00e9s de 21 meses de lucha<br \/>\n https:\/\/ift.tt\/rOBeP8U<\/p>\n<p>Tras 21 meses de intensas negociaciones y escrutinio regulatorio, Microsoft ha cerrado oficialmente su adquisici\u00f3n de Activision Blizzard por 68.700 millones de euros. Este acuerdo no solo marca un hito en la historia de las adquisiciones tecnol\u00f3gicas, sino que tambi\u00e9n establece un [&#8230;]<\/p>\n","protected":false},"author":1,"featured_media":0,"comment_status":"closed","ping_status":"open","sticky":false,"template":"","format":"standard","meta":{"_links_to":"","_links_to_target":""},"categories":[3372,1393805,1393463],"tags":[1393217],"_links":{"self":[{"href":"https:\/\/empresaperiodistica.umh.es\/en\/wp-json\/wp\/v2\/posts\/128"}],"collection":[{"href":"https:\/\/empresaperiodistica.umh.es\/en\/wp-json\/wp\/v2\/posts"}],"about":[{"href":"https:\/\/empresaperiodistica.umh.es\/en\/wp-json\/wp\/v2\/types\/post"}],"author":[{"embeddable":true,"href":"https:\/\/empresaperiodistica.umh.es\/en\/wp-json\/wp\/v2\/users\/1"}],"replies":[{"embeddable":true,"href":"https:\/\/empresaperiodistica.umh.es\/en\/wp-json\/wp\/v2\/comments?post=128"}],"version-history":[{"count":0,"href":"https:\/\/empresaperiodistica.umh.es\/en\/wp-json\/wp\/v2\/posts\/128\/revisions"}],"wp:attachment":[{"href":"https:\/\/empresaperiodistica.umh.es\/en\/wp-json\/wp\/v2\/media?parent=128"}],"wp:term":[{"taxonomy":"category","embeddable":true,"href":"https:\/\/empresaperiodistica.umh.es\/en\/wp-json\/wp\/v2\/categories?post=128"},{"taxonomy":"post_tag","embeddable":true,"href":"https:\/\/empresaperiodistica.umh.es\/en\/wp-json\/wp\/v2\/tags?post=128"}],"curies":[{"name":"wp","href":"https:\/\/api.w.org\/{rel}","templated":true}]}}