{"id":235,"date":"2023-11-25T08:55:29","date_gmt":"2023-11-25T07:55:29","guid":{"rendered":"https:\/\/empresaperiodistica.umh.es\/?p=235"},"modified":"2023-11-25T08:57:14","modified_gmt":"2023-11-25T07:57:14","slug":"la-familia-lara-garcia-busca-comprador-para-el-33-del-grupo-planeta","status":"publish","type":"post","link":"https:\/\/empresaperiodistica.umh.es\/en\/2023\/11\/25\/la-familia-lara-garcia-busca-comprador-para-el-33-del-grupo-planeta\/","title":{"rendered":"La familia Lara Garc\u00eda busca comprador para el 33% del Grupo Planeta"},"content":{"rendered":"<div class=\"postie-post\">\n<div dir=\"ltr\">\n<div class=\"gmail_default\" style=\"font-family:trebuchet ms,sans-serif;color:#073763\"><\/div>\n<div class=\"gmail_quote\">\n<p>Se avecinan cambios en el accionariado del <strong>Grupo Planeta.<\/strong> La familia <strong>Lara Garc\u00eda<\/strong> ha contactado con <strong>Morgan Stanley<\/strong> para que encuentre un comprador que adquiera su paquete de acciones dentro de la compa\u00f1\u00eda. En total, un tercio del accionariado que estar\u00eda valorado en unos <strong>900 millones<\/strong> de euros.<\/p>\n<p>Seg\u00fan advierte <em>El Confidencial, <\/em>los descendientes de <strong>Jos\u00e9 Manuel Lara Bosch <\/strong>y Consuelo Garc\u00eda se han decidido a abandonar la compa\u00f1\u00eda impulsados por el escaso poder de influencia que tienen actualmente en Planeta. El resto del paquete accionarial continuar\u00e1 en manos del resto de la saga familiar, con un 33% de las acciones para In\u00e9s Lara Bosch y otro 33% para los herederos de Fernando Lara Bosch, fallecido en 1995.<\/p>\n<p>Por el momento, solo se conoce que la familia <strong>Lara Bosch <\/strong>ha puesto en conocimiento del resto de accionistas su intenci\u00f3n de vender todas sus participaciones y para ello ha confiado en Morgan Stanley. No se ha desvelado en qu\u00e9 punto est\u00e1n las conversaciones con posibles compradores.<\/p>\n<h4><strong>Rencillas familiares<\/strong><\/h4>\n<p>Un proceso de venta que tendr\u00e1 como tel\u00f3n de fondo las malas relaciones que existen entre los todav\u00eda accionistas. Todos ellos forman parte de una saga familiar que comenz\u00f3 a desquebrajarse en 2017, despu\u00e9s de que tanto su presidente, <strong>Jos\u00e9 Crehueras,<\/strong> como el resto de socios, In\u00e9s Lara Bosch, Maribel Lara Bosch -fallecida hace pocos meses- y los herederos de Fernando Lara Bosch, rompieras todo tipo de relaciones con los Lara Bosch.<\/p>\n<p>Todo sucedi\u00f3 en 2017 cuando su m\u00e1ximo representante en la compa\u00f1\u00eda, Jos\u00e9 Lara, por aquel entonces consejero delegado, realiz\u00f3 varios movimientos pol\u00edticos a espaldas del resto de accionistas que no gustaron en la familia y que acabaron con el cese de sus funciones.<\/p>\n<p>Ahora, la compa\u00f1\u00eda, que cuenta con parte del accionariado de grupos como <strong>Atresmedia <\/strong>y <em><strong>La Raz\u00f3n,<\/strong><\/em> busca un nuevo comprador que llegue para sustituir a esa parte discordante del accionariado y que cuenta con el 33% del total de las acciones.<\/p>\n<p>La entrada <a rel=\"nofollow noopener\" href=\"https:\/\/urldefense.com\/v3\/__https:\/\/prnoticias.com\/2023\/11\/23\/la-familia-lara-garcia-busca-comprador-para-el-33-del-grupo-planeta\/__;!!D9dNQwwGXtA!XesxCVQXJoNyPIuJ9qTuyppXaXOOO4p9-FROOYvwn8OXT2Kw9B2rBvaznbjOx0agTtXrlz0k1jPlKFj9$\" target=\"_blank\">La familia Lara Garc\u00eda busca comprador para el 33% del Grupo Planeta<\/a> se public\u00f3 primero en <a rel=\"nofollow noopener\" href=\"https:\/\/urldefense.com\/v3\/__https:\/\/prnoticias.com__;!!D9dNQwwGXtA!XesxCVQXJoNyPIuJ9qTuyppXaXOOO4p9-FROOYvwn8OXT2Kw9B2rBvaznbjOx0agTtXrlz0k1lTc3xib$\" target=\"_blank\">PR Noticias<\/a>.<\/p>\n<p> November 23, 2023 at 12:45PM <\/p><\/div>\n<\/div>\n<div class=\"postie-attachments\"><a href=\"https:\/\/empresaperiodistica.umh.es\/?attachment_id=238\"><img loading=\"lazy\" src=\"https:\/\/empresaperiodistica.umh.es\/files\/2023\/11\/planeta-300x169.jpeg\" alt=\"\" width=\"300px\" height=\"169px\" class=\"alignnone size-medium wp-image-238\" srcset=\"https:\/\/empresaperiodistica.umh.es\/files\/2023\/11\/planeta-300x169.jpeg 300w, https:\/\/empresaperiodistica.umh.es\/files\/2023\/11\/planeta-1024x576.jpeg 1024w, https:\/\/empresaperiodistica.umh.es\/files\/2023\/11\/planeta-768x432.jpeg 768w, https:\/\/empresaperiodistica.umh.es\/files\/2023\/11\/planeta-1536x864.jpeg 1536w, https:\/\/empresaperiodistica.umh.es\/files\/2023\/11\/planeta.jpeg 1706w\" sizes=\"(max-width: 300px) 100vw, 300px\" \/><\/a><\/div>\n<\/div>\n","protected":false},"excerpt":{"rendered":"<p>Se avecinan cambios en el accionariado del Grupo Planeta. La familia Lara Garc\u00eda ha contactado con Morgan Stanley para que encuentre un comprador que adquiera su paquete de acciones dentro de la compa\u00f1\u00eda. En total, un tercio del accionariado que estar\u00eda valorado en unos 900 millones de euros.<br \/>\nSeg\u00fan advierte El Confidencial, los descendientes de Jos\u00e9 [&#8230;]<\/p>\n","protected":false},"author":1,"featured_media":0,"comment_status":"closed","ping_status":"open","sticky":false,"template":"","format":"standard","meta":{"_links_to":"","_links_to_target":""},"categories":[3372,1393805,1393463],"tags":[1393217],"_links":{"self":[{"href":"https:\/\/empresaperiodistica.umh.es\/en\/wp-json\/wp\/v2\/posts\/235"}],"collection":[{"href":"https:\/\/empresaperiodistica.umh.es\/en\/wp-json\/wp\/v2\/posts"}],"about":[{"href":"https:\/\/empresaperiodistica.umh.es\/en\/wp-json\/wp\/v2\/types\/post"}],"author":[{"embeddable":true,"href":"https:\/\/empresaperiodistica.umh.es\/en\/wp-json\/wp\/v2\/users\/1"}],"replies":[{"embeddable":true,"href":"https:\/\/empresaperiodistica.umh.es\/en\/wp-json\/wp\/v2\/comments?post=235"}],"version-history":[{"count":0,"href":"https:\/\/empresaperiodistica.umh.es\/en\/wp-json\/wp\/v2\/posts\/235\/revisions"}],"wp:attachment":[{"href":"https:\/\/empresaperiodistica.umh.es\/en\/wp-json\/wp\/v2\/media?parent=235"}],"wp:term":[{"taxonomy":"category","embeddable":true,"href":"https:\/\/empresaperiodistica.umh.es\/en\/wp-json\/wp\/v2\/categories?post=235"},{"taxonomy":"post_tag","embeddable":true,"href":"https:\/\/empresaperiodistica.umh.es\/en\/wp-json\/wp\/v2\/tags?post=235"}],"curies":[{"name":"wp","href":"https:\/\/api.w.org\/{rel}","templated":true}]}}