{"id":256,"date":"2023-12-22T19:05:18","date_gmt":"2023-12-22T18:05:18","guid":{"rendered":"https:\/\/empresaperiodistica.umh.es\/?p=256"},"modified":"2023-12-22T19:08:59","modified_gmt":"2023-12-22T18:08:59","slug":"warner-bros-discovery-y-paramount-tantean-una-posible-fusion","status":"publish","type":"post","link":"https:\/\/empresaperiodistica.umh.es\/en\/2023\/12\/22\/warner-bros-discovery-y-paramount-tantean-una-posible-fusion\/","title":{"rendered":"Warner Bros. Discovery y Paramount tantean una posible fusi\u00f3n"},"content":{"rendered":"<div class=\"postie-post\">\n<div dir=\"ltr\">\n<div class=\"gmail_default\" style=\"font-family:trebuchet ms,sans-serif;color:#073763\"><\/div>\n<div class=\"gmail_quote\"> <img loading=\"lazy\" src=\"https:\/\/dircomfidencial.com\/wp-content\/uploads\/2023\/12\/warner-bros-paramount.jpg\" width=\"650\" alt=\"Warner Bros. Discovery y Paramount\" height=\"366\" style=\"max-width:100%\"><\/p>\n<p>David Zaslav y Bob Bakish, respectivos consejeros delegados de Warner Bros. Discovery (WBD) y Paramount, se han visto recientemente para hablar de una eventual fusi\u00f3n de ambos gigantes del entretenimiento. Eso es lo que han confirmado varias personas conocedoras del encuentro a <em>Axios<\/em>, que en todo caso puntualizan que no hay conversaciones formales con ese fin. De iniciarse, esas negociaciones podr\u00edan suponer\u00a0<strong>la uni\u00f3n de dos de seis estudios del Hollywood cl\u00e1sico<\/strong>, hoy en\u00a0<a href=\"https:\/\/urldefense.com\/v3\/__https:\/\/dircomfidencial.com\/medios\/warner-bros-discovery-vuelve-a-perder-suscriptores-en-streaming-pero-mejora-su-explotacion-publicitaria-20231109-0400\/__;!!D9dNQwwGXtA!TFX6vK7QWZlkOZORqQL2e6KD1wikaIXobyz0dcUufuI1owl3seJehrzwS0lCu37JAe28PRYsJ-2CLYpk$\" target=\"_blank\" rel=\"noopener\">dificultades econ\u00f3micas<\/a>\u00a0por los significativos cambios en los h\u00e1bitos de entretenimiento.<\/p>\n<p>De hecho esa charla se habr\u00eda producido en el contexto de las dudas de\u00a0<strong>Shari Redstone<\/strong>, que controla Paramount Global a trav\u00e9s del\u00a0<em>holding<\/em>\u00a0familiar National Amusements, sobre vender una parte sustancial de la compa\u00f1\u00eda en ese escenario de dificultad creciente. Medios especializados han publicado en las \u00faltimas semanas que\u00a0<strong>ha hablado del asunto con la productora Skydance Media y el fondo RedBird<\/strong>, sin que de momento se conozca un proceso formal que pueda derivar en una venta.<\/p>\n<p>El inter\u00e9s de Zaslav por alcanzar un acuerdo de ese tipo con Paramount tampoco es desconocido en la industria, en la medida en que considera que tiene activos muy interesantes para reforzar la programaci\u00f3n de su plataforma de\u00a0<em>streaming<\/em>\u00a0Max.\u00a0<strong>Pero cualquier movimiento de ese tipo tendr\u00eda como consecuencia una atenci\u00f3n inmediata por parte de los reguladores<\/strong>\u00a0en la medida en que ambas compa\u00f1\u00edas poseen estudios de cine y un conjunto de canales por cable.<\/p>\n<p>Ese \u00faltimo aspecto ser\u00eda clave porque concentrar\u00eda una parte sustancial de la oferta por la que hoy pagan los operadores y\u00a0<strong>podr\u00eda conducir a subirles los precios, con posterior repercusi\u00f3n en los clientes<\/strong>. No est\u00e1 claro qu\u00e9 consecuencias tendr\u00eda eso ante\u00a0<a href=\"https:\/\/urldefense.com\/v3\/__https:\/\/dircomfidencial.com\/medios\/las-plataformas-de-streaming-superan-a-la-television-por-cable-por-primera-vez-en-eeuu-20220822-0403\/__;!!D9dNQwwGXtA!TFX6vK7QWZlkOZORqQL2e6KD1wikaIXobyz0dcUufuI1owl3seJehrzwS0lCu37JAe28PRYsJ7KEqeig$\" target=\"_blank\" rel=\"noopener\">la ca\u00edda pronunciada<\/a>\u00a0de los abonados a la televisi\u00f3n por cable que afrontan esas empresas en los \u00faltimos a\u00f1os, as\u00ed como la tensi\u00f3n a la que ese\u00a0<a href=\"https:\/\/urldefense.com\/v3\/__https:\/\/dircomfidencial.com\/medios\/los-ingresos-globales-de-la-television-de-pago-caeran-en-30-000-m-en-los-proximos-cinco-anos-20210520-0403\/__;!!D9dNQwwGXtA!TFX6vK7QWZlkOZORqQL2e6KD1wikaIXobyz0dcUufuI1owl3seJehrzwS0lCu37JAe28PRYsJ4I9D1CP$\" target=\"_blank\" rel=\"noopener\">lucro cesante<\/a>\u00a0est\u00e1 sometiendo a las cuentas de los conglomerados que los mantienen mientras intentan\u00a0<a href=\"https:\/\/urldefense.com\/v3\/__https:\/\/dircomfidencial.com\/medios\/el-aumento-del-streaming-con-publicidad-y-la-integracion-de-datos-de-consumo-entre-las-tendencias-de-medios-para-2024-20231108-0403\/__;!!D9dNQwwGXtA!TFX6vK7QWZlkOZORqQL2e6KD1wikaIXobyz0dcUufuI1owl3seJehrzwS0lCu37JAe28PRYsJ8ZMBNU6$\" target=\"_blank\" rel=\"noopener\">sacar de p\u00e9rdidas<\/a>\u00a0sus servicios de\u00a0<em>streaming<\/em>.<\/p>\n<blockquote>\n<p>Los consejeros delegados de ambas compa\u00f1\u00edas se han visto para hablar de esa posibilidad de manera informal en un contexto de dificultades econ\u00f3micas para ambas.<\/p>\n<\/blockquote>\n<p>La coexistencia entre ambos negocios en un momento de declive pronunciado de uno y de inmadurez financiera del otro est\u00e1 poniendo en jaque a toda la industria, y ha derivado en un acuerdo que sienta las bases de esa transici\u00f3n\u00a0<a href=\"https:\/\/urldefense.com\/v3\/__https:\/\/dircomfidencial.com\/medios\/el-acuerdo-entre-disney-y-charter-pone-las-bases-de-la-transformacion-de-la-television-por-cable-en-eeuu-20230913-0400\/__;!!D9dNQwwGXtA!TFX6vK7QWZlkOZORqQL2e6KD1wikaIXobyz0dcUufuI1owl3seJehrzwS0lCu37JAe28PRYsJ_Z9lslF$\" target=\"_blank\" rel=\"noopener\">entre Disney y Charter<\/a>.\u00a0<strong>Tambi\u00e9n est\u00e1 obligando a las compa\u00f1\u00edas a deshacerse de activos no esenciales<\/strong>, como la venta de la editorial Simon &amp; Schuster por parte de Paramount principios de este mismo a\u00f1o por m\u00e1s de 1.600 millones de d\u00f3lares.<\/p>\n<p> via Dircomfidencial <a href=\"https:\/\/urldefense.com\/v3\/__https:\/\/ift.tt\/45FxUk6__;!!D9dNQwwGXtA!TFX6vK7QWZlkOZORqQL2e6KD1wikaIXobyz0dcUufuI1owl3seJehrzwS0lCu37JAe28PRYsJ1zn72gn$\" target=\"_blank\" rel=\"noopener\">https:\/\/ift.tt\/45FxUk6<\/a><\/p>\n<p> December 22, 2023 at 11:04AM <\/p><\/div>\n<\/div>\n<div class=\"postie-attachments\"><a href=\"https:\/\/empresaperiodistica.umh.es\/?attachment_id=259\"><img loading=\"lazy\" src=\"https:\/\/empresaperiodistica.umh.es\/files\/2023\/12\/warner-bros-paramount-300x169.jpg\" alt=\"\" width=\"300px\" height=\"169px\" class=\"alignnone size-medium wp-image-259\" srcset=\"https:\/\/empresaperiodistica.umh.es\/files\/2023\/12\/warner-bros-paramount-300x169.jpg 300w, https:\/\/empresaperiodistica.umh.es\/files\/2023\/12\/warner-bros-paramount.jpg 650w\" sizes=\"(max-width: 300px) 100vw, 300px\" \/><\/a><\/div>\n<\/div>\n","protected":false},"excerpt":{"rendered":"<p>David Zaslav y Bob Bakish, respectivos consejeros delegados de Warner Bros. Discovery (WBD) y Paramount, se han visto recientemente para hablar de una eventual fusi\u00f3n de ambos gigantes del entretenimiento. Eso es lo que han confirmado varias personas conocedoras del encuentro a Axios, que en todo caso puntualizan que no hay conversaciones formales con [&#8230;]<\/p>\n","protected":false},"author":1,"featured_media":0,"comment_status":"closed","ping_status":"open","sticky":false,"template":"","format":"standard","meta":{"_links_to":"","_links_to_target":""},"categories":[3372,1393805,50986],"tags":[1393217],"_links":{"self":[{"href":"https:\/\/empresaperiodistica.umh.es\/en\/wp-json\/wp\/v2\/posts\/256"}],"collection":[{"href":"https:\/\/empresaperiodistica.umh.es\/en\/wp-json\/wp\/v2\/posts"}],"about":[{"href":"https:\/\/empresaperiodistica.umh.es\/en\/wp-json\/wp\/v2\/types\/post"}],"author":[{"embeddable":true,"href":"https:\/\/empresaperiodistica.umh.es\/en\/wp-json\/wp\/v2\/users\/1"}],"replies":[{"embeddable":true,"href":"https:\/\/empresaperiodistica.umh.es\/en\/wp-json\/wp\/v2\/comments?post=256"}],"version-history":[{"count":0,"href":"https:\/\/empresaperiodistica.umh.es\/en\/wp-json\/wp\/v2\/posts\/256\/revisions"}],"wp:attachment":[{"href":"https:\/\/empresaperiodistica.umh.es\/en\/wp-json\/wp\/v2\/media?parent=256"}],"wp:term":[{"taxonomy":"category","embeddable":true,"href":"https:\/\/empresaperiodistica.umh.es\/en\/wp-json\/wp\/v2\/categories?post=256"},{"taxonomy":"post_tag","embeddable":true,"href":"https:\/\/empresaperiodistica.umh.es\/en\/wp-json\/wp\/v2\/tags?post=256"}],"curies":[{"name":"wp","href":"https:\/\/api.w.org\/{rel}","templated":true}]}}