{"id":302,"date":"2024-02-14T10:53:35","date_gmt":"2024-02-14T09:53:35","guid":{"rendered":"https:\/\/empresaperiodistica.umh.es\/?p=302"},"modified":"2024-02-18T19:48:26","modified_gmt":"2024-02-18T18:48:26","slug":"jeff-bezos-vende-acciones-de-amazon-por-mas-de-4-100-millones-de-dolares","status":"publish","type":"post","link":"https:\/\/empresaperiodistica.umh.es\/en\/2024\/02\/14\/jeff-bezos-vende-acciones-de-amazon-por-mas-de-4-100-millones-de-dolares\/","title":{"rendered":"Jeff Bezos vende acciones de Amazon por m\u00e1s de 4.100 millones de d\u00f3lares"},"content":{"rendered":"<div class=\"postie-post\">\n<div dir=\"ltr\">\n<div class=\"gmail_default\" style=\"font-family:trebuchet ms,sans-serif;color:#073763\"><\/div>\n<div class=\"gmail_quote\">\n<div>\n<p>Unos seis millones de acciones cada d\u00eda, a un precio medio de 171,7 d\u00f3lares por acci\u00f3n. Esas ventas le han servido a Jeff Bezos, el segundo hombre m\u00e1s rico del mundo, para embolsarse 4.121 millones de d\u00f3lares (unos 3.850 millones de euros) en cuatro d\u00edas, seg\u00fan <a href=\"https:\/\/urldefense.com\/v3\/__https:\/\/www.sec.gov\/Archives\/edgar\/data\/1018724\/000101872424000012\/xslF345X05\/wk-form4_1707529066.xml__;!!D9dNQwwGXtA!WoEyOxFiNqMVma0U45ILRwikRmTAwaHkfaDl9yrSbSbvlrYyJFU43yl6WeeaLZE5pMGlNqHm-nHOqEis$\" target=\"_blank\" rel=\"noopener\">dos<\/a> <a href=\"https:\/\/urldefense.com\/v3\/__https:\/\/www.sec.gov\/Archives\/edgar\/data\/1018724\/000101872424000016\/xslF345X05\/wk-form4_1707859846.xml__;!!D9dNQwwGXtA!WoEyOxFiNqMVma0U45ILRwikRmTAwaHkfaDl9yrSbSbvlrYyJFU43yl6WeeaLZE5pMGlNqHm-gY1sJdo$\" target=\"_blank\" rel=\"noopener\">comunicaciones<\/a> registradas por el fundador de Amazon ante la Comisi\u00f3n de Valores y Bolsa de Estados Unidos (la SEC, por sus siglas en ingl\u00e9s).<\/p>\n<p>Bezos <a href=\"https:\/\/urldefense.com\/v3\/__https:\/\/www.sec.gov\/Archives\/edgar\/data\/1018724\/000195004724000728\/xsl144X01\/primary_doc.xml__;!!D9dNQwwGXtA!WoEyOxFiNqMVma0U45ILRwikRmTAwaHkfaDl9yrSbSbvlrYyJFU43yl6WeeaLZE5pMGlNqHm-lxUFOVj$\" target=\"_blank\" rel=\"noopener\">comunic\u00f3 este mes al supervisor que planeaba vender<\/a> un total de 50 millones de acciones de Amazon, valoradas en m\u00e1s de 8.000 millones de d\u00f3lares, sin dar ninguna explicaci\u00f3n de las razones para ello. <a href=\"https:\/\/urldefense.com\/v3\/__https:\/\/cincodias.elpais.com\/companias\/2024-02-10\/jeff-bezos-vende-12-millones-de-acciones-de-amazon-y-se-embolsa-unos-2000-millones-de-euros.html__;!!D9dNQwwGXtA!WoEyOxFiNqMVma0U45ILRwikRmTAwaHkfaDl9yrSbSbvlrYyJFU43yl6WeeaLZE5pMGlNqHm-vbvCvEd$\" target=\"_blank\" rel=\"noopener\">Ha empezado a hacerlo<\/a> y ya ha colocado casi la mitad del paquete en solo cuatro d\u00edas. El empresario llevaba sin vender t\u00edtulos de la compa\u00f1\u00eda que fund\u00f3 desde 2021. Todav\u00eda tiene en cartera, tras las \u00faltimas operaciones realizadas, 964,25 millones de acciones, valoradas al precio de cierre de Amazon de este martes en Bolsa en 162.600 millones de d\u00f3lares.<\/p>\n<p>Ese paquete accionarial m\u00e1s otras posesiones elevan su fortuna a 197.000 millones de d\u00f3lares, seg\u00fan las estimaciones de Bloomberg, que le sit\u00faan por debajo de Elon Musk (205.000 millones de d\u00f3lares de patrimonio) y de Bernard Arnault (193.000 millones de d\u00f3lares).<\/p>\n<p>Las operaciones de venta llegan poco despu\u00e9s de que <a href=\"https:\/\/urldefense.com\/v3\/__https:\/\/elpais.com\/gente\/2023-11-03\/jeff-bezos-se-muda-a-vivir-al-bunker-de-los-multimillonarios-en-miami.html__;!!D9dNQwwGXtA!WoEyOxFiNqMVma0U45ILRwikRmTAwaHkfaDl9yrSbSbvlrYyJFU43yl6WeeaLZE5pMGlNqHm-g3AXb3c$\" target=\"_blank\" rel=\"noopener\">Bezos haya trasladado su domicilio desde Seattle (Washington) a Miami (Florida)<\/a> y eso puede explicar que hayan tenido lugar de golpe las operaciones. El Estado de Washington instituy\u00f3 en 2022 un impuesto del 7% sobre las plusval\u00edas en 2022. Florida, en cambio, no tiene esa figura fiscal, de modo que, puesto que se trata de acciones del fundador en las que pr\u00e1cticamente todo el importe de la venta son plusval\u00edas, Bezos puede ahorrarse 288,5 millones de d\u00f3lares en impuestos al haber vendido como residente en Miami.<\/p>\n<p>El fundador de Amazon <a href=\"https:\/\/urldefense.com\/v3\/__https:\/\/elpais.com\/gente\/2023-11-03\/jeff-bezos-se-muda-a-vivir-al-bunker-de-los-multimillonarios-en-miami.html__;!!D9dNQwwGXtA!WoEyOxFiNqMVma0U45ILRwikRmTAwaHkfaDl9yrSbSbvlrYyJFU43yl6WeeaLZE5pMGlNqHm-g3AXb3c$\" target=\"_blank\" rel=\"noopener\">anunci\u00f3 el 3 de noviembre que dejaba la ciudad<\/a> donde hab\u00eda pasado la mayor parte de su vida y que contribuy\u00f3 a transformar con la creaci\u00f3n de su imperio de comercio electr\u00f3nico. Lo explic\u00f3 \u00e9l mismo <a href=\"https:\/\/urldefense.com\/v3\/__https:\/\/www.instagram.com\/reel\/CzKZBPmvzPV\/?igshid=MzRlODBiNWFlZA*3D*3D__;JSU!!D9dNQwwGXtA!WoEyOxFiNqMVma0U45ILRwikRmTAwaHkfaDl9yrSbSbvlrYyJFU43yl6WeeaLZE5pMGlNqHm-lEE0W2t$\" target=\"_blank\" rel=\"noopener\">a trav\u00e9s de su cuenta de Instagram.<\/a> Dijo que se trasladaba all\u00ed para estar m\u00e1s cerca de sus padres y de las operaciones de Blue Origin, su compa\u00f1\u00eda espacial. Bezos compr\u00f3 el a\u00f1o pasado dos mansiones contiguas en Indian Creek, una isla artificial en Miami conocida como el <i>b\u00fanker de los multimillonarios<\/i> con 41 residencias y un club de golf en una superficie de 1,2 kil\u00f3metros cuadrados. Pag\u00f3 por la primera 68 millones de d\u00f3lares y por la segunda, otros 79 millones, pero se puede ahorrar el doble en impustos. Entre sus vecinos ilustres est\u00e1n el mejor jugador de f\u00fatbol americano de la historia, Tom Brady, y los empresarios Jared Kushner y Carl Icahn.<\/p>\n<p>Las operaciones de venta de acciones de Amazon comunicadas por Bezos han tenido lugar los d\u00edas 7, 8, 9 y 12 de febrero, es decir, cuatro d\u00edas h\u00e1biles consecutivos. En cada uno de ellos se han vendido un id\u00e9ntico n\u00famero de acciones (5.998.849 t\u00edtulos) en diversas operaciones. Los d\u00edas en que Bezos consigui\u00f3 m\u00e1s ingresos por sus ventas fueron el 9 y el 12 de febrero, con 1.039,7 y 1.039,4 millones de d\u00f3lares, respectivamente, seg\u00fan el an\u00e1lisis de las operaciones realizado por EL PA\u00cdS. <a href=\"https:\/\/urldefense.com\/v3\/__https:\/\/cincodias.elpais.com\/companias\/2024-02-10\/jeff-bezos-vende-12-millones-de-acciones-de-amazon-y-se-embolsa-unos-2000-millones-de-euros.html__;!!D9dNQwwGXtA!WoEyOxFiNqMVma0U45ILRwikRmTAwaHkfaDl9yrSbSbvlrYyJFU43yl6WeeaLZE5pMGlNqHm-vbvCvEd$\" target=\"_blank\" rel=\"noopener\">El mi\u00e9rcoles 7 y el jueves 8 de febrero logr\u00f3 1.020,7 y 1.021,4 millones de d\u00f3lares.<\/a> Los precios de las ventas han oscilado entre una cotizaci\u00f3n m\u00ednima de 168,89 d\u00f3lares por acci\u00f3n el pasado jueves y una m\u00e1xima de 175,34 d\u00f3lares este lunes.<\/p>\n<p>El fundador de Amazon ha vendido m\u00e1s de 28.000 millones de euros (30.000 millones de d\u00f3lares) en acciones de la compa\u00f1\u00eda que fund\u00f3 desde 2002. La cifra entre 2020 y 2021 fue de 18.000 millones de euros (20.000 millones de d\u00f3lares). Bezos sigue siendo el principal accionista de la empresa, con un 9,3% del capital, seguido por Vanguard, que <a href=\"https:\/\/urldefense.com\/v3\/__https:\/\/www.sec.gov\/Archives\/edgar\/data\/1018724\/000110465924020003\/tv0011-amazoncominc.htm__;!!D9dNQwwGXtA!WoEyOxFiNqMVma0U45ILRwikRmTAwaHkfaDl9yrSbSbvlrYyJFU43yl6WeeaLZE5pMGlNqHm-u2Pxlvv$\" target=\"_blank\" rel=\"noopener\">controla un 7,46%, seg\u00fan ha comunicado este mismo martes<\/a>, y por BlackRock, que <a href=\"https:\/\/urldefense.com\/v3\/__https:\/\/www.sec.gov\/Archives\/edgar\/data\/1018724\/000108636424006979\/us0231351067_021224.txt__;!!D9dNQwwGXtA!WoEyOxFiNqMVma0U45ILRwikRmTAwaHkfaDl9yrSbSbvlrYyJFU43yl6WeeaLZE5pMGlNqHm-mN5hFHa$\" target=\"_blank\" rel=\"noopener\">declar\u00f3 este lunes<\/a> poseer un 6,1% del capital.<\/p>\n<\/div>\n<p> via\u00a0\u00a0<a href=\"https:\/\/urldefense.com\/v3\/__https:\/\/elpais.com__;!!D9dNQwwGXtA!WoEyOxFiNqMVma0U45ILRwikRmTAwaHkfaDl9yrSbSbvlrYyJFU43yl6WeeaLZE5pMGlNqHm-sLwGi8r$\" target=\"_blank\" rel=\"noopener\">https:\/\/elpais.com<\/a><\/p>\n<p> February 14, 2024 at 03:56AM <\/p><\/div>\n<\/div>\n<div class=\"postie-attachments\"><a href=\"https:\/\/empresaperiodistica.umh.es\/?attachment_id=304\"><img loading=\"lazy\" src=\"https:\/\/empresaperiodistica.umh.es\/files\/2024\/02\/yi3g5pgvcnb47etdqrh2qengga-300x200.jpg\" alt=\"\" width=\"300px\" height=\"200px\" class=\"alignnone size-medium wp-image-304\" srcset=\"https:\/\/empresaperiodistica.umh.es\/files\/2024\/02\/yi3g5pgvcnb47etdqrh2qengga-300x200.jpg 300w, https:\/\/empresaperiodistica.umh.es\/files\/2024\/02\/yi3g5pgvcnb47etdqrh2qengga-1024x683.jpg 1024w, https:\/\/empresaperiodistica.umh.es\/files\/2024\/02\/yi3g5pgvcnb47etdqrh2qengga-768x512.jpg 768w, https:\/\/empresaperiodistica.umh.es\/files\/2024\/02\/yi3g5pgvcnb47etdqrh2qengga-1536x1024.jpg 1536w, https:\/\/empresaperiodistica.umh.es\/files\/2024\/02\/yi3g5pgvcnb47etdqrh2qengga-2048x1365.jpg 2048w\" sizes=\"(max-width: 300px) 100vw, 300px\" \/><\/a><\/div>\n<\/div>\n","protected":false},"excerpt":{"rendered":"<p>Unos seis millones de acciones cada d\u00eda, a un precio medio de 171,7 d\u00f3lares por acci\u00f3n. Esas ventas le han servido a Jeff Bezos, el segundo hombre m\u00e1s rico del mundo, para embolsarse 4.121 millones de d\u00f3lares (unos 3.850 millones de euros) en cuatro d\u00edas, seg\u00fan dos comunicaciones registradas por el fundador de Amazon ante [&#8230;]<\/p>\n","protected":false},"author":1,"featured_media":0,"comment_status":"closed","ping_status":"open","sticky":false,"template":"","format":"standard","meta":{"_links_to":"","_links_to_target":""},"categories":[1393805,585,1393463],"tags":[1393217],"_links":{"self":[{"href":"https:\/\/empresaperiodistica.umh.es\/en\/wp-json\/wp\/v2\/posts\/302"}],"collection":[{"href":"https:\/\/empresaperiodistica.umh.es\/en\/wp-json\/wp\/v2\/posts"}],"about":[{"href":"https:\/\/empresaperiodistica.umh.es\/en\/wp-json\/wp\/v2\/types\/post"}],"author":[{"embeddable":true,"href":"https:\/\/empresaperiodistica.umh.es\/en\/wp-json\/wp\/v2\/users\/1"}],"replies":[{"embeddable":true,"href":"https:\/\/empresaperiodistica.umh.es\/en\/wp-json\/wp\/v2\/comments?post=302"}],"version-history":[{"count":0,"href":"https:\/\/empresaperiodistica.umh.es\/en\/wp-json\/wp\/v2\/posts\/302\/revisions"}],"wp:attachment":[{"href":"https:\/\/empresaperiodistica.umh.es\/en\/wp-json\/wp\/v2\/media?parent=302"}],"wp:term":[{"taxonomy":"category","embeddable":true,"href":"https:\/\/empresaperiodistica.umh.es\/en\/wp-json\/wp\/v2\/categories?post=302"},{"taxonomy":"post_tag","embeddable":true,"href":"https:\/\/empresaperiodistica.umh.es\/en\/wp-json\/wp\/v2\/tags?post=302"}],"curies":[{"name":"wp","href":"https:\/\/api.w.org\/{rel}","templated":true}]}}