{"id":307,"date":"2024-02-16T11:40:05","date_gmt":"2024-02-16T10:40:05","guid":{"rendered":"https:\/\/empresaperiodistica.umh.es\/?p=307"},"modified":"2024-02-18T19:48:41","modified_gmt":"2024-02-18T18:48:41","slug":"loreal-vuelve-a-ser-el-mayor-anunciante-privado-de-espana","status":"publish","type":"post","link":"https:\/\/empresaperiodistica.umh.es\/en\/2024\/02\/16\/loreal-vuelve-a-ser-el-mayor-anunciante-privado-de-espana\/","title":{"rendered":"L\u2019Oreal vuelve a ser el mayor anunciante privado de Espa\u00f1a"},"content":{"rendered":"<div class=\"postie-post\">\n<div dir=\"ltr\">\n<div class=\"gmail_default\" style=\"font-family:trebuchet ms,sans-serif;color:#073763\"><\/div>\n<div class=\"gmail_quote\"> <img loading=\"lazy\" src=\"https:\/\/dircomfidencial.com\/wp-content\/uploads\/2025\/02\/LOreal.jpg\" width=\"1280\" alt=\"L&#39;Oreal\" height=\"720\" style=\"max-width:100%\"><\/p>\n<p>L\u2019Oreal vuelve a ser <strong>por tercer ejercicio consecutivo<\/strong> el <strong>primer anunciante privado por inversi\u00f3n publicitaria<\/strong> en Espa\u00f1a, de acuerdo con los datos revelados por Infoadex. La compa\u00f1\u00eda multinacional <strong>invirti\u00f3 un total de 72,2 millones de euros el a\u00f1o pasado<\/strong> en medios, lo que representa un <strong>aumento interanual del 1,8%.<\/strong><\/p>\n<p>A gran distancia de esta cifra est\u00e1 el <strong>Gobierno central<\/strong>, que para el a\u00f1o pasado <a rel=\"noopener\" href=\"https:\/\/urldefense.com\/v3\/__https:\/\/dircomfidencial.com\/marketing\/el-gobierno-preve-dedicar-145-me-a-la-publicidad-institucional-en-este-ano-electoral-20230201-0405\/__;!!D9dNQwwGXtA!RaeutW-QlgPy9BKQ8quudQSnMr_Y0CfIjzsG6mJGEz4_i7cW1a7eDWqtD_LJkMsQEd-0uJeh99r_OrpD$\" target=\"_blank\">ten\u00eda un presupuesto en compra de medios de superior a los 145 millones de euros.<\/a><\/p>\n<p>Seg\u00fan los datos cribados por Infoadex, el a\u00f1o pasado subi\u00f3 a la segunda posici\u00f3n del ranking de anunciantes privados <strong>el grupo Stellantis<\/strong>, con <strong>68,4 millones de euros<\/strong> reservados para la publicidad. Desbanca por tanto a <strong>Orange<\/strong>, que este a\u00f1o <strong>baja a la cuarta posici\u00f3n<\/strong>, con<strong> 57 millones de euros gastados en 2023, un 6,1% menos.<\/strong><\/p>\n<p>S\u00ed mantiene la tercera posici\u00f3n otra multinacional \u2013<strong>Procter &amp; Gamble<\/strong>-, con <strong>64 millones de euros<\/strong> destinados a la publicidad en Espa\u00f1a el a\u00f1o pasado, <strong>un 14% m\u00e1s<\/strong>. Con este nivel de aumento, es una de las compa\u00f1\u00edas que m\u00e1s increment\u00f3 su presupuesto durante 2023.<\/p>\n<p><img loading=\"lazy\" src=\"https:\/\/dircomfidencial.com\/wp-content\/uploads\/2025\/02\/inversion-publicitaria-2.png\" alt=\"inversion-publicitaria (2)\" width=\"550\" height=\"1536\" style=\"max-width:100%\"><\/p>\n<p>Tambi\u00e9n hubo crecimientos a doble d\u00edgito dentro del ranking de las veinte primeros anunciantes en la <strong>ONCE (+11%) y Volkswagen (+10%).<\/strong> Pese a las operaciones corporativas protagonizadas el a\u00f1o pasado, <strong>Vodafone Espa\u00f1a<\/strong> tambi\u00e9n fue <strong>una de las compa\u00f1\u00edas que m\u00e1s aument\u00f3 su presupuesto publicitario (+9%), hasta los 44 millones de euros.<\/strong> Adem\u00e1s, aparecen este a\u00f1o en el ranking <strong>Caixabank y Santander,<\/strong> que en el de 2023 no estaban. Ocupan las plazas de Burger King y McDonalds, que salen de los 20 primeros.<\/p>\n<p>Por el lado de las ca\u00eddas de presupuestos, <strong>la m\u00e1s abultada se produjo en Securitas Direct (-29%)<\/strong>, que se qued\u00f3 en los 28,8 millones de euros. Tambi\u00e9n hubo recortes importantes en<strong> L\u00ednea Directa (-26%), Coca-Cola (-23%), Renault (-20%) y Samsung (-18%).<\/strong><\/p>\n<p>Si solo se analizan los datos por inversi\u00f3n en publicidad digital, entonces <strong>Stellantis ocupa la primera plaza (20 millones de euros)<\/strong>, por encima de <strong>Orange (16 millones) y El Corte Ingl\u00e9s (15 millones).<\/strong><\/p>\n<p>En televisi\u00f3n, l\u00edder destacado es <strong>L\u2019Oreal<\/strong>, medio al que dedic\u00f3<strong> 55 millones de euros el a\u00f1o pasado<\/strong>. Otros grandes anunciantes en el medio televisivo son <strong>P&amp;G (48 millones), Stellantis (31 millones) y Orange (29 millones).<\/strong><\/p>\n<h2><strong>Distribuci\u00f3n y Restauraci\u00f3n, sector l\u00edder<\/strong><\/h2>\n<p>En general, el sector de la <strong>Distribuci\u00f3n y Restauraci\u00f3n<\/strong> fue el m\u00e1s intensivo el a\u00f1o pasado en inversi\u00f3n publicitaria. <strong>Dedic\u00f3 a ello 551 millones de euros, un 10% m\u00e1s<\/strong> que en 2022. El sector que m\u00e1s se acerca es el de <strong>Cultura, Ense\u00f1anza y Medios de Comunicaci\u00f3n<\/strong>, que moviliz\u00f3 un presupuesto de <strong>417 millones de euros<\/strong>; mientras que <strong>Servicios P\u00fablicos y Privados se qued\u00f3 en los 400 millones.<\/strong><\/p>\n<p><img loading=\"lazy\" src=\"https:\/\/dircomfidencial.com\/wp-content\/uploads\/2025\/02\/inversion-publicitaria-3.png\" alt=\"inversion-publicitaria (3)\" width=\"550\" height=\"886\" style=\"max-width:100%\"><\/p>\n<p>Destacan en esta ranking las subidas de <strong>Energ\u00eda, Hogar y Textil<\/strong>, aunque todav\u00eda con cifras de inversi\u00f3n peque\u00f1as. Tambi\u00e9n se observa una recuperaci\u00f3n del sector <strong>Autom\u00f3vil,<\/strong> que el a\u00f1o pasado <strong>creci\u00f3 un 6% y emple\u00f3 un total de 326 millones de euros a la publicidad.<\/strong><\/p>\n<p>En el lado contrario, <strong>hay recortes de presupuesto en Finanzas (-5%), Bebidas (-7%) y Telecomunicaciones e Internet (-5,3%).<\/strong><\/p>\n<p>via Dircomfidencial <a href=\"https:\/\/urldefense.com\/v3\/__https:\/\/ift.tt\/Mh3qGQv__;!!D9dNQwwGXtA!RaeutW-QlgPy9BKQ8quudQSnMr_Y0CfIjzsG6mJGEz4_i7cW1a7eDWqtD_LJkMsQEd-0uJeh90-gJkID$\" target=\"_blank\" rel=\"noopener\">https:\/\/ift.tt\/Mh3qGQv<\/a><\/p>\n<p> February 15, 2024 at 12:51PM <\/p><\/div>\n<\/div>\n<div class=\"postie-attachments\"><a href=\"https:\/\/empresaperiodistica.umh.es\/?attachment_id=310\"><img loading=\"lazy\" src=\"https:\/\/empresaperiodistica.umh.es\/files\/2024\/02\/loreal-300x169.jpg\" alt=\"\" width=\"300px\" height=\"169px\" class=\"alignnone size-medium wp-image-310\" srcset=\"https:\/\/empresaperiodistica.umh.es\/files\/2024\/02\/loreal-300x169.jpg 300w, https:\/\/empresaperiodistica.umh.es\/files\/2024\/02\/loreal-1024x576.jpg 1024w, https:\/\/empresaperiodistica.umh.es\/files\/2024\/02\/loreal-768x432.jpg 768w, https:\/\/empresaperiodistica.umh.es\/files\/2024\/02\/loreal.jpg 1280w\" sizes=\"(max-width: 300px) 100vw, 300px\" \/><\/a><\/div>\n<\/div>\n","protected":false},"excerpt":{"rendered":"<p>L\u2019Oreal vuelve a ser por tercer ejercicio consecutivo el primer anunciante privado por inversi\u00f3n publicitaria en Espa\u00f1a, de acuerdo con los datos revelados por Infoadex. La compa\u00f1\u00eda multinacional invirti\u00f3 un total de 72,2 millones de euros el a\u00f1o pasado en medios, lo que representa un aumento interanual del 1,8%.<br \/>\nA gran distancia de esta cifra [&#8230;]<\/p>\n","protected":false},"author":1,"featured_media":0,"comment_status":"closed","ping_status":"open","sticky":false,"template":"","format":"standard","meta":{"_links_to":"","_links_to_target":""},"categories":[585,50986],"tags":[1393217],"_links":{"self":[{"href":"https:\/\/empresaperiodistica.umh.es\/en\/wp-json\/wp\/v2\/posts\/307"}],"collection":[{"href":"https:\/\/empresaperiodistica.umh.es\/en\/wp-json\/wp\/v2\/posts"}],"about":[{"href":"https:\/\/empresaperiodistica.umh.es\/en\/wp-json\/wp\/v2\/types\/post"}],"author":[{"embeddable":true,"href":"https:\/\/empresaperiodistica.umh.es\/en\/wp-json\/wp\/v2\/users\/1"}],"replies":[{"embeddable":true,"href":"https:\/\/empresaperiodistica.umh.es\/en\/wp-json\/wp\/v2\/comments?post=307"}],"version-history":[{"count":0,"href":"https:\/\/empresaperiodistica.umh.es\/en\/wp-json\/wp\/v2\/posts\/307\/revisions"}],"wp:attachment":[{"href":"https:\/\/empresaperiodistica.umh.es\/en\/wp-json\/wp\/v2\/media?parent=307"}],"wp:term":[{"taxonomy":"category","embeddable":true,"href":"https:\/\/empresaperiodistica.umh.es\/en\/wp-json\/wp\/v2\/categories?post=307"},{"taxonomy":"post_tag","embeddable":true,"href":"https:\/\/empresaperiodistica.umh.es\/en\/wp-json\/wp\/v2\/tags?post=307"}],"curies":[{"name":"wp","href":"https:\/\/api.w.org\/{rel}","templated":true}]}}