{"id":319,"date":"2024-02-18T19:31:28","date_gmt":"2024-02-18T18:31:28","guid":{"rendered":"https:\/\/empresaperiodistica.umh.es\/?p=319"},"modified":"2024-02-18T19:49:15","modified_gmt":"2024-02-18T18:49:15","slug":"despedidas-de-mandamases-de-conglomerados-mediaticos-espanoles","status":"publish","type":"post","link":"https:\/\/empresaperiodistica.umh.es\/en\/2024\/02\/18\/despedidas-de-mandamases-de-conglomerados-mediaticos-espanoles\/","title":{"rendered":"Despedidas de mandamases de conglomerados medi\u00e1ticos espa\u00f1oles"},"content":{"rendered":"<div class=\"postie-post\">\n<div dir=\"ltr\">\n<div class=\"gmail_default\" style=\"font-family:trebuchet ms,sans-serif;color:#073763\"><\/div>\n<div class=\"gmail_quote\">El crep\u00fasculo de los dioses: del adi\u00f3s de Vasile a Mediaset al \u2018stand by\u2019 de Roures<\/p>\n<p>Los \u00faltimos tiempos han estado marcados por varias despedidas de algunos mandamases de conglomerados medi\u00e1ticos espa\u00f1oles. Un caso esperado, por cuestiones de edad, era el adi\u00f3s de<strong> Paolo Vasile a Mediaset Espa\u00f1a<\/strong>. Menos predecible ha sido la salida de Jaume Roures de Mediapro <strong>en las v\u00edsperas de los fastos por las tres d\u00e9cadas que cumplir\u00e1 pr\u00f3ximamente mastodonte audiovisual catal\u00e1n que rivaliz\u00f3 con Prisa<\/strong>, todav\u00eda en shock tras la repentina muerte de su br\u00fajula ideol\u00f3gica-empresarial, Miguel Barroso.<\/p>\n<h2>EL CREP\u00daSCULO DE LOS DIOSES: VASILE<\/h2>\n<p>La jubilaci\u00f3n de Vasile, la salida forzada por Roures en Mediapro y la muerte de Barroso descapitalizan el sector medi\u00e1tico aut\u00f3ctono, ayuno de materias grises como la del mourinhista romano, el trotskista catal\u00e1n y el exmao\u00edsta de origen ma\u00f1o.<\/p>\n<p>Con sus sombras y luces, no se le puede regatearle el talento a Vasile, una pena que lo derrochase para el amarillismo y el \u2018resultadismo\u2019 que le llev\u00f3 a ser un extraordinario director financiero, 3.600 millones de euros cruzaron el Mediterr\u00e1neo durante 23 a\u00f1os, y un irregular consejero delegado, contenidos amarillos y mon\u00f3tonos con los que se antepon\u00eda la maximizaci\u00f3n del beneficio a la colocaci\u00f3n de pilares claves para el futuro de la editora de Telecinco.<\/p>\n<p><a href=\"https:\/\/urldefense.com\/v3\/__https:\/\/www.merca2.es\/2023\/12\/06\/salem-borja-prado-1505657\/__;!!D9dNQwwGXtA!QLi87xqzIwnCGMb_hAezUpYz_K636N5_FM3oJ1wMrlOFb-znN8VfKgpdwR_LaCga32N1WarERWBfXEuU$\" target=\"_blank\" rel=\"noopener\"><strong>Alessandro Salem<\/strong><\/a>, hasta la fecha, no est\u00e1 dando la talla en su relevo. Es cierto que una transici\u00f3n hacia contenidos m\u00e1s blancos requiere tiempo, pero las audiencias y los resultados econ\u00f3micos est\u00e1n muy por debajo de lo esperado.<\/p>\n<p> <img loading=\"lazy\" src=\"https:\/\/www.merca2.es\/wp-content\/uploads\/2024\/01\/Salem-1-800x450.jpeg\" width=\"800\" alt=\"Mediaset\" title=\"El crep\u00fasculo de los dioses: del adi\u00f3s de Vasile a Mediaset al &#39;stand by&#39; de Roures 1 Merca2.es\" height=\"450\" style=\"max-width:100%\">Alessandro Salem. <\/p>\n<p>Quiz\u00e1 porque Vasile ostentaba una vara de mando centralizada que convert\u00eda al resto de directivos de la compa\u00f1\u00eda en sus simples brazos ejecutores, que es un sistema vertical similar al que reinaba hasta hace algunas semanas en Mediapro.<\/p>\n<h2>ROURES Y PRISA<\/h2>\n<p>Jaume Roures, cofundador y eterno tim\u00f3n de Mediapro, fue amo y se\u00f1or del holding hasta que la deuda del mismo le forz\u00f3 a venderlo hace ahora 6 a\u00f1os a un fondo chino que, en los \u00faltimos tiempos, ha evidenciado una divergencia de criterio con el productor. Tatxo Benet, posiblemente m\u00e1s dotado para las relaciones p\u00fablicas que para la gesti\u00f3n, tendr\u00e1 que demostrar su pericia al frente de esta compa\u00f1\u00eda que, al menos, ha logrado que la marcha de Roures no provoque una riada de bajas en su c\u00fapula.<\/p>\n<blockquote>\n<p>Roures acaba de dejar Mediapro tras casi 30 a\u00f1os de trabajo<\/p>\n<\/blockquote>\n<p>Altas se esperan en el Consejo de Administraci\u00f3n de<a rel=\"noopener\" href=\"https:\/\/urldefense.com\/v3\/__https:\/\/www.elconfidencial.com\/empresas\/2024-01-30\/consejo-prisa-silla-afin-moncloa-ampliacion-capital_3820284\/__;!!D9dNQwwGXtA!QLi87xqzIwnCGMb_hAezUpYz_K636N5_FM3oJ1wMrlOFb-znN8VfKgpdwR_LaCga32N1WarERb0NqiMG$\" target=\"_blank\"><strong> Prisa<\/strong> <\/a>y en su Consejo editorial tras la muerte de Barroso, que por ahora parece que no ser\u00e1 sustituido por Jos\u00e9 Miguel Contreras, Luis Arroyo o el sombr\u00edo Carlos Oca\u00f1a.<\/p>\n<p>Joseph Oughourlian, presidente del editor de la Cadena SER y El Pa\u00eds, anda pendiente en reducir deuda (emitiendo bonos convertibles por valor de 100 millones de euros) y ayer en Pamplona subray\u00f3 el \u00abaguante\u00bb de la radio convencional y la fuerza de Prisa en el mercado del podcast.<\/p>\n<h2>DE GAVELA A PEDRO J.<\/h2>\n<p>Este crep\u00fasculo de los dioses no solo afecta a directivos televisivos, ya que los grupos radiof\u00f3nicos tambi\u00e9n han cambiado de \u2018capos\u2019. Fue el caso de Prisa, que en 2018 cambi\u00f3 al contrastado Daniel Gavela por Mar\u00eda Jes\u00fas Espinosa de los Monteros.<\/p>\n<p>O de \u00c1bside Media (COPE), ya que <strong>Fernando Gim\u00e9nez Barriocanal en 2022 apost\u00f3 por centrarse en el vaticanismo y ceder, al menos formalmente, sus cargos en favor de Jos\u00e9 Luis Rest\u00e1n (presidente) y Javier Visiers (CEO).<\/strong><\/p>\n<p>Tambi\u00e9n ha habido relevo generacional entre los editores de peri\u00f3dico tras la operaci\u00f3n que derrib\u00f3 a Juan Luis Cebri\u00e1n, ahora centrado en firmar su s\u00e1bana quincenal antisanchista en el que peri\u00f3dico que fund\u00f3 y arruin\u00f3, El Pa\u00eds.<\/p>\n<blockquote>\n<p>Tambi\u00e9n ha habido relevo generacional entre los editores de peri\u00f3dico tras la operaci\u00f3n que derrib\u00f3 a Juan Luis Cebri\u00e1n<\/p>\n<\/blockquote>\n<p>O por la salida de la familia Luca de Tena del accionariado ABC. Aguantan inc\u00f3lumes el paso del tiempo el tenebroso Mauricio Casals (editor de La Raz\u00f3n) o Pedro J. Ram\u00edrez, que ayer influ\u00eda y no lideraba con El Mundo y hoy lidera pero no influye con El Espa\u00f1ol, cuyos premios feministas fueron emitidos por Atresmedia y rebotados con elogio por Prisa, \u00a1qui\u00e9n se lo iba a decir!<\/p>\n<p>Del liderazgo de El Espa\u00f1ol habl\u00f3 ayer Nacho Escolar en las Jornadas de UTECA. El director de <a href=\"https:\/\/urldefense.com\/v3\/__http:\/\/eldiario.es__;!!D9dNQwwGXtA!QLi87xqzIwnCGMb_hAezUpYz_K636N5_FM3oJ1wMrlOFb-znN8VfKgpdwR_LaCga32N1WarERX8_etAx$\" target=\"_blank\" rel=\"noopener\">eldiario.es<\/a> se\u00f1al\u00f3 que la prensa ha construido sus casas<strong> \u00aben terreno inundable\u00bb, ya que algoritmos (Google) y redes sociales controlan la mayor\u00eda del tr\u00e1fico digital<\/strong>, y denunci\u00f3 que algunos se atribuyan el liderazgo de la prensa cuando la mayor\u00eda de sus lectores ni siquiera son conscientes del medio que leen.<\/p>\n<p> via Noticias Comunicaci\u00f3n \u2013 Merca2.es <a href=\"https:\/\/urldefense.com\/v3\/__https:\/\/www.merca2.es__;!!D9dNQwwGXtA!QLi87xqzIwnCGMb_hAezUpYz_K636N5_FM3oJ1wMrlOFb-znN8VfKgpdwR_LaCga32N1WarERZCc8Rfr$\" target=\"_blank\" rel=\"noopener\">https:\/\/www.merca2.es<\/a><\/p>\n<p> February 2, 2024 at 06:29AM <\/p><\/div>\n<\/div>\n<div class=\"postie-attachments\"><a href=\"https:\/\/empresaperiodistica.umh.es\/?attachment_id=322\"><img loading=\"lazy\" src=\"https:\/\/empresaperiodistica.umh.es\/files\/2024\/02\/vasile-300x200.jpg\" alt=\"\" width=\"300px\" height=\"200px\" class=\"alignnone size-medium wp-image-322\" srcset=\"https:\/\/empresaperiodistica.umh.es\/files\/2024\/02\/vasile-300x200.jpg 300w, https:\/\/empresaperiodistica.umh.es\/files\/2024\/02\/vasile.jpg 600w\" sizes=\"(max-width: 300px) 100vw, 300px\" \/><\/a><\/div>\n<\/div>\n","protected":false},"excerpt":{"rendered":"<p>El crep\u00fasculo de los dioses: del adi\u00f3s de Vasile a Mediaset al \u2018stand by\u2019 de Roures<br \/>\nLos \u00faltimos tiempos han estado marcados por varias despedidas de algunos mandamases de conglomerados medi\u00e1ticos espa\u00f1oles. Un caso esperado, por cuestiones de edad, era el adi\u00f3s de Paolo Vasile a Mediaset Espa\u00f1a. Menos predecible ha sido la salida de Jaume [&#8230;]<\/p>\n","protected":false},"author":1,"featured_media":0,"comment_status":"closed","ping_status":"open","sticky":false,"template":"","format":"standard","meta":{"_links_to":"","_links_to_target":""},"categories":[1393805,1393463],"tags":[1393217],"_links":{"self":[{"href":"https:\/\/empresaperiodistica.umh.es\/en\/wp-json\/wp\/v2\/posts\/319"}],"collection":[{"href":"https:\/\/empresaperiodistica.umh.es\/en\/wp-json\/wp\/v2\/posts"}],"about":[{"href":"https:\/\/empresaperiodistica.umh.es\/en\/wp-json\/wp\/v2\/types\/post"}],"author":[{"embeddable":true,"href":"https:\/\/empresaperiodistica.umh.es\/en\/wp-json\/wp\/v2\/users\/1"}],"replies":[{"embeddable":true,"href":"https:\/\/empresaperiodistica.umh.es\/en\/wp-json\/wp\/v2\/comments?post=319"}],"version-history":[{"count":0,"href":"https:\/\/empresaperiodistica.umh.es\/en\/wp-json\/wp\/v2\/posts\/319\/revisions"}],"wp:attachment":[{"href":"https:\/\/empresaperiodistica.umh.es\/en\/wp-json\/wp\/v2\/media?parent=319"}],"wp:term":[{"taxonomy":"category","embeddable":true,"href":"https:\/\/empresaperiodistica.umh.es\/en\/wp-json\/wp\/v2\/categories?post=319"},{"taxonomy":"post_tag","embeddable":true,"href":"https:\/\/empresaperiodistica.umh.es\/en\/wp-json\/wp\/v2\/tags?post=319"}],"curies":[{"name":"wp","href":"https:\/\/api.w.org\/{rel}","templated":true}]}}