{"id":366,"date":"2024-03-21T20:30:50","date_gmt":"2024-03-21T19:30:50","guid":{"rendered":"http:\/\/empresaperiodistica.umh.es\/?p=366"},"modified":"2024-03-21T20:38:58","modified_gmt":"2024-03-21T19:38:58","slug":"vocento-aumenta-un-21-los-suscriptores-de-pago-mientras-la-venta-de-ejemplares-cae-un-39","status":"publish","type":"post","link":"https:\/\/empresaperiodistica.umh.es\/en\/2024\/03\/21\/vocento-aumenta-un-21-los-suscriptores-de-pago-mientras-la-venta-de-ejemplares-cae-un-39\/","title":{"rendered":"Vocento aumenta un 21% los suscriptores de pago mientras la venta de ejemplares cae un 3,9%"},"content":{"rendered":"<div class=\"postie-post\">\n<div dir=\"ltr\">\n<div class=\"gmail_default\" style=\"font-family:trebuchet ms,sans-serif;color:#073763\"><span style=\"font-family:Arial,Helvetica,sans-serif;color:rgb(34,34,34)\">Vocento registr\u00f3 un incremento en sus ingresos del 5,1% en 2023, alcanzando los 362,35 millones de euros, <\/span><strong style=\"font-family:Arial,Helvetica,sans-serif;color:rgb(34,34,34)\">impulsado significativamente por sus negocios digitales y de diversificaci\u00f3n, que ahora representan el 46% de su facturaci\u00f3n total.<\/strong><\/div>\n<div class=\"gmail_quote\">\n<div>\n<div>\n<div>\n<div>\n<div>\n<div>\n<div>\n<div>\n<div>\n<div>\n<div>\n<div>\n<p>A pesar de estos avances, el grupo ha experimentado una reducci\u00f3n en su beneficio neto, que disminuy\u00f3 un 70% hasta los 4 millones de euros. Este descenso se atribuye principalmente a <strong>incrementos en los costes de personal, incluyendo la recuperaci\u00f3n de la paga extra y las indemnizaciones.<\/strong><\/p>\n<p>El endeudamiento financiero bruto de Vocento ha experimentado un aumento cercano al 30%, situ\u00e1ndose en 59 millones de euros.<\/p>\n<p>En el lado positivo, el EBITDA de la compa\u00f1\u00eda se situ\u00f3 en 34,5 millones de euros, cumpliendo con los objetivos de crecimiento y mostrando una mejora respecto al a\u00f1o anterior. Este resultado ha sido impulsado por el notable desempe\u00f1o de los <strong>negocios de diversificaci\u00f3n, entre los que destacan los clasificados, la gastronom\u00eda, las agencias y los servicios digitales, que han visto aumentar su contribuci\u00f3n al EBITDA del grupo.<\/strong><\/p>\n<p>Los ingresos por publicidad y suscripciones digitales han registrado crecimientos significativos, con un aumento del 5,2% en la publicidad hasta los 160,462 millones de euros y un incremento del 28% en los ingresos por suscripciones digitales.<strong> Esto \u00faltimo gracias a un crecimiento del 21% en el n\u00famero de suscriptores de pago,<\/strong> que al cierre de 2023 ascend\u00edan a 138.000.<\/p>\n<p><strong>Sin embargo, la venta de ejemplares f\u00edsicos ha continuado su tendencia a la baja,<\/strong> con una disminuci\u00f3n del 3,9%, lo que pone de relieve los desaf\u00edos persistentes para el negocio de la prensa escrita en un entorno cada vez m\u00e1s digitalizado.<\/p>\n<p>A pesar de ello, Vocento ha logrado mantener un crecimiento modesto en el \u00e1rea de peri\u00f3dicos, con un incremento del 1% en los ingresos de explotaci\u00f3n.<\/p>\n<p>De cara al futuro, Vocento ha establecido objetivos ambiciosos para 2024, incluyendo la aceleraci\u00f3n del crecimiento del EBITDA a doble d\u00edgito y el aumento del peso de los negocios de diversificaci\u00f3n. Adem\u00e1s, la compa\u00f1\u00eda se enfoca en la generaci\u00f3n positiva de caja ordinaria y en la reducci\u00f3n de la deuda neta, lo que indica un compromiso con la mejora de su salud financiera y la sostenibilidad a largo plazo.<\/p>\n<\/p><\/div>\n<\/p><\/div>\n<\/p><\/div>\n<\/p><\/div>\n<\/p><\/div>\n<\/p><\/div>\n<\/p><\/div>\n<\/p><\/div>\n<\/p><\/div>\n<\/p><\/div>\n<\/p><\/div>\n<\/p><\/div>\n<p>La entrada <a href=\"https:\/\/urldefense.com\/v3\/__https:\/\/laboratoriodeperiodismo.org\/vocento-aumenta-un-21-los-suscriptores-de-pago-mientras-la-venta-de-ejemplares-cae-un-39\/__;!!D9dNQwwGXtA!Q79siisG9uIXjuyLu7MwqBASeLgFMIOkhrBJWZe1bZThez2_mr5KlmtGkdg2O3YLOWz-8-8dBCsfr2cn$\" target=\"_blank\" rel=\"noopener\">Vocento aumenta un 21% los suscriptores de pago mientras la venta de ejemplares cae un 3,9%<\/a> se public\u00f3 primero en <a href=\"https:\/\/urldefense.com\/v3\/__https:\/\/laboratoriodeperiodismo.org__;!!D9dNQwwGXtA!Q79siisG9uIXjuyLu7MwqBASeLgFMIOkhrBJWZe1bZThez2_mr5KlmtGkdg2O3YLOWz-8-8dBAZqnLHH$\" target=\"_blank\" rel=\"noopener\">Laboratorio de Periodismo Luca de Tena<\/a>.<\/p>\n<p> February 28, 2024 at 10:16AM <\/div>\n<\/div>\n<div class=\"postie-attachments\"><a href=\"http:\/\/empresaperiodistica.umh.es\/?attachment_id=369\"><img loading=\"lazy\" src=\"http:\/\/empresaperiodistica.umh.es\/files\/2024\/03\/vocento-300x200.jpeg\" alt=\"\" width=\"300px\" height=\"200px\" class=\"alignnone size-medium wp-image-369\" srcset=\"https:\/\/empresaperiodistica.umh.es\/files\/2024\/03\/vocento-300x200.jpeg 300w, https:\/\/empresaperiodistica.umh.es\/files\/2024\/03\/vocento-1024x683.jpeg 1024w, https:\/\/empresaperiodistica.umh.es\/files\/2024\/03\/vocento-768x512.jpeg 768w, https:\/\/empresaperiodistica.umh.es\/files\/2024\/03\/vocento.jpeg 1219w\" sizes=\"(max-width: 300px) 100vw, 300px\" \/><\/a><\/div>\n<\/div>\n","protected":false},"excerpt":{"rendered":"<p>Vocento registr\u00f3 un incremento en sus ingresos del 5,1% en 2023, alcanzando los 362,35 millones de euros, impulsado significativamente por sus negocios digitales y de diversificaci\u00f3n, que ahora representan el 46% de su facturaci\u00f3n total.<\/p>\n<p>A pesar de estos avances, el grupo ha experimentado una reducci\u00f3n en su beneficio neto, que disminuy\u00f3 un 70% hasta los [&#8230;]<\/p>\n","protected":false},"author":1,"featured_media":0,"comment_status":"closed","ping_status":"open","sticky":false,"template":"","format":"standard","meta":{"_links_to":"","_links_to_target":""},"categories":[585,50986],"tags":[1393217],"_links":{"self":[{"href":"https:\/\/empresaperiodistica.umh.es\/en\/wp-json\/wp\/v2\/posts\/366"}],"collection":[{"href":"https:\/\/empresaperiodistica.umh.es\/en\/wp-json\/wp\/v2\/posts"}],"about":[{"href":"https:\/\/empresaperiodistica.umh.es\/en\/wp-json\/wp\/v2\/types\/post"}],"author":[{"embeddable":true,"href":"https:\/\/empresaperiodistica.umh.es\/en\/wp-json\/wp\/v2\/users\/1"}],"replies":[{"embeddable":true,"href":"https:\/\/empresaperiodistica.umh.es\/en\/wp-json\/wp\/v2\/comments?post=366"}],"version-history":[{"count":0,"href":"https:\/\/empresaperiodistica.umh.es\/en\/wp-json\/wp\/v2\/posts\/366\/revisions"}],"wp:attachment":[{"href":"https:\/\/empresaperiodistica.umh.es\/en\/wp-json\/wp\/v2\/media?parent=366"}],"wp:term":[{"taxonomy":"category","embeddable":true,"href":"https:\/\/empresaperiodistica.umh.es\/en\/wp-json\/wp\/v2\/categories?post=366"},{"taxonomy":"post_tag","embeddable":true,"href":"https:\/\/empresaperiodistica.umh.es\/en\/wp-json\/wp\/v2\/tags?post=366"}],"curies":[{"name":"wp","href":"https:\/\/api.w.org\/{rel}","templated":true}]}}