{"id":372,"date":"2024-04-23T09:51:59","date_gmt":"2024-04-23T07:51:59","guid":{"rendered":"https:\/\/empresaperiodistica.umh.es\/?p=372"},"modified":"2024-04-23T10:07:49","modified_gmt":"2024-04-23T08:07:49","slug":"la-prensa-en-papel-en-su-peor-momento-ningun-diario-llega-al-millon-de-ejemplares","status":"publish","type":"post","link":"https:\/\/empresaperiodistica.umh.es\/en\/2024\/04\/23\/la-prensa-en-papel-en-su-peor-momento-ningun-diario-llega-al-millon-de-ejemplares\/","title":{"rendered":"La prensa en papel, en su peor momento: ning\u00fan diario llega al mill\u00f3n de ejemplares"},"content":{"rendered":"<div class=\"postie-post\">\n<div dir=\"ltr\">\n<div class=\"gmail_default\" style=\"font-family:trebuchet ms,sans-serif;color:#073763\"><br clear=\"all\"><\/div>\n<div>\n<div dir=\"ltr\" class=\"gmail_signature\" data-smartmail=\"gmail_signature\">\n<div dir=\"ltr\">\n<div dir=\"ltr\">\n<div dir=\"ltr\">\n<div dir=\"ltr\">\n<div dir=\"ltr\">\n<div dir=\"ltr\">\n<div dir=\"ltr\">\n<div dir=\"ltr\">\n<div dir=\"ltr\">\n<div dir=\"ltr\">\n<div dir=\"ltr\" style=\"color:rgb(34,34,34)\">\n<div dir=\"ltr\" style=\"color:rgb(0,0,0);line-height:24px\"><span style=\"color:rgb(34,34,34)\">La venta de peri\u00f3dicos ha ca\u00eddo en picado en los \u00faltimos a\u00f1os. Una cuesti\u00f3n que no sorprende a nadie en un contexto donde la inmediatez de las redes sociales se impone frente al sosiego y la reflexi\u00f3n que aporta la lectura de un diario en papel.<\/span><\/div>\n<\/div>\n<\/div>\n<\/div>\n<\/div>\n<\/div>\n<\/div>\n<\/div>\n<\/div>\n<\/div>\n<\/div>\n<\/div>\n<\/div>\n<\/div>\n<div class=\"gmail_quote\">\n<div>\n<div>\n<p>Los \u00faltimos resultados del <strong>Estudio General de Medios (EGM)<\/strong> <a href=\"https:\/\/urldefense.com\/v3\/__https:\/\/prnoticias.com\/2023\/11\/30\/marca-pincha-y-pierde-la-referencia-del-millon-de-lectores-diarios\/__;!!D9dNQwwGXtA!SNcyBArCYxdr6hlgTuyn9Bfen_yqO0z7EcyMYZ3Xo8FOmu8pbLk-VEdYKfv_O1bwU9YM8NHfgv8KMrkx$\" target=\"_blank\" rel=\"noopener\">arroj<span class=\"gmail_default\" style=\"font-family:\"trebuchet ms\",sans-serif;color:rgb(7,55,99)\"><\/span>a<span class=\"gmail_default\" style=\"font-family:\"trebuchet ms\",sans-serif;color:rgb(7,55,99)\">n<\/span> una curiosa fotograf\u00eda de la situaci\u00f3n de la prensa f\u00edsica<\/a>: ning\u00fan peri\u00f3dico supera la barrera del mill\u00f3n de ejemplares vendidos al d\u00eda. Ni siquiera <strong><em>Marca<\/em><\/strong>, la cabecera m\u00e1s le\u00edda de nuestro pa\u00eds, es capaz de sobrepasar este umbral, con 978.000 lectores en papel.<\/p>\n<p>El diario deportivo de <strong>Unidad Editorial <\/strong>sirve de term\u00f3metro al sector, que poco a poco van reestructurando sus \u00e1reas de negocio para adaptarlas a las demandas del mercado y de unos lectores completamente habituados a informarse digitalmente. <\/p>\n<p><strong><em>El Pa\u00eds<\/em><\/strong>, segundo diario m\u00e1s vendido, tambi\u00e9n est\u00e1 lejos del mill\u00f3n de ejemplares vendidos al d\u00eda. A falta de actualizar los resultados cuando se conozcan los resultados de la segunda ola del EGM, la cabecera de <strong>Prisa <\/strong>vende 802.000 ejemplares diarios. <\/p>\n<p>La tercera plaza en cuanto a venta de ejemplares, y a mucha distancia de <strong><em>El Pa\u00eds<\/em><\/strong>, la ocupa <strong><em>El Mundo<\/em><\/strong>, con 467.000 lectores diarios. <em><strong>AS <\/strong><\/em>y<em><strong> La Voz de Galicia<\/strong><\/em> ocupan la cuarta y la quinta plaza con 402.000 y 399.000 ejemplares diarios respectivamente.<\/p>\n<h4><strong>Los muros de pago, lejos de las expectativas<\/strong><\/h4>\n<p>La ca\u00edda lenta en las ventas de peri\u00f3dicos es extrapolable al <a href=\"https:\/\/urldefense.com\/v3\/__https:\/\/prnoticias.com\/2024\/03\/26\/los-muros-de-pago-avanzan-timidos-con-un-crecimiento-anquilosado\/__;!!D9dNQwwGXtA!SNcyBArCYxdr6hlgTuyn9Bfen_yqO0z7EcyMYZ3Xo8FOmu8pbLk-VEdYKfv_O1bwU9YM8NHfgp_pjam5$\" target=\"_blank\" rel=\"noopener\">leve crecimiento que registran los muros de pago.<\/a> A cierre de 2023 -\u00faltimos datos actualizados- <strong><em>El Pa\u00eds<\/em><\/strong> sigue ostentando la corona con 315.000 suscriptores. <\/p>\n<p>Muy por detr\u00e1s se sit\u00faan<strong><em> El Mundo<\/em><\/strong> y <em><strong>La Vanguardia<\/strong><\/em>, a los que la cabecera de Prisa casi triplica. El diario de Unidad Editorial cuenta con 136.000 suscriptores frente a los poco m\u00e1s de 100.000 que tiene el diario catal\u00e1n.<\/p>\n<p>Datos que reflejan la compleja situaci\u00f3n del sector de la prensa tambi\u00e9n en este \u00e1mbito, que no termina de recoger a los lectores que en su momento abandonaron la compra de ejemplares. <\/p>\n<p>via PR Noticias <a href=\"https:\/\/urldefense.com\/v3\/__https:\/\/prnoticias.com__;!!D9dNQwwGXtA!SNcyBArCYxdr6hlgTuyn9Bfen_yqO0z7EcyMYZ3Xo8FOmu8pbLk-VEdYKfv_O1bwU9YM8NHfguVJ3eld$\" target=\"_blank\" rel=\"noopener\">https:\/\/prnoticias.com<\/a><\/p>\n<\/div>\n<\/div>\n<\/div>\n<\/div>\n<div class=\"postie-attachments\"><a href=\"https:\/\/empresaperiodistica.umh.es\/?attachment_id=375\"><img loading=\"lazy\" src=\"https:\/\/empresaperiodistica.umh.es\/files\/2024\/04\/paywall.jpeg\" alt=\"\" width=\"276px\" height=\"183px\" class=\"alignnone size-medium wp-image-375\" \/><\/a><\/div>\n<\/div>\n","protected":false},"excerpt":{"rendered":"<p>La venta de peri\u00f3dicos ha ca\u00eddo en picado en los \u00faltimos a\u00f1os. Una cuesti\u00f3n que no sorprende a nadie en un contexto donde la inmediatez de las redes sociales se impone frente al sosiego y la reflexi\u00f3n que aporta la lectura de un diario en papel.<\/p>\n<p>Los \u00faltimos resultados del Estudio General de Medios (EGM) arrojan [&#8230;]<\/p>\n","protected":false},"author":1,"featured_media":0,"comment_status":"closed","ping_status":"open","sticky":false,"template":"","format":"standard","meta":{"_links_to":"","_links_to_target":""},"categories":[41626,585,50986],"tags":[1393217],"_links":{"self":[{"href":"https:\/\/empresaperiodistica.umh.es\/en\/wp-json\/wp\/v2\/posts\/372"}],"collection":[{"href":"https:\/\/empresaperiodistica.umh.es\/en\/wp-json\/wp\/v2\/posts"}],"about":[{"href":"https:\/\/empresaperiodistica.umh.es\/en\/wp-json\/wp\/v2\/types\/post"}],"author":[{"embeddable":true,"href":"https:\/\/empresaperiodistica.umh.es\/en\/wp-json\/wp\/v2\/users\/1"}],"replies":[{"embeddable":true,"href":"https:\/\/empresaperiodistica.umh.es\/en\/wp-json\/wp\/v2\/comments?post=372"}],"version-history":[{"count":0,"href":"https:\/\/empresaperiodistica.umh.es\/en\/wp-json\/wp\/v2\/posts\/372\/revisions"}],"wp:attachment":[{"href":"https:\/\/empresaperiodistica.umh.es\/en\/wp-json\/wp\/v2\/media?parent=372"}],"wp:term":[{"taxonomy":"category","embeddable":true,"href":"https:\/\/empresaperiodistica.umh.es\/en\/wp-json\/wp\/v2\/categories?post=372"},{"taxonomy":"post_tag","embeddable":true,"href":"https:\/\/empresaperiodistica.umh.es\/en\/wp-json\/wp\/v2\/tags?post=372"}],"curies":[{"name":"wp","href":"https:\/\/api.w.org\/{rel}","templated":true}]}}