{"id":394,"date":"2024-05-08T09:55:48","date_gmt":"2024-05-08T07:55:48","guid":{"rendered":"https:\/\/empresaperiodistica.umh.es\/?p=394"},"modified":"2024-05-08T09:58:16","modified_gmt":"2024-05-08T07:58:16","slug":"la-nueva-ley-de-la-ue-que-obliga-a-declarar-la-propiedad-de-los-medios-entra-en-vigor","status":"publish","type":"post","link":"https:\/\/empresaperiodistica.umh.es\/en\/2024\/05\/08\/la-nueva-ley-de-la-ue-que-obliga-a-declarar-la-propiedad-de-los-medios-entra-en-vigor\/","title":{"rendered":"La nueva ley de la UE que obliga a declarar la propiedad de los medios entra en vigor"},"content":{"rendered":"<div class=\"postie-post\">\n<div dir=\"ltr\">\n<div class=\"gmail_quote\">\n<div><img loading=\"lazy\" width=\"768\" src=\"https:\/\/valenciaplaza.com\/public\/Image\/2024\/5\/17151032308886130MEDIOS_NoticiaAmpliada.jpg\" height=\"512\" style=\"max-width:100%\"><\/p>\n<div>\n<p>VAL\u00c8NCIA (EP). La Ley de Libertad de Medios de Comunicaci\u00f3n de la Uni\u00f3n Europea que obligar\u00e1 a declarar la propiedad de los medios y a proteger m\u00e1s a los periodistas, en aras de la transparencia y el pluralismo medi\u00e1tico, entra en vigor este martes, si bien prev\u00e9 una aplicaci\u00f3n gradual por la que las primeras disposiciones &#8211;las que se refieren al derecho a la pluralidad de medios&#8211; no ser\u00e1n aplicables hasta el pr\u00f3ximo oto\u00f1o.<\/p>\n<p>La nueva normativa comunitaria busca fomentar la transparencia sobre los grupos empresariales que controlan los medios de comunicaci\u00f3n, as\u00ed como proteger de forma efectiva a los periodistas y proveedores ante presiones e injerencias gubernamentales y ataques con programas esp\u00eda.<\/p>\n<p>&#8220;Por primera vez, la UE tiene una ley para proteger la libertad de prensa. La UE reconoce que los periodistas desempe\u00f1an un papel esencial para la democracia y deben ser protegidos&#8221;, ha dicho la vicepresidenta del Ejecutivo comunitario encargada de Estado de derecho y Justicia, Vera Jourova, quien adem\u00e1s ha instado a los gobiernos nacionales a dar los pasos necesarios para que las nuevas reglas se apliquen en su legislaci\u00f3n &#8220;lo antes posible&#8221;.<\/p>\n<p>Tambi\u00e9n entraron en vigor esta semana las normas para reforzar la protecci\u00f3n de periodistas y activistas frente a posibles demandas abusivas o infundadas que se presenten contra ellos con el objetivo de intimidarles o silenciarles, unas acciones conocidas como &#8220;demandas estrat\u00e9gicas&#8221; contra la participaci\u00f3n p\u00fablica (SLAPP, por sus siglas en ingl\u00e9s).<\/p>\n<p>En lo que a la nueva ley de libertad de medios se refiere, la reforma prev\u00e9 la obligaci\u00f3n para los Estados miembro de proteger la independencia de los medios de comunicaci\u00f3n, poniendo coto a la intervenci\u00f3n en las decisiones editoriales.<\/p>\n<p>Adem\u00e1s, los periodistas quedar\u00e1n blindados para ejercer su labor en libertad y sin revelar sus fuentes porque las autoridades no podr\u00e1n detenerlos, sancionarlos, hacer redadas en sus oficinas o instalar programas de vigilancia en sus dispositivos electr\u00f3nicos, ya que el uso de espionaje se limitar\u00e1 s\u00f3lo a casos concretos y previa autorizaci\u00f3n judicial.<\/p>\n<h2>Transparencia sobre propiedad y publicidad institucional<\/h2>\n<p>Entre las claves de las novedades introducidas por la ley figura la obligaci\u00f3n para todos los medios de comunicaci\u00f3n, independientemente de su tama\u00f1o, de aportar transparencia sobre la identidad de sus propietarios, que tendr\u00e1 que publicar en una base de datos nacional y tambi\u00e9n si son de titularidad parcial o total p\u00fablica.<\/p>\n<p>De esta forma, se busca limitar la injerencia extranjera y la concentraci\u00f3n empresarial, clave en la serie de intereses que pueden influir en la informaci\u00f3n que difunden.<\/p>\n<p>Respecto a la publicidad institucional, los medios tendr\u00e1n que informar sobre los fondos p\u00fablicos recibidos en concepto de publicidad o en forma de subvenciones, incluyendo financiaci\u00f3n desde terceros pa\u00edses.<\/p>\n<p>Asimismo, los fondos p\u00fablicos concedidos a los medios de comunicaci\u00f3n o a las plataformas en l\u00ednea deber\u00e1n asignarse mediante criterios p\u00fablicos proporcionados y no discriminatorios. La informaci\u00f3n sobre el gasto p\u00fablico en publicidad ser\u00e1 transparente, incluida la cantidad total anual y la cantidad otorgada a cada medio.<\/p>\n<p>En lo que respecta a los medios de comunicaci\u00f3n p\u00fablicos, la normativa obliga a garantizar una financiaci\u00f3n sostenible, previsible y transparente y, para evitar su instrumentalizaci\u00f3n pol\u00edtica, sus directores y miembros del consejo de administraci\u00f3n deber\u00e1n ser seleccionados mediante procedimientos transparentes y no discriminatorios para mandatos suficientemente largos.<\/p>\n<\/div>\n<\/div>\n<p> via 6- Alicante Plaza <a href=\"https:\/\/urldefense.com\/v3\/__https:\/\/ift.tt\/MbHe2KW__;!!D9dNQwwGXtA!Q2CqrNi9Mlb5q885w4SPWhI5zQegLpr2hEyUIedxNrBomUxbmqo181YjfGgIcm3Rt9i1UQwzESyiYPQw$\" target=\"_blank\" rel=\"noopener\">https:\/\/ift.tt\/MbHe2KW<\/a><\/p>\n<p> May 7, 2024 at 07:44PM <\/p><\/div>\n<\/div>\n<div class=\"postie-attachments\"><a href=\"https:\/\/empresaperiodistica.umh.es\/?attachment_id=397\"><img loading=\"lazy\" src=\"https:\/\/empresaperiodistica.umh.es\/files\/2024\/05\/17151032308886130medios_noticiaampliada-300x200.jpg\" alt=\"\" width=\"300px\" height=\"200px\" class=\"alignnone size-medium wp-image-397\" srcset=\"https:\/\/empresaperiodistica.umh.es\/files\/2024\/05\/17151032308886130medios_noticiaampliada-300x200.jpg 300w, https:\/\/empresaperiodistica.umh.es\/files\/2024\/05\/17151032308886130medios_noticiaampliada.jpg 768w\" sizes=\"(max-width: 300px) 100vw, 300px\" \/><\/a><\/div>\n<\/div>\n","protected":false},"excerpt":{"rendered":"<p>VAL\u00c8NCIA (EP). La Ley de Libertad de Medios de Comunicaci\u00f3n de la Uni\u00f3n Europea que obligar\u00e1 a declarar la propiedad de los medios y a proteger m\u00e1s a los periodistas, en aras de la transparencia y el pluralismo medi\u00e1tico, entra en vigor este martes, si bien prev\u00e9 una aplicaci\u00f3n gradual por la que las primeras [&#8230;]<\/p>\n","protected":false},"author":1,"featured_media":0,"comment_status":"closed","ping_status":"open","sticky":false,"template":"","format":"standard","meta":{"_links_to":"","_links_to_target":""},"categories":[3372,1393805,1393463],"tags":[1393217],"_links":{"self":[{"href":"https:\/\/empresaperiodistica.umh.es\/en\/wp-json\/wp\/v2\/posts\/394"}],"collection":[{"href":"https:\/\/empresaperiodistica.umh.es\/en\/wp-json\/wp\/v2\/posts"}],"about":[{"href":"https:\/\/empresaperiodistica.umh.es\/en\/wp-json\/wp\/v2\/types\/post"}],"author":[{"embeddable":true,"href":"https:\/\/empresaperiodistica.umh.es\/en\/wp-json\/wp\/v2\/users\/1"}],"replies":[{"embeddable":true,"href":"https:\/\/empresaperiodistica.umh.es\/en\/wp-json\/wp\/v2\/comments?post=394"}],"version-history":[{"count":0,"href":"https:\/\/empresaperiodistica.umh.es\/en\/wp-json\/wp\/v2\/posts\/394\/revisions"}],"wp:attachment":[{"href":"https:\/\/empresaperiodistica.umh.es\/en\/wp-json\/wp\/v2\/media?parent=394"}],"wp:term":[{"taxonomy":"category","embeddable":true,"href":"https:\/\/empresaperiodistica.umh.es\/en\/wp-json\/wp\/v2\/categories?post=394"},{"taxonomy":"post_tag","embeddable":true,"href":"https:\/\/empresaperiodistica.umh.es\/en\/wp-json\/wp\/v2\/tags?post=394"}],"curies":[{"name":"wp","href":"https:\/\/api.w.org\/{rel}","templated":true}]}}