{"id":399,"date":"2024-05-14T19:12:10","date_gmt":"2024-05-14T17:12:10","guid":{"rendered":"https:\/\/empresaperiodistica.umh.es\/?p=399"},"modified":"2024-05-14T19:16:16","modified_gmt":"2024-05-14T17:16:16","slug":"al-perder-el-musculo-de-la-publicidad-se-ha-perdido-tambien-independencia-y-credibilidad","status":"publish","type":"post","link":"https:\/\/empresaperiodistica.umh.es\/en\/2024\/05\/14\/al-perder-el-musculo-de-la-publicidad-se-ha-perdido-tambien-independencia-y-credibilidad\/","title":{"rendered":"&#8220;Al perder el m\u00fasculo de la publicidad se ha perdido tambi\u00e9n independencia y credibilidad&#8221;"},"content":{"rendered":"<div class=\"postie-post\">\n<div dir=\"ltr\">\n<div class=\"gmail_default\" style=\"font-family:trebuchet ms,sans-serif;color:#073763\"><span style=\"font-family:Arial,Helvetica,sans-serif;color:rgb(34,34,34)\">Un periodismo tocado de muerte: &#8220;Al perder el m\u00fasculo de la publicidad se ha perdido tambi\u00e9n independencia y credibilidad&#8221;<\/span><\/div>\n<div class=\"gmail_quote\">\n<div>\n<div>\n<div>\n<p>Derrota o muerte del periodismo. Ambos t\u00e9rminos son verdad si analizamos lo que ha sucedido en los peri\u00f3dicos, en las radios, televisiones y en internet en los \u00faltimos diez o quince a\u00f1os. El periodista no est\u00e1 derrotado ni ha muerto, porque de hecho los medios de comunicaci\u00f3n se nos antojan m\u00e1s vivos que nunca pero, como asegura <strong>Teodoro Le\u00f3n Gross<\/strong> (M\u00e1laga, 1966), la funci\u00f3n y el rol que ha tenido en la modernidad, dentro de las sociedades democr\u00e1ticas y dentro del esquema de contrapesos y de equilibrios que hoy hemos heredado, ha tocado de muerte esta honorable actividad.<\/p>\n<\/div>\n<\/div>\n<div>\n<p>Le\u00f3n Gross, que es periodista, ensayista y profesor universitario, no tiene motivos para el optimismo. Y cuenta sus razones en el libro titulado <i>La muerte del periodismo<\/i>, editado en Deusto, donde junto al veredicto y las consecuencias incorpora el cronograma que nos ha llevado al lugar en el que estamos. \u00abArrastramos desde hace al menos dos d\u00e9cadas una crisis de modelo que arranca de una p\u00e9rdida de la publicidad, una de las principales v\u00edas de ingreso de las empresas informativas. Al perder ese m\u00fasculo se pierde la independencia econ\u00f3mica y con ella se pierde la independencia editorial. Aparecen entonces dependencias de las administraciones e instituciones p\u00fablicas, de las decisiones m\u00e1s o menos arbitrarias del poder pol\u00edtico o incluso del poder financiero\u00bb. <\/p>\n<p>Dicho de otro modo: Quien te presta el m\u00fasculo tambi\u00e9n coloniza tu independencia. El autor de <i>La muerte del periodismo <\/i>fue columnista en <i>EL MUNDO <\/i>y <i>El Pa\u00eds<\/i>. Hoy firma en <i>Abc<\/i> y dirige el programa de televisi\u00f3n <i>Mesa de An\u00e1lisis<\/i>, en los mediod\u00edas laborables de Canal Sur. El problema, a juicio del periodista, es que la deriva se ve\u00eda venir. O al menos hubo profetas que lo intuyeron. Primero se produce una crisis en el modelo de negocio: las v\u00edas que manten\u00edan la salud financiera de las empresas period\u00edsticas entran en crisis. Frente a esa debilidad se desata una crisis a\u00fan peor que afecta directamente a la l\u00ednea de flotaci\u00f3n de todo negocio period\u00edstico y que es la credibilidad. Sumemos a esa palabra sagrada tantos adjetivos positivos como inunden nuestra cabeza. \u00bfLos tenemos? Todos han entrado en crisis: independencia, profesionalidad, verdad, contraste, distancia, perspectiva&#8230;<\/p>\n<p>Teodoro Le\u00f3n Gross lo explica as\u00ed: \u00ab<strong>Philip Meyer<\/strong>, en su libro titulado <i>The Vanishing Newspaper<\/i>, habla de la codicia de los editores, que hab\u00eda empezado a debilitar el periodismo antes de internet en el momento en que los peri\u00f3dicos se empiezan a integrar en los grandes grupos multimedia, en esos entramados del <i>show business<\/i>. <strong>Neil Postman <\/strong>plantea en su ensayo <i>Divertirse hasta morir<\/i>, ese concepto que en el siglo XXI va a ser determinante y omnipresente, el de <i>infortainment<\/i>, c\u00f3mo el periodismo se va haciendo <i>infoentretenimiento<\/i>, un proceso que tiene que ver con que los editores son conscientes de que tienen un instrumento muy poderoso que daba entonces una enorme rentabilidad econ\u00f3mica. Ah\u00ed comienza ese proceso\u00bb.<\/p>\n<p>Y en estas lleg\u00f3 el populismo. Le\u00f3n Gross avisa: \u00abEstamos en el ciclo pol\u00edtico de los populismos, del deterioro de la democracia liberal. Hemos visto debilitarse la democracia liberal y el periodismo como instrumento democr\u00e1tico. Han ido en paralelo. Es muy f\u00e1cil reconocer muchos de los tics <i>trumpistas<\/i> en Espa\u00f1a en <strong>Pablo Iglesias<\/strong>. Luego <strong>Pedro S\u00e1nchez <\/strong>le usurpa a Pablo Iglesias un mont\u00f3n de elementos caracter\u00edsticos del movimiento de la irrupci\u00f3n de Podemos, los absorbe para el Partido Socialista y deja a Podemos fuera del tablero\u00bb. Dicho de otro modo: \u00abCorren paralelos el debilitamiento de la democracia liberal y el del periodismo. Con un periodismo fuerte habr\u00eda sido m\u00e1s dif\u00edcil que se deteriorara la democracia liberal de esa manera y con las democracias en un estado muy saludable habr\u00eda sido m\u00e1s dif\u00edcil que el periodismo claudicara\u00bb.<\/p>\n<p>Nunca hemos vivido tan pendientes del sesgo de confirmaci\u00f3n. Leemos la prensa, escuchamos la radio, vemos la televisi\u00f3n buscando que los periodistas refuercen nuestros prejuicios informativos, reflejo perfecto de nuestros prejuicios ideol\u00f3gicos. El periodista nunca ha sido un profesional inmaculado de independencia, pero los datos eran sagrados. La opini\u00f3n, claro est\u00e1, pod\u00eda virar de la derecha a la izquierda, del conservadurismo liberal al progresismo socialdem\u00f3crata. \u00abEstaba la interpretaci\u00f3n y la tematizaci\u00f3n marcada por la ideolog\u00eda. A partir de este proceso se pierde el relato informativo y empezamos a vivir en burbujas. Se opera desde una l\u00f3gica de buenos y malos, desde una adhesi\u00f3n moral, no desde la \u00e9tica en el espacio p\u00fablico, sino desde un moralismo que tiene mucho de religioso. No importa lo que digan los otros porque son los malos, mientras nosotros somos los buenos\u00bb, lamenta Teodoro Le\u00f3n Gross.<\/p>\n<\/div>\n<\/div>\n<p> via ELMUNDO <a href=\"https:\/\/urldefense.com\/v3\/__https:\/\/www.elmundo.es__;!!D9dNQwwGXtA!UofeSwJxBuP60iEoWJi6TlHyp_g13tQ3AaGrAhL_0oAT1Fype-ZUg8dg5d-sseTxNqvkAOW0QtwczjBg$\" target=\"_blank\" rel=\"noopener\">https:\/\/www.elmundo.es<\/a><\/p>\n<p> May 14, 2024 at 07:03PM <\/p><\/div>\n<\/div>\n<div class=\"postie-attachments\"><a href=\"https:\/\/empresaperiodistica.umh.es\/?attachment_id=402\"><img loading=\"lazy\" src=\"https:\/\/empresaperiodistica.umh.es\/files\/2024\/05\/teodoro-leon-final-2-300x200.jpg\" alt=\"\" width=\"300px\" height=\"200px\" class=\"alignnone size-medium wp-image-402\" srcset=\"https:\/\/empresaperiodistica.umh.es\/files\/2024\/05\/teodoro-leon-final-2-300x200.jpg 300w, https:\/\/empresaperiodistica.umh.es\/files\/2024\/05\/teodoro-leon-final-2-1024x684.jpg 1024w, https:\/\/empresaperiodistica.umh.es\/files\/2024\/05\/teodoro-leon-final-2-768x513.jpg 768w, https:\/\/empresaperiodistica.umh.es\/files\/2024\/05\/teodoro-leon-final-2-1536x1026.jpg 1536w, https:\/\/empresaperiodistica.umh.es\/files\/2024\/05\/teodoro-leon-final-2.jpg 1574w\" sizes=\"(max-width: 300px) 100vw, 300px\" \/><\/a><\/div>\n<\/div>\n","protected":false},"excerpt":{"rendered":"<p>Un periodismo tocado de muerte: &#8220;Al perder el m\u00fasculo de la publicidad se ha perdido tambi\u00e9n independencia y credibilidad&#8221;<\/p>\n<p>Derrota o muerte del periodismo. Ambos t\u00e9rminos son verdad si analizamos lo que ha sucedido en los peri\u00f3dicos, en las radios, televisiones y en internet en los \u00faltimos diez o quince a\u00f1os. El periodista no est\u00e1 derrotado [&#8230;]<\/p>\n","protected":false},"author":1,"featured_media":0,"comment_status":"closed","ping_status":"open","sticky":false,"template":"","format":"standard","meta":{"_links_to":"","_links_to_target":""},"categories":[2942,585,50986,3265],"tags":[1393217],"_links":{"self":[{"href":"https:\/\/empresaperiodistica.umh.es\/en\/wp-json\/wp\/v2\/posts\/399"}],"collection":[{"href":"https:\/\/empresaperiodistica.umh.es\/en\/wp-json\/wp\/v2\/posts"}],"about":[{"href":"https:\/\/empresaperiodistica.umh.es\/en\/wp-json\/wp\/v2\/types\/post"}],"author":[{"embeddable":true,"href":"https:\/\/empresaperiodistica.umh.es\/en\/wp-json\/wp\/v2\/users\/1"}],"replies":[{"embeddable":true,"href":"https:\/\/empresaperiodistica.umh.es\/en\/wp-json\/wp\/v2\/comments?post=399"}],"version-history":[{"count":0,"href":"https:\/\/empresaperiodistica.umh.es\/en\/wp-json\/wp\/v2\/posts\/399\/revisions"}],"wp:attachment":[{"href":"https:\/\/empresaperiodistica.umh.es\/en\/wp-json\/wp\/v2\/media?parent=399"}],"wp:term":[{"taxonomy":"category","embeddable":true,"href":"https:\/\/empresaperiodistica.umh.es\/en\/wp-json\/wp\/v2\/categories?post=399"},{"taxonomy":"post_tag","embeddable":true,"href":"https:\/\/empresaperiodistica.umh.es\/en\/wp-json\/wp\/v2\/tags?post=399"}],"curies":[{"name":"wp","href":"https:\/\/api.w.org\/{rel}","templated":true}]}}