{"id":409,"date":"2024-06-07T09:39:07","date_gmt":"2024-06-07T07:39:07","guid":{"rendered":"https:\/\/empresaperiodistica.umh.es\/?p=409"},"modified":"2024-06-07T09:44:01","modified_gmt":"2024-06-07T07:44:01","slug":"cambios-en-el-accionariado-del-grupo-prisa","status":"publish","type":"post","link":"https:\/\/empresaperiodistica.umh.es\/en\/2024\/06\/07\/cambios-en-el-accionariado-del-grupo-prisa\/","title":{"rendered":"Cambios en el accionariado del grupo PRISA"},"content":{"rendered":"<div class=\"postie-post\">\n<div dir=\"ltr\">\n<div class=\"gmail_default\" style=\"font-family:trebuchet ms,sans-serif;color:#073763\"><span style=\"font-family:Arial,Helvetica,sans-serif;color:rgb(34,34,34)\">\u00bfQui\u00e9n controla el <\/span><strong style=\"font-family:Arial,Helvetica,sans-serif;color:rgb(34,34,34)\">grupo PRISA<\/strong><span style=\"font-family:Arial,Helvetica,sans-serif;color:rgb(34,34,34)\">? As\u00ed quedar\u00eda <\/span><em style=\"font-family:Arial,Helvetica,sans-serif;color:rgb(34,34,34)\">la geograf\u00eda<\/em><span style=\"font-family:Arial,Helvetica,sans-serif;color:rgb(34,34,34)\"> del accionariado de la editora de <\/span><strong style=\"font-family:Arial,Helvetica,sans-serif;color:rgb(34,34,34)\">EL PA\u00cdS<\/strong><span style=\"font-family:Arial,Helvetica,sans-serif;color:rgb(34,34,34)\">, <\/span><strong style=\"font-family:Arial,Helvetica,sans-serif;color:rgb(34,34,34)\">AS<\/strong><span style=\"font-family:Arial,Helvetica,sans-serif;color:rgb(34,34,34)\"> o <\/span><strong style=\"font-family:Arial,Helvetica,sans-serif;color:rgb(34,34,34)\">CADENA SER<\/strong><span style=\"font-family:Arial,Helvetica,sans-serif;color:rgb(34,34,34)\">, tras la entrada de <\/span><strong style=\"font-family:Arial,Helvetica,sans-serif;color:rgb(34,34,34)\">Adolfo Utor<\/strong><span style=\"font-family:Arial,Helvetica,sans-serif;color:rgb(34,34,34)\">, empresario alicantino propietario de la naviera Balearia, como accionista de referencia.<\/span><\/div>\n<div class=\"gmail_quote\">\n<div> <img alt=\"El presidente del grupo PRISA, Joseph Oughourlian.\" src=\"https:\/\/www.reddeperiodistas.com\/wp-content\/uploads\/2022\/08\/joseph-oughourlian-grupo-prisa.jpg.webp\" style=\"max-width:100%\">Joseph Oughourlian, presidente del grupo PRISA.<\/p>\n<p><strong>Adolfo Utor<\/strong> entra en el grupo PRISA, tras adquirir un paquete de control, gracias a la ventana de canje de obligaciones convertibles en t\u00edtulos cotizados.<\/p>\n<p>El empresario alicantino, propietario de <strong>Balearia<\/strong>, empresa adquirida a la familia Matutes, se coloca as\u00ed como uno de los accionistas de referencia de manera indirecta en la editora de <a href=\"https:\/\/urldefense.com\/v3\/__https:\/\/www.reddeperiodistas.com\/el-buscador-de-chatgpt-posicionara-a-el-pais-as-o-cinco-dias-de-manera-preferente-frente-a-otros-medios-espanoles\/__;!!D9dNQwwGXtA!WA0DSweFdfaFyhH__99qe1iZG4ERKMc0B0zA7m2N0MputMn72442OMWCPZyEKLmETFVpL-os-K-Bxfc6$\" target=\"_blank\" rel=\"noopener\">EL PA\u00cdS<\/a>, <strong>AS<\/strong> o <strong>CADENA SER<\/strong>.<\/p>\n<p>Recordemos que el pasado 30 de mayo, Utor se hizo con el 5,414% de las acciones, a trav\u00e9s de la empresa <strong>GESTI\u00d3N NAVIERA<\/strong>, seg\u00fan consta en la <a href=\"https:\/\/urldefense.com\/v3\/__https:\/\/www.cnmv.es__;!!D9dNQwwGXtA!WA0DSweFdfaFyhH__99qe1iZG4ERKMc0B0zA7m2N0MputMn72442OMWCPZyEKLmETFVpL-os-OwT2lEG$\" target=\"_blank\" rel=\"noopener\">C<\/a><a href=\"https:\/\/urldefense.com\/v3\/__https:\/\/www.cnmv.es\/Portal\/Consultas\/DerechosVoto\/Notificaciones-Participaciones.aspx?qS=*7B815a82e5-6119-4261-9659-182819c25a4f*7D__;JSU!!D9dNQwwGXtA!WA0DSweFdfaFyhH__99qe1iZG4ERKMc0B0zA7m2N0MputMn72442OMWCPZyEKLmETFVpL-os-Gu6JAwt$\" target=\"_blank\" rel=\"noopener\">omisi\u00f3n Nacional del Mercado de Valores<\/a> (CNMV).<\/p>\n<p>Con la entrada de Utor, <em>la geograf\u00eda<\/em> de la actual composici\u00f3n accionarial de PRISA quedar\u00eda como sigue.<\/p>\n<h2>\u00bfQui\u00e9n es el mayor accionista de PRISA?<\/h2>\n<p>As\u00ed, el grupo PRISA (PROMOCIONES DE INFORMACI\u00d3N S.A.) ahora tendr\u00eda tres accionistas mayoritarios con un capital cercano al 30%.<\/p>\n<p>Sin embargo, realmente este podio de toma de control est\u00e1 bajo el mandato o influencia directa de su actual presidente, el financiero franc\u00e9s <strong>Joseph Oughourlian<\/strong>:<\/p>\n<ul>\n<li> <strong>Joseph<\/strong> <strong>Oughourlian<\/strong> dispondr\u00eda del <strong>29,5%<\/strong> de las acciones a nivel personal<\/li>\n<li>Su empresa del <strong>Reino Unido<\/strong> <strong>AMBER CAPITAL<\/strong> otro <strong>29,5%<\/strong> <\/li>\n<li>La sociedad de responsabilidad limitada <strong>OVIEDO HOLDINGS<\/strong> otro <strong>24,7%<\/strong>. <br \/>(Este \u00faltimo holding de inversi\u00f3n, bajo el paraguas de la propia AMBER CAPITAL, est\u00e1 domiciliada en <strong>Luxemburgo<\/strong>)<\/li>\n<\/ul>\n<p>A estos tres paquetes accionariales, habr\u00eda que sumarles un cuarto, el de <strong>AMBER CAPITAL INVESTMENT<\/strong>, veh\u00edculo de inversi\u00f3n colectiva como ICAV, ubicada en <strong>Irlanda<\/strong>, que tendr\u00eda otro <strong>5,2%<\/strong>.<\/p>\n<p>Por otra parte, el emporio franc\u00e9s de <strong>VIVENDI<\/strong>, conglomerado de la familia\u00a0de <strong>Vicent Bollor\u00e9<\/strong>, de amistad profesa con Joseph Oughourlian, y <a href=\"https:\/\/urldefense.com\/v3\/__https:\/\/www.reddeperiodistas.com\/vivendi-entra-en-el-negocio-de-prisa-por-la-puerta-de-servicio\/__;!!D9dNQwwGXtA!WA0DSweFdfaFyhH__99qe1iZG4ERKMc0B0zA7m2N0MputMn72442OMWCPZyEKLmETFVpL-os-B7dhL24$\" target=\"_blank\" rel=\"noopener\">socio industrial de PRISA<\/a> en segmentos de diversificaci\u00f3n (entradas, v\u00eddeos, etc\u00e9tera), se sit\u00faa con el <strong>11,7%<\/strong> de acciones de la editora espa\u00f1ola.<\/p>\n<h2>\u00bfQui\u00e9n controla el grupo PRISA?<\/h2>\n<table>\n<tbody>\n<tr>\n<td><strong>Accionistas PRISA<\/strong><\/td>\n<td><strong>% Capital<\/strong><\/td>\n<\/tr>\n<tr>\n<td><strong>AMBER CAPITAL UK LLP<\/strong><\/td>\n<td>29.568<\/td>\n<\/tr>\n<tr>\n<td><strong>OUGHOURLIAN , JOSEPH<\/strong><\/td>\n<td>29.568<\/td>\n<\/tr>\n<tr>\n<td><strong>OVIEDO HOLDINGS S.A.R.L.<\/strong><\/td>\n<td>24.787<\/td>\n<\/tr>\n<tr>\n<td>VIVENDI, S.E.<\/td>\n<td>11.795<\/td>\n<\/tr>\n<tr>\n<td>RUCANDIO, S.A.<\/td>\n<td>7.611<\/td>\n<\/tr>\n<tr>\n<td>GLOBAL ALCONABA SL<\/td>\n<td>7.076<\/td>\n<\/tr>\n<tr>\n<td>CONTROL EMPRESARIAL DE CAPITALES, S.A. DE C.V.<\/td>\n<td>7.015<\/td>\n<\/tr>\n<tr>\n<td>GESTION NAVIERA S.L.<\/td>\n<td>5.414<\/td>\n<\/tr>\n<tr>\n<td>UTOR MART\u00cdNEZ, JUAN ADOLFO<\/td>\n<td>5.414<\/td>\n<\/tr>\n<tr>\n<td><strong>AMBER CAPITAL INVESTMENT MANAGEMENT ICAV \u2013 AMBER GLOBAL OPPORTUNITIES FUND<\/strong><\/td>\n<td>5.225<\/td>\n<\/tr>\n<tr>\n<td>AL THANI , KHALID THANI ABDULLAH<\/td>\n<td>4.918<\/td>\n<\/tr>\n<tr>\n<td>ALCANTARA ROJAS, ROBERTO LAZARO<\/td>\n<td>4.805<\/td>\n<\/tr>\n<tr>\n<td>BANCO SANTANDER, S.A.<\/td>\n<td>4.145<\/td>\n<\/tr>\n<\/tbody>\n<\/table>\n<p> Los accionistas de referencia del grupo PRISA (Promociones de Informaci\u00f3n S.A.).<\/p>\n<h2>\u00bfQui\u00e9n forma parte del grupo PRISA? Los otros accionistas<\/h2>\n<p>Como vemos, la toma de control del actual presidente de la editora de SANTILLANA, EL PA\u00cdS o CADENA SER, de manera personal o bajo empresas de su holding de inversi\u00f3n, se complementa con estos otros accionistas.<\/p>\n<p>Al margen de Adolfo Utor (GESTI\u00d3N NAVIERA), y las empresas del holding de AMBER CAPITAL, los actuales propietarios con derecho a voto, con menos del 10% de participaci\u00f3n en PRISA ser\u00edan:<\/p>\n<ul>\n<li>La participaci\u00f3n de la <strong>familia Polanco<\/strong>, mediante <strong>Rucandio<\/strong> (7,611%)<\/li>\n<li>La empresa liderada por Andr\u00e9s Varela Entrecanales, <strong>Global Alconaba<\/strong>, (7,076%), hoy propietarios del antiguo paquete accionarial de TELEF\u00d3NICA en PRISA<\/li>\n<li>Y la sociedad de la familia del empresario <strong>mexicano<\/strong> <strong>Carlos Slim<\/strong>, Control Empresarial de Capitales (7,015%)<\/li>\n<\/ul>\n<h2>Qatar, M\u00e9xico, Santander<\/h2>\n<p>Por otra parte, con menos del 5% estar\u00edan el jeque de Qatar, <strong>Khalid Thani Abdullah Al Thani<\/strong> (4,918%). Tambi\u00e9n el empresario mexicano, due\u00f1o de Viva Autobuses, <a href=\"https:\/\/urldefense.com\/v3\/__https:\/\/es.wikipedia.org\/wiki\/Roberto_Alc**Antara_Rojas__;w6E!!D9dNQwwGXtA!WA0DSweFdfaFyhH__99qe1iZG4ERKMc0B0zA7m2N0MputMn72442OMWCPZyEKLmETFVpL-os-JVEik96$\" target=\"_blank\" rel=\"noopener\">Roberto L\u00e1zaro Alc\u00e1ntara Rojas<\/a> (4,805%)<\/p>\n<p>En un pen\u00faltimo tramo se ubica uno de los acreedores principales de PRISA, la entidad financiera <strong>BANCO SANTANDER<\/strong> (4,145%).<\/p>\n<\/div>\n<p> via #RedDePeriodistas <a href=\"https:\/\/urldefense.com\/v3\/__https:\/\/ift.tt\/yobhMcW__;!!D9dNQwwGXtA!WA0DSweFdfaFyhH__99qe1iZG4ERKMc0B0zA7m2N0MputMn72442OMWCPZyEKLmETFVpL-os-N9JuXkI$\" target=\"_blank\" rel=\"noopener\">https:\/\/ift.tt\/yobhMcW<\/a><\/p>\n<p> June 6, 2024 at 11:30AM <\/p><\/div>\n<\/div>\n<div class=\"postie-attachments\"><a href=\"https:\/\/empresaperiodistica.umh.es\/?attachment_id=411\"><img loading=\"lazy\" src=\"https:\/\/empresaperiodistica.umh.es\/files\/2024\/06\/joseph-oughourlian-grupo-prisa-300x185.jpg\" alt=\"\" width=\"300px\" height=\"185px\" class=\"alignnone size-medium wp-image-411\" srcset=\"https:\/\/empresaperiodistica.umh.es\/files\/2024\/06\/joseph-oughourlian-grupo-prisa-300x185.jpg 300w, https:\/\/empresaperiodistica.umh.es\/files\/2024\/06\/joseph-oughourlian-grupo-prisa-1024x631.jpg 1024w, https:\/\/empresaperiodistica.umh.es\/files\/2024\/06\/joseph-oughourlian-grupo-prisa-768x474.jpg 768w, https:\/\/empresaperiodistica.umh.es\/files\/2024\/06\/joseph-oughourlian-grupo-prisa.jpg 1200w\" sizes=\"(max-width: 300px) 100vw, 300px\" \/><\/a><\/div>\n<\/div>\n","protected":false},"excerpt":{"rendered":"<p>\u00bfQui\u00e9n controla el grupo PRISA? As\u00ed quedar\u00eda la geograf\u00eda del accionariado de la editora de EL PA\u00cdS, AS o CADENA SER, tras la entrada de Adolfo Utor, empresario alicantino propietario de la naviera Balearia, como accionista de referencia.<\/p>\n<p> Joseph Oughourlian, presidente del grupo PRISA.<br \/>\nAdolfo Utor entra en el grupo PRISA, tras adquirir un paquete de [&#8230;]<\/p>\n","protected":false},"author":1,"featured_media":0,"comment_status":"closed","ping_status":"open","sticky":false,"template":"","format":"standard","meta":{"_links_to":"","_links_to_target":""},"categories":[3372,1393805,1393463],"tags":[1393217],"_links":{"self":[{"href":"https:\/\/empresaperiodistica.umh.es\/en\/wp-json\/wp\/v2\/posts\/409"}],"collection":[{"href":"https:\/\/empresaperiodistica.umh.es\/en\/wp-json\/wp\/v2\/posts"}],"about":[{"href":"https:\/\/empresaperiodistica.umh.es\/en\/wp-json\/wp\/v2\/types\/post"}],"author":[{"embeddable":true,"href":"https:\/\/empresaperiodistica.umh.es\/en\/wp-json\/wp\/v2\/users\/1"}],"replies":[{"embeddable":true,"href":"https:\/\/empresaperiodistica.umh.es\/en\/wp-json\/wp\/v2\/comments?post=409"}],"version-history":[{"count":0,"href":"https:\/\/empresaperiodistica.umh.es\/en\/wp-json\/wp\/v2\/posts\/409\/revisions"}],"wp:attachment":[{"href":"https:\/\/empresaperiodistica.umh.es\/en\/wp-json\/wp\/v2\/media?parent=409"}],"wp:term":[{"taxonomy":"category","embeddable":true,"href":"https:\/\/empresaperiodistica.umh.es\/en\/wp-json\/wp\/v2\/categories?post=409"},{"taxonomy":"post_tag","embeddable":true,"href":"https:\/\/empresaperiodistica.umh.es\/en\/wp-json\/wp\/v2\/tags?post=409"}],"curies":[{"name":"wp","href":"https:\/\/api.w.org\/{rel}","templated":true}]}}