{"id":413,"date":"2024-06-22T08:39:15","date_gmt":"2024-06-22T06:39:15","guid":{"rendered":"https:\/\/empresaperiodistica.umh.es\/?p=413"},"modified":"2024-06-22T09:12:25","modified_gmt":"2024-06-22T07:12:25","slug":"la-suscripcion-digital-en-la-prensa-espanola-modelo-estancado-o-en-crecimiento","status":"publish","type":"post","link":"https:\/\/empresaperiodistica.umh.es\/en\/2024\/06\/22\/la-suscripcion-digital-en-la-prensa-espanola-modelo-estancado-o-en-crecimiento\/","title":{"rendered":"La suscripci\u00f3n digital en la prensa espa\u00f1ola: \u00bfModelo estancado o en crecimiento?"},"content":{"rendered":"<div class=\"postie-post\">\n<div dir=\"ltr\">\n<div class=\"gmail_default\" style=\"font-family:trebuchet ms,sans-serif;color:#073763\"><\/div>\n<div class=\"gmail_quote\"> <img loading=\"lazy\" src=\"https:\/\/dircomfidencial.com\/wp-content\/uploads\/2024\/06\/El-Pais.jpg\" width=\"650\" height=\"365\" style=\"max-width:100%\"><\/p>\n<p>Los principales grupos de medios espa\u00f1oles con un modelo de suscripci\u00f3n digital tienen, en conjunto,<strong>\u00a0en torno al mill\u00f3n de abonados<\/strong>. Esta cifra se obtiene de sumar los suscriptores digitales comunicados a lo largo de este a\u00f1o por <strong>Prisa, Vocento, Unidad Editorial, La Vanguardia, El Confidencial <\/strong>y <strong>El Diario<\/strong>. Es una cifra <strong>bastante superior a la del a\u00f1o anterior<\/strong>.<\/p>\n<p>Aunque no se sabe qu\u00e9 parte de esta base de suscriptores digitales en Espa\u00f1a es realmente duplicada. Es decir, <strong>hay abonados que pagan por varias cabeceras<\/strong>. Tambi\u00e9n se desconoce cu\u00e1ntas suscripciones de las comunicadas<strong> se venden por paquetes a empresas<\/strong> o cu\u00e1ntas son <strong>adquiridas por las administraciones p\u00fablicas<\/strong>.<\/p>\n<p>Adem\u00e1s de ello, los editores est\u00e1n en una guerra comercial, con<strong> ofertas de precios muchas veces rid\u00edculas<\/strong>. Incluso, en ocasiones <strong>se regalan<\/strong> a la hora de contratar un producto o servicio ajeno a la prensa.<\/p>\n<p>En cualquier caso, el negocio que aporta la suscripci\u00f3n digital a los editores es <strong>todav\u00eda muy incipiente<\/strong>. Prisa es el \u00fanico grupo que lo difunde p\u00fablicamente: en 2023 le report\u00f3 <a rel=\"noopener\" href=\"https:\/\/urldefense.com\/v3\/__https:\/\/dircomfidencial.com\/medios\/el-muro-de-pago-de-el-pais-aporta-18-me-tras-llegar-a-los-315-000-suscriptores-digitales-20240222-0403\/__;!!D9dNQwwGXtA!VvT-rCKglEiB7nBEhwupyYdr6Rjv8w0A_GF0hzfJLMQNzi1GCfvFxao5C6twLY57mSVS5HgLFdWgKnjR$\" target=\"_blank\">18 millones de euros<\/a>, apenas un <strong>4% de los ingresos totales del negocio de medios<\/strong>. Y eso que Prisa <strong>acapara pr\u00e1cticamente un tercio del mercado de la suscripci\u00f3n digital<\/strong> (350.000 a cierre del primer trimestre).<\/p>\n<p><img loading=\"lazy\" src=\"https:\/\/dircomfidencial.com\/wp-content\/uploads\/2024\/06\/pago-por-noticias-digitales-1.png\" alt=\"pago-por-noticias-digitales (1)\" width=\"550\" height=\"664\" style=\"max-width:100%\"><\/p>\n<p>No obstante, pese al aumento evidente del n\u00famero de suscriptores digitales comunicado por los propios medios (ganados de una u otra forma), el informe Digital News Report Espa\u00f1a expone en la edici\u00f3n de este a\u00f1o (conocida ayer) que la cuota de personas que pagan por acceder a informaci\u00f3n de pago en Internet <strong>se ha reducido 1,5 puntos<\/strong>, hasta quedarse en el <strong>11,8% de los encuestados<\/strong>. Aunque la Universidad de Navarra y Reuters -autores del estudio- matizan que esta variaci\u00f3n se encuentra<strong> dentro del margen de error<\/strong> de la encuesta (han participado m\u00e1s de 2.000 personas en Espa\u00f1a). En todo caso, la cuota est\u00e1 <strong>estancada desde hace cuatro a\u00f1os<\/strong>, pese a que es en este periodo cuando m\u00e1s \u00e9nfasis est\u00e1n poniendo los medios en las suscripciones digitales.<\/p>\n<h2><strong>Espa\u00f1a, a la cola mundial<\/strong><\/h2>\n<p>Con ese porcentaje del entorno del 12% que dicen pagar por noticias online, Espa\u00f1a se sit\u00faa <strong>a la cola mundial entre los pa\u00edses m\u00e1s desarrollados<\/strong>. Ocupa la<strong> posici\u00f3n 32\u00ba de un total de 41<\/strong> pa\u00edses. Esta clasificaci\u00f3n est\u00e1 liderada por los pa\u00edses n\u00f3rdicos europeos, con <strong>cuotas entre el 30% y el 40%<\/strong>. La <strong>media mundial es del 16%.\u00a0<\/strong><\/p>\n<p>El estudio indica que los segmentos de edad m\u00e1s proclives al pago son los <strong>j\u00f3venes, entre los 18 y 34 a\u00f1os<\/strong>. Al margen de la edad, el pago por noticias tambi\u00e9n es terreno abonado entre aquellos que tienen <strong>inter\u00e9s y confianza en los medios.\u00a0<\/strong><\/p>\n<p>Seg\u00fan el informe, el <strong>65% de los suscriptores digitales pagan por ese servicio<\/strong>, ya sea mediante una suscripci\u00f3n exclusiva digital (35%) o conjunta con la versi\u00f3n impresa (29%). Hasta <strong>un 22% declara que su suscripci\u00f3n es regalada<\/strong>, porcentaje que ha ido creciendo los \u00faltimos a\u00f1os.<\/p>\n<blockquote>\n<p>Pese al gran aumento comunicado por los medios, el Digital News Report 2024 refleja que el mercado de la suscripci\u00f3n digital est\u00e1 estancado.<\/p>\n<\/blockquote>\n<p>Otra de las conclusiones interesantes del Digital News Report Espa\u00f1a es que la mitad de los suscriptores digitales en Espa\u00f1a est\u00e1n <strong>abonados a m\u00e1s de un medio<\/strong>. La media es pagar por acceder a <strong>dos cabeceras<\/strong>.<\/p>\n<p>Respecto a los precios, la respuesta mayoritaria (31%) asegura que <strong>paga entre 1 y 5 euros al mes<\/strong>. Otro <strong>19% est\u00e1 entre los 5 y 10 euros<\/strong>. Y <strong>un 6% tan solo 1 euro al mes o menos<\/strong>. Es decir, <strong>m\u00e1s de la mitad del mercado paga menos de 10 euros al mes.\u00a0<\/strong><\/p>\n<p> via Dircomfidencial <a href=\"https:\/\/urldefense.com\/v3\/__https:\/\/ift.tt\/rYpdjmi__;!!D9dNQwwGXtA!VvT-rCKglEiB7nBEhwupyYdr6Rjv8w0A_GF0hzfJLMQNzi1GCfvFxao5C6twLY57mSVS5HgLFYJzk9yD$\" target=\"_blank\" rel=\"noopener\">https:\/\/ift.tt\/rYpdjmi<\/a><\/p>\n<p> June 18, 2024 at 04:54AM <\/p><\/div>\n<\/div>\n<div class=\"postie-attachments\"><a href=\"https:\/\/empresaperiodistica.umh.es\/?attachment_id=416\"><img loading=\"lazy\" src=\"https:\/\/empresaperiodistica.umh.es\/files\/2024\/06\/el-pais-300x168.jpg\" alt=\"\" width=\"300px\" height=\"168px\" class=\"alignnone size-medium wp-image-416\" srcset=\"https:\/\/empresaperiodistica.umh.es\/files\/2024\/06\/el-pais-300x168.jpg 300w, https:\/\/empresaperiodistica.umh.es\/files\/2024\/06\/el-pais.jpg 650w\" sizes=\"(max-width: 300px) 100vw, 300px\" \/><\/a><\/div>\n<\/div>\n","protected":false},"excerpt":{"rendered":"<p>Los principales grupos de medios espa\u00f1oles con un modelo de suscripci\u00f3n digital tienen, en conjunto,\u00a0en torno al mill\u00f3n de abonados. Esta cifra se obtiene de sumar los suscriptores digitales comunicados a lo largo de este a\u00f1o por Prisa, Vocento, Unidad Editorial, La Vanguardia, El Confidencial y El Diario. Es una cifra bastante superior a [&#8230;]<\/p>\n","protected":false},"author":1,"featured_media":0,"comment_status":"closed","ping_status":"open","sticky":false,"template":"","format":"standard","meta":{"_links_to":"","_links_to_target":""},"categories":[585,50986],"tags":[1393217],"_links":{"self":[{"href":"https:\/\/empresaperiodistica.umh.es\/en\/wp-json\/wp\/v2\/posts\/413"}],"collection":[{"href":"https:\/\/empresaperiodistica.umh.es\/en\/wp-json\/wp\/v2\/posts"}],"about":[{"href":"https:\/\/empresaperiodistica.umh.es\/en\/wp-json\/wp\/v2\/types\/post"}],"author":[{"embeddable":true,"href":"https:\/\/empresaperiodistica.umh.es\/en\/wp-json\/wp\/v2\/users\/1"}],"replies":[{"embeddable":true,"href":"https:\/\/empresaperiodistica.umh.es\/en\/wp-json\/wp\/v2\/comments?post=413"}],"version-history":[{"count":0,"href":"https:\/\/empresaperiodistica.umh.es\/en\/wp-json\/wp\/v2\/posts\/413\/revisions"}],"wp:attachment":[{"href":"https:\/\/empresaperiodistica.umh.es\/en\/wp-json\/wp\/v2\/media?parent=413"}],"wp:term":[{"taxonomy":"category","embeddable":true,"href":"https:\/\/empresaperiodistica.umh.es\/en\/wp-json\/wp\/v2\/categories?post=413"},{"taxonomy":"post_tag","embeddable":true,"href":"https:\/\/empresaperiodistica.umh.es\/en\/wp-json\/wp\/v2\/tags?post=413"}],"curies":[{"name":"wp","href":"https:\/\/api.w.org\/{rel}","templated":true}]}}