{"id":429,"date":"2024-09-18T10:53:45","date_gmt":"2024-09-18T08:53:45","guid":{"rendered":"https:\/\/empresaperiodistica.umh.es\/?p=429"},"modified":"2024-09-18T11:18:44","modified_gmt":"2024-09-18T09:18:44","slug":"el-espanol-lidera-gfk-dam-infobae-entra-quinto-en-el-top-10-de-periodicos-mas-leidos-de-espana","status":"publish","type":"post","link":"https:\/\/empresaperiodistica.umh.es\/en\/2024\/09\/18\/el-espanol-lidera-gfk-dam-infobae-entra-quinto-en-el-top-10-de-periodicos-mas-leidos-de-espana\/","title":{"rendered":"EL ESPA\u00d1OL lidera GfK DAM. INFOBAE entra quinto en el TOP-10 de peri\u00f3dicos m\u00e1s le\u00eddos de Espa\u00f1a"},"content":{"rendered":"<p><\/p>\n<div class=\"postie-post\">\n<div dir=\"ltr\">\n<div class=\"gmail_default\" style=\"font-family:trebuchet ms,sans-serif;color:#073763\"><strong style=\"font-family:Arial,Helvetica,sans-serif;color:rgb(34,34,34)\"><a href=\"https:\/\/urldefense.com\/v3\/__https:\/\/www.reddeperiodistas.com\/el-espanol-cierra-2023-como-lider-de-los-periodicos-mas-leidos-segun-las-mediciones-de-gfk-dam\/__;!!D9dNQwwGXtA!XLosLIdisXWrZ0vzGbkQtogGwJa5b47Kk916Qmtk67Kuz52EJabmC_uySbESWrryRuavq5M8zAZoBYuX$\" target=\"_blank\" rel=\"noopener\">EL ESPA\u00d1OL<\/a><\/strong><span style=\"font-family:Arial,Helvetica,sans-serif;color:rgb(34,34,34)\"> lleva 13 meses seguidos de l\u00edder de audiencias en <\/span><strong style=\"font-family:Arial,Helvetica,sans-serif;color:rgb(34,34,34)\"><a href=\"https:\/\/urldefense.com\/v3\/__https:\/\/www.reddeperiodistas.com\/medios-audiencias-y-periodismo\/gfk-dam\/__;!!D9dNQwwGXtA!XLosLIdisXWrZ0vzGbkQtogGwJa5b47Kk916Qmtk67Kuz52EJabmC_uySbESWrryRuavq5M8zM1aTyN-$\" target=\"_blank\" rel=\"noopener\">GfK DAM<\/a><\/strong><span style=\"font-family:Arial,Helvetica,sans-serif;color:rgb(34,34,34)\">. En las mediciones oficiales de agosto, tambi\u00e9n. <\/span><strong style=\"font-family:Arial,Helvetica,sans-serif;color:rgb(34,34,34)\"><a href=\"https:\/\/urldefense.com\/v3\/__https:\/\/www.reddeperiodistas.com\/los-motivos-por-los-que-abc-es-ya-el-segundo-periodico-mas-leido-en-el-quincenal-de-gfk-dam-de-febrero\/__;!!D9dNQwwGXtA!XLosLIdisXWrZ0vzGbkQtogGwJa5b47Kk916Qmtk67Kuz52EJabmC_uySbESWrryRuavq5M8zGAeosr-$\" target=\"_blank\" rel=\"noopener\">ABC<\/a><\/strong><span style=\"font-family:Arial,Helvetica,sans-serif;color:rgb(34,34,34)\"> se consolida como segundo<\/span><strong style=\"font-family:Arial,Helvetica,sans-serif;color:rgb(34,34,34)\"> peri\u00f3dico digital m\u00e1s le\u00eddo en Espa\u00f1a<\/strong><span style=\"font-family:Arial,Helvetica,sans-serif;color:rgb(34,34,34)\">. <\/span><a href=\"https:\/\/urldefense.com\/v3\/__https:\/\/www.reddeperiodistas.com\/parte-del-objetivo-de-infobae-es-estar-entre-los-diez-periodicos-mas-leidos-de-espana-en-2024\/__;!!D9dNQwwGXtA!XLosLIdisXWrZ0vzGbkQtogGwJa5b47Kk916Qmtk67Kuz52EJabmC_uySbESWrryRuavq5M8zDmR7CWI$\" target=\"_blank\" style=\"font-family:Arial,Helvetica,sans-serif\" rel=\"noopener\"><strong>INFOBAE<\/strong><\/a><span style=\"font-family:Arial,Helvetica,sans-serif;color:rgb(34,34,34)\"> regresa al <\/span><strong style=\"font-family:Arial,Helvetica,sans-serif;color:rgb(34,34,34)\">TOP-10<\/strong><span style=\"font-family:Arial,Helvetica,sans-serif;color:rgb(34,34,34)\"> de la <\/span><strong style=\"font-family:Arial,Helvetica,sans-serif;color:rgb(34,34,34)\">prensa digital espa\u00f1ola<\/strong><span style=\"font-family:Arial,Helvetica,sans-serif;color:rgb(34,34,34)\">, ganando el <\/span><strong style=\"font-family:Arial,Helvetica,sans-serif;color:rgb(34,34,34)\">s\u00e9ptimo puesto<\/strong><span style=\"font-family:Arial,Helvetica,sans-serif;color:rgb(34,34,34)\">.<\/span><\/div>\n<div class=\"gmail_quote\">\n<div> <img src=\"https:\/\/www.reddeperiodistas.com\/wp-content\/uploads\/2021\/12\/La-lista-de-los-perio%CC%81dicos-que-contratan-GfK-DAM-y-los-que-seguira%CC%81n-con-Comscore.jpg.webp\" alt=\"Siete de los 10 peri\u00f3dicos m\u00e1s le\u00eddos caen en audiencia GfK DAM al cerrar semestre\" style=\"max-width:100%\">EL ESPA\u00d1OL, l\u00edder de GfK DAM, delante de ABC y EL MUNDO. INFOBAE entra s\u00e9ptimo en el TOP-10<\/p>\n<p>Las mediciones oficiales de audiencias de <strong>GfK DAM<\/strong> de agosto certifican a <strong>EL ESPA\u00d1OL<\/strong> como l\u00edder durante 13 meses consecutivos de la <strong>prensa digital <\/strong>espa\u00f1ola.<\/p>\n<p>Adem\u00e1s, este reporte estival termina de consolidar al <strong>diario ABC<\/strong> como segundo en el ranking, delante de <strong>EL MUNDO<\/strong>, que regresa al podio de los <strong>diarios digitales m\u00e1s le\u00eddos<\/strong> en internet en Espa\u00f1a, en detrimento de <strong>LA VANGUARDIA<\/strong> (cuarto).<\/p>\n<h2>Ranking de 10 peri\u00f3dicos digitales generalistas m\u00e1s le\u00eddos en Espa\u00f1a<\/h2>\n<table>\n<tbody>\n<tr>\n<td><\/td>\n<td><strong>Peri\u00f3dico<\/strong><\/td>\n<td><strong>U.\u00danicos<\/strong><\/td>\n<td><strong>Media Diaria<\/strong><\/td>\n<\/tr>\n<tr>\n<td>1<\/td>\n<td>El Espa\u00f1ol<\/td>\n<td>19,235,873<\/td>\n<td>2,902,189<\/td>\n<\/tr>\n<tr>\n<td>2<\/td>\n<td>Diario ABC<\/td>\n<td>16,411,122<\/td>\n<td>2,345,365<\/td>\n<\/tr>\n<tr>\n<td>3<\/td>\n<td>El Mundo<\/td>\n<td>15,907,402<\/td>\n<td>2,325,662<\/td>\n<\/tr>\n<tr>\n<td>4<\/td>\n<td>La Vanguardia<\/td>\n<td>15,831,318<\/td>\n<td>1,811,338<\/td>\n<\/tr>\n<tr>\n<td>5<\/td>\n<td>El Pa\u00eds<\/td>\n<td>14,506,583<\/td>\n<td>1,953,970<\/td>\n<\/tr>\n<tr>\n<td>6<\/td>\n<td>The Huffington Post<\/td>\n<td>14,454,408<\/td>\n<td>2,504,253<\/td>\n<\/tr>\n<tr>\n<td>7<\/td>\n<td>Infobae<\/td>\n<td>14,297,799<\/td>\n<td>1,987,079<\/td>\n<\/tr>\n<tr>\n<td>8<\/td>\n<td>El Confidencial<\/td>\n<td>13,630,780<\/td>\n<td>1,615,505<\/td>\n<\/tr>\n<tr>\n<td>9<\/td>\n<td>OKdiario<\/td>\n<td>13,574,198<\/td>\n<td>1,700,992<\/td>\n<\/tr>\n<tr>\n<td>10<\/td>\n<td>20 Minutos<\/td>\n<td>13,505,042<\/td>\n<td>1,603,975<\/td>\n<\/tr>\n<\/tbody>\n<\/table>\n<p> GfK DAM para el mes de agosto de 2024.<\/p>\n<p>Este TOP-10 de peri\u00f3dicos generalistas, sin embargo, trae varias novedades, respecto a los anteriores partes de junio y julio.<\/p>\n<h2>INFOBAE entra de nuevo en el TOP-10 de diarios m\u00e1s le\u00eddos en internet<\/h2>\n<p>Por lo pronto, <a href=\"https:\/\/urldefense.com\/v3\/__https:\/\/www.reddeperiodistas.com\/infobae-posiciona-3500-noticias-al-mes-en-google-discover-y-escala-al-top-10-de-periodicos-mas-leidos-en-espana\/__;!!D9dNQwwGXtA!XLosLIdisXWrZ0vzGbkQtogGwJa5b47Kk916Qmtk67Kuz52EJabmC_uySbESWrryRuavq5M8zFC8pF0y$\" target=\"_blank\" rel=\"noopener\"><strong>INFOBAE<\/strong><\/a>, la cabecera nativa digital de Argentina, entra en el TOP-10 de peri\u00f3dicos de m\u00e1s <strong>audiencia online<\/strong> en el mercado espa\u00f1ol (es el <strong>peri\u00f3dico digital<\/strong> <strong>m\u00e1s le\u00eddo<\/strong> en lengua hispana).<\/p>\n<p>Regresa a este TOP-10 despu\u00e9s de entrar y salir en el mes de marzo, aunque en aquella ocasi\u00f3n como d\u00e9cimo diario en volumen mensual, y hoy s\u00e9ptimo con m\u00e1s de <strong>14 millones de audiencia<\/strong> y a escasos <strong>208.784 usuarios \u00fanicos<\/strong> de <strong>EL PA\u00cdS<\/strong>.<\/p>\n<p>En este sentido, <a href=\"https:\/\/urldefense.com\/v3\/__https:\/\/www.reddeperiodistas.com\/el-pais-desploma-su-audiencia-mas-del-20-en-seis-meses\/__;!!D9dNQwwGXtA!XLosLIdisXWrZ0vzGbkQtogGwJa5b47Kk916Qmtk67Kuz52EJabmC_uySbESWrryRuavq5M8zBNkeNB-$\" target=\"_blank\" rel=\"noopener\"><strong>EL PA\u00cdS<\/strong> se ubica en quinta posici\u00f3n<\/a> por encima de <strong>THE HUFFINGTON POST<\/strong> (cabecera tambi\u00e9n del mismo grupo, <strong><a href=\"https:\/\/urldefense.com\/v3\/__https:\/\/www.reddeperiodistas.com\/asi-queda-el-accionariado-del-grupo-prisa-con-la-entrada-de-adolfo-utor-balearia\/__;!!D9dNQwwGXtA!XLosLIdisXWrZ0vzGbkQtogGwJa5b47Kk916Qmtk67Kuz52EJabmC_uySbESWrryRuavq5M8zFT2Jx4v$\" target=\"_blank\" rel=\"noopener\">PRISA<\/a><\/strong>), pero a 52.000 usuarios \u00fanicos de ventaja el uno del otro. (El HuffPost es el segundo peri\u00f3dico digital con <strong>mejor dato de audiencia diaria<\/strong>).<\/p>\n<p>Cierran la tabla de agosto, entre la <strong>prensa digital<\/strong> generalista, <strong>EL CONFIDENCIAL<\/strong>, <strong>OKDIARIO<\/strong> y d\u00e9cimo <strong>20MINUTOS<\/strong>, en una parte baja de la tabla igual de apretada que la media.<\/p>\n<\/div>\n<p> via #RedDePeriodistas <a href=\"https:\/\/urldefense.com\/v3\/__https:\/\/ift.tt\/0qAKcYs__;!!D9dNQwwGXtA!XLosLIdisXWrZ0vzGbkQtogGwJa5b47Kk916Qmtk67Kuz52EJabmC_uySbESWrryRuavq5M8zJazsknP$\" target=\"_blank\" rel=\"noopener\">https:\/\/ift.tt\/0qAKcYs<\/a><\/p>\n<\/div>\n<\/div>\n<div class=\"postie-attachments\"><a href=\"https:\/\/empresaperiodistica.umh.es\/?attachment_id=432\"><img loading=\"lazy\" src=\"https:\/\/empresaperiodistica.umh.es\/files\/2024\/09\/david-gonzalez-80x80-2.png\" alt=\"\" width=\"80px\" height=\"80px\" class=\"alignnone size-medium wp-image-432\" \/><\/a><\/div>\n<\/div>\n<p><\/p>","protected":false},"excerpt":{"rendered":"<p>EL ESPA\u00d1OL lleva 13 meses seguidos de l\u00edder de audiencias en GfK DAM. En las mediciones oficiales de agosto, tambi\u00e9n. ABC se consolida como segundo peri\u00f3dico digital m\u00e1s le\u00eddo en Espa\u00f1a. INFOBAE regresa al TOP-10 de la prensa digital espa\u00f1ola, ganando el s\u00e9ptimo puesto.<\/p>\n<p> EL ESPA\u00d1OL, l\u00edder de GfK DAM, delante de ABC y EL [&#8230;]<\/p>\n","protected":false},"author":1,"featured_media":92,"comment_status":"closed","ping_status":"open","sticky":false,"template":"","format":"standard","meta":{"_links_to":"","_links_to_target":""},"categories":[41626],"tags":[1393217],"_links":{"self":[{"href":"https:\/\/empresaperiodistica.umh.es\/en\/wp-json\/wp\/v2\/posts\/429"}],"collection":[{"href":"https:\/\/empresaperiodistica.umh.es\/en\/wp-json\/wp\/v2\/posts"}],"about":[{"href":"https:\/\/empresaperiodistica.umh.es\/en\/wp-json\/wp\/v2\/types\/post"}],"author":[{"embeddable":true,"href":"https:\/\/empresaperiodistica.umh.es\/en\/wp-json\/wp\/v2\/users\/1"}],"replies":[{"embeddable":true,"href":"https:\/\/empresaperiodistica.umh.es\/en\/wp-json\/wp\/v2\/comments?post=429"}],"version-history":[{"count":0,"href":"https:\/\/empresaperiodistica.umh.es\/en\/wp-json\/wp\/v2\/posts\/429\/revisions"}],"wp:featuredmedia":[{"embeddable":true,"href":"https:\/\/empresaperiodistica.umh.es\/en\/wp-json\/wp\/v2\/media\/92"}],"wp:attachment":[{"href":"https:\/\/empresaperiodistica.umh.es\/en\/wp-json\/wp\/v2\/media?parent=429"}],"wp:term":[{"taxonomy":"category","embeddable":true,"href":"https:\/\/empresaperiodistica.umh.es\/en\/wp-json\/wp\/v2\/categories?post=429"},{"taxonomy":"post_tag","embeddable":true,"href":"https:\/\/empresaperiodistica.umh.es\/en\/wp-json\/wp\/v2\/tags?post=429"}],"curies":[{"name":"wp","href":"https:\/\/api.w.org\/{rel}","templated":true}]}}