{"id":446,"date":"2024-09-18T11:01:20","date_gmt":"2024-09-18T09:01:20","guid":{"rendered":"https:\/\/empresaperiodistica.umh.es\/?p=446"},"modified":"2024-09-18T11:08:05","modified_gmt":"2024-09-18T09:08:05","slug":"cuando-la-publicidad-se-disfraza-de-noticia-el-caso-mercadona","status":"publish","type":"post","link":"https:\/\/empresaperiodistica.umh.es\/en\/2024\/09\/18\/cuando-la-publicidad-se-disfraza-de-noticia-el-caso-mercadona\/","title":{"rendered":"Cuando la publicidad se disfraza de noticia: el caso Mercadona"},"content":{"rendered":"<div class=\"postie-post\">\n<div dir=\"ltr\">\n<div class=\"gmail_default\" style=\"font-family:trebuchet ms,sans-serif;color:#073763\"><span style=\"font-family:Arial,Helvetica,sans-serif;color:rgb(34,34,34)\">La reciente publicaci\u00f3n en numerosos medios espa\u00f1oles de un supuesto <\/span><em style=\"font-family:Arial,Helvetica,sans-serif;color:rgb(34,34,34)\">comunicado urgente<\/em><span style=\"font-family:Arial,Helvetica,sans-serif;color:rgb(34,34,34)\"> de Mercadona sobre la bajada del precio del aceite de oliva pone en evidencia un problema cr\u00edtico en el periodismo actual: la confusi\u00f3n entre noticias y publicidad.<\/span><\/div>\n<div class=\"gmail_quote\">\n<h5><span><em>Roberta Barbieri Klein<\/em><\/span><\/h5>\n<p>D\u00edas pasados, varios de los medios de comunicaci\u00f3n m\u00e1s importantes de Espa\u00f1a, como <em>El Pa\u00eds<\/em>, <em><a href=\"https:\/\/urldefense.com\/v3\/__http:\/\/eldiario.es__;!!D9dNQwwGXtA!XIUJX5AY2hWxB1JlTb1RMayCusnBVjaPhmQJqfSw3Z0JK8Lu3SPcCr3sOFycJJ-1aeCX33TLTEUt49mf$\" target=\"_blank\" rel=\"noopener\">eldiario.es<\/a><\/em>, <em>OKDiario<\/em>, <em>El Espa\u00f1ol<\/em>, <em>El Economista<\/em>, <em>Diario As<\/em>, <em>VozP\u00f3puli<\/em>, <em>HuffPost<\/em>, <em>La Raz\u00f3n<\/em> y <em>20Minutos<\/em>, publicaron art\u00edculos casi id\u00e9nticos anunciando una bajada en el precio del aceite de oliva de Mercadona.<\/p>\n<p>Bajo la apariencia de un \u201c<em>comunicado urgente<\/em>\u201d de la cadena de supermercados, estos art\u00edculos presentaron lo que en realidad es un movimiento publicitario como una noticia elaborada, firmada en muchos casos por redactores de renombre.<\/p>\n<p>La alerta la dio el periodista y economista <strong><em>Yago \u00c1lvarez<\/em><\/strong>, de <em>El Salto<\/em>, quien se\u00f1al\u00f3 en su cuenta de X que este supuesto comunicado de Mercadona ni siquiera estaba disponible en los portales web de la empresa. Esto sugiere que Mercadona inform\u00f3 privadamente a cierto\/s medio\/s, generando un contenido que, m\u00e1s que informar, busca <strong>promocionar a la compa\u00f1\u00eda<\/strong> en un contexto favorable. Lo que deber\u00eda haber sido identificado como un publirreportaje, fue tratado por estos medios como una noticia genuina, evidenciando una peligrosa mezcla entre informaci\u00f3n y publicidad.<\/p>\n<p>Lo m\u00e1s alarmante es que los textos publicados por estos medios eran pr\u00e1cticamente id\u00e9nticos. Palabra arriba, palabra abajo, dec\u00edan: \u201c<em>Mercadona ha llevado a cabo una nueva bajada del precio de su aceite de oliva, hasta dejarlo por debajo de los 7 euros por litro, seg\u00fan ha anunciado este mi\u00e9rcoles la cadena de supermercados.\u201d<\/em> Esta falta de originalidad y de an\u00e1lisis cr\u00edtico refuerza la idea de que los medios se limitaron a <strong><em>replicar un mensaje dictado<\/em><\/strong>, sin cuestionar ni contrastar la informaci\u00f3n en el espacio de noticias.<\/p>\n<h4><em>Queremos tanto a Roig<\/em><\/h4>\n<p>En un mes como agosto, cuando las redacciones est\u00e1n reducidas y la agenda informativa es escasa, es m\u00e1s f\u00e1cil que este tipo de contenidos comerciales se filtren como noticias. Sin embargo, la responsabilidad de los medios es crucial. Publicar un <em>publirreportaje<\/em> como si fuera una noticia no solo enga\u00f1a al lector, sino que socava la credibilidad del periodismo, que se presenta como garante de la verdad y la transparencia.<\/p>\n<p>Es preocupante que ninguno de estos medios haya se\u00f1alado la posibilidad de que el comunicado fuese un <em>publirreportaje<\/em>, ni que se haya contrastado la informaci\u00f3n con otras fuentes. Solo <em>Diario As<\/em> mencion\u00f3 la herramienta de FACUA, una p\u00e1gina web recientemente lanzada por la asociaci\u00f3n de consumidores liderada por Rub\u00e9n S\u00e1nchez, que permite verificar los precios de productos en supermercados como Mercadona. Esta herramienta habr\u00eda ofrecido a los lectores la posibilidad de contrastar la veracidad de la informaci\u00f3n sobre la bajada de precios y evaluar su impacto a largo plazo, pero la mayor\u00eda de los medios omitieron su existencia, reforzando la sospecha de un tratamiento acr\u00edtico del comunicado de Mercadona.<\/p>\n<p>La pr\u00e1ctica de convertir un contenido publicitario en noticia, como ha ocurrido en este caso, es un reflejo de la presi\u00f3n econ\u00f3mica que enfrentan los medios, pero tambi\u00e9n de una p\u00e9rdida de rigor y \u00e9tica profesional. Al final, el gran beneficiado es Mercadona, que por el precio de un <em>publirreportaje<\/em> logr\u00f3 una cobertura medi\u00e1tica nacional en t\u00e9rminos que le son extremadamente favorables.<\/p>\n<p>Lo que este caso pone de manifiesto es la necesidad urgente de definir y respetar los l\u00edmites entre la publicidad y la informaci\u00f3n. Cuando esos l\u00edmites se diluyen, el periodismo deja de cumplir su funci\u00f3n social de informar verazmente al p\u00fablico y se convierte en un simple altavoz de intereses comerciales.<\/p>\n<p><span class=\"gmail_default\" style=\"font-family:\"trebuchet ms\",sans-serif;color:rgb(7,55,99)\"><\/span>via INFOPERIODISTAS <a href=\"https:\/\/urldefense.com\/v3\/__https:\/\/ift.tt\/zq5KQH9__;!!D9dNQwwGXtA!XIUJX5AY2hWxB1JlTb1RMayCusnBVjaPhmQJqfSw3Z0JK8Lu3SPcCr3sOFycJJ-1aeCX33TLTIkzZXGM$\" target=\"_blank\" rel=\"noopener\">https:\/\/ift.tt\/zq5KQH9<\/a><\/p>\n<p><\/div>\n<\/div>\n<div class=\"postie-attachments\"><a href=\"https:\/\/empresaperiodistica.umh.es\/?attachment_id=449\"><img loading=\"lazy\" src=\"https:\/\/empresaperiodistica.umh.es\/files\/2024\/09\/Captura-de-pantalla-2024-09-18-a-las-11.00.45-300x169.png\" alt=\"\" width=\"300px\" height=\"169px\" class=\"alignnone size-medium wp-image-449\" srcset=\"https:\/\/empresaperiodistica.umh.es\/files\/2024\/09\/Captura-de-pantalla-2024-09-18-a-las-11.00.45-300x169.png 300w, https:\/\/empresaperiodistica.umh.es\/files\/2024\/09\/Captura-de-pantalla-2024-09-18-a-las-11.00.45.png 650w\" sizes=\"(max-width: 300px) 100vw, 300px\" \/><\/a><\/div>\n<\/div>\n","protected":false},"excerpt":{"rendered":"<p>La reciente publicaci\u00f3n en numerosos medios espa\u00f1oles de un supuesto comunicado urgente de Mercadona sobre la bajada del precio del aceite de oliva pone en evidencia un problema cr\u00edtico en el periodismo actual: la confusi\u00f3n entre noticias y publicidad.<\/p>\n<p>Roberta Barbieri Klein<br \/>\nD\u00edas pasados, varios de los medios de comunicaci\u00f3n m\u00e1s importantes de Espa\u00f1a, como El Pa\u00eds, [&#8230;]<\/p>\n","protected":false},"author":1,"featured_media":0,"comment_status":"closed","ping_status":"open","sticky":false,"template":"","format":"standard","meta":{"_links_to":"","_links_to_target":""},"categories":[2942,3265],"tags":[1393217],"_links":{"self":[{"href":"https:\/\/empresaperiodistica.umh.es\/en\/wp-json\/wp\/v2\/posts\/446"}],"collection":[{"href":"https:\/\/empresaperiodistica.umh.es\/en\/wp-json\/wp\/v2\/posts"}],"about":[{"href":"https:\/\/empresaperiodistica.umh.es\/en\/wp-json\/wp\/v2\/types\/post"}],"author":[{"embeddable":true,"href":"https:\/\/empresaperiodistica.umh.es\/en\/wp-json\/wp\/v2\/users\/1"}],"replies":[{"embeddable":true,"href":"https:\/\/empresaperiodistica.umh.es\/en\/wp-json\/wp\/v2\/comments?post=446"}],"version-history":[{"count":0,"href":"https:\/\/empresaperiodistica.umh.es\/en\/wp-json\/wp\/v2\/posts\/446\/revisions"}],"wp:attachment":[{"href":"https:\/\/empresaperiodistica.umh.es\/en\/wp-json\/wp\/v2\/media?parent=446"}],"wp:term":[{"taxonomy":"category","embeddable":true,"href":"https:\/\/empresaperiodistica.umh.es\/en\/wp-json\/wp\/v2\/categories?post=446"},{"taxonomy":"post_tag","embeddable":true,"href":"https:\/\/empresaperiodistica.umh.es\/en\/wp-json\/wp\/v2\/tags?post=446"}],"curies":[{"name":"wp","href":"https:\/\/api.w.org\/{rel}","templated":true}]}}