{"id":468,"date":"2024-09-27T07:46:11","date_gmt":"2024-09-27T05:46:11","guid":{"rendered":"https:\/\/empresaperiodistica.umh.es\/?p=468"},"modified":"2024-09-27T07:50:40","modified_gmt":"2024-09-27T05:50:40","slug":"taz-uno-de-los-principales-periodicos-de-alemania-anuncia-el-fin-de-su-edicion-impresa-para-el-17-de-octubre-de-2025","status":"publish","type":"post","link":"https:\/\/empresaperiodistica.umh.es\/en\/2024\/09\/27\/taz-uno-de-los-principales-periodicos-de-alemania-anuncia-el-fin-de-su-edicion-impresa-para-el-17-de-octubre-de-2025\/","title":{"rendered":"TAZ, uno de los principales peri\u00f3dicos de Alemania, anuncia el fin de su edici\u00f3n impresa para el 17 de octubre de 2025"},"content":{"rendered":"<div class=\"postie-post\">\n<div dir=\"ltr\">\n<div class=\"gmail_default\" style=\"font-family:trebuchet ms,sans-serif;color:#073763\"><span style=\"font-family:Arial,Helvetica,sans-serif;color:rgb(34,34,34)\">TAZ, uno de los principales peri\u00f3dicos alemanes, ha confirmado que dejar\u00e1 de publicar su versi\u00f3n impresa el 17 de octubre de 2025.<\/span><strong style=\"font-family:Arial,Helvetica,sans-serif;color:rgb(34,34,34)\"> La noticia ha sido anunciada por la cooperativa que gestiona la Tageszeitung, m\u00e1s conocida como TAZ, a trav\u00e9s de un comunicado oficial.<\/strong><\/div>\n<div class=\"gmail_quote\">\n<p>El peri\u00f3dico, que cuenta con unos 250 empleados y ha tenido una presencia continua en el panorama medi\u00e1tico alem\u00e1n desde 1979, dejar\u00e1 de estar disponible en los quioscos durante la semana.<\/p>\n<p>A pesar del cese de la edici\u00f3n diaria en papel, la versi\u00f3n digital continuar\u00e1 operando, permitiendo a los lectores acceder a los art\u00edculos a trav\u00e9s de su plataforma en l\u00ednea.<\/p>\n<p>Con una tirada actual de 46.000 ejemplares y fundado en 1978, <strong>el peri\u00f3dico se ha destacado por su independencia, al estar gestionado por una cooperativa en lugar de un accionista mayoritario.<\/strong><\/p>\n<p>Mientras tanto, la edici\u00f3n semanal conocida como \u201cwochentaz\u201d, que comenz\u00f3 a publicarse en noviembre de 2022, seguir\u00e1 distribuy\u00e9ndose los s\u00e1bados, con una venta estimada de 70.000 ejemplares.<\/p>\n<p><strong>Esta versi\u00f3n semanal continuar\u00e1 disponible durante toda la semana,<\/strong> ofreciendo a sus lectores una alternativa impresa a la edici\u00f3n diaria que dejar\u00e1 de circular.<\/p>\n<p>Este anuncio sit\u00faa a TAZ como una de las primeras empresas de medios alemanes en abandonar su edici\u00f3n diaria impresa.<\/p>\n<p>La entrada <a href=\"https:\/\/urldefense.com\/v3\/__https:\/\/laboratoriodeperiodismo.org\/taz-uno-de-los-principales-periodicos-de-alemania-anuncia-el-fin-de-su-edicion-impresa-para-el-17-de-octubre-de-2025\/__;!!D9dNQwwGXtA!VfJhmfz3w-F3fVYr_8o6-c2Fstx66LO68us6JFWp539bh9IFJ7wCo-nO40xiA4S2KboaKkEAJRHfPc7N$\" target=\"_blank\" rel=\"noopener\">TAZ, uno de los principales peri\u00f3dicos de Alemania, anuncia el fin de su edici\u00f3n impresa para el 17 de octubre de 2025<\/a> se public\u00f3 primero en <a href=\"https:\/\/urldefense.com\/v3\/__https:\/\/laboratoriodeperiodismo.org__;!!D9dNQwwGXtA!VfJhmfz3w-F3fVYr_8o6-c2Fstx66LO68us6JFWp539bh9IFJ7wCo-nO40xiA4S2KboaKkEAJU9o1ctx$\" target=\"_blank\" rel=\"noopener\">Laboratorio de Periodismo Luca de Tena<\/a>.<\/p>\n<p> via Laboratorio de Periodismo Luca de Tena <a href=\"https:\/\/urldefense.com\/v3\/__https:\/\/ift.tt\/CGBk7R6__;!!D9dNQwwGXtA!VfJhmfz3w-F3fVYr_8o6-c2Fstx66LO68us6JFWp539bh9IFJ7wCo-nO40xiA4S2KboaKkEAJVGeuNUB$\" target=\"_blank\" rel=\"noopener\">https:\/\/ift.tt\/CGBk7R6<\/a><\/p>\n<\/div>\n<\/div>\n<div class=\"postie-attachments\"><a href=\"https:\/\/empresaperiodistica.umh.es\/?attachment_id=471\"><img loading=\"lazy\" src=\"https:\/\/empresaperiodistica.umh.es\/files\/2024\/09\/taz-696x443-1-300x191.jpg\" alt=\"\" width=\"300px\" height=\"191px\" class=\"alignnone size-medium wp-image-471\" srcset=\"https:\/\/empresaperiodistica.umh.es\/files\/2024\/09\/taz-696x443-1-300x191.jpg 300w, https:\/\/empresaperiodistica.umh.es\/files\/2024\/09\/taz-696x443-1.jpg 696w\" sizes=\"(max-width: 300px) 100vw, 300px\" \/><\/a><\/div>\n<\/div>\n","protected":false},"excerpt":{"rendered":"<p>TAZ, uno de los principales peri\u00f3dicos alemanes, ha confirmado que dejar\u00e1 de publicar su versi\u00f3n impresa el 17 de octubre de 2025. La noticia ha sido anunciada por la cooperativa que gestiona la Tageszeitung, m\u00e1s conocida como TAZ, a trav\u00e9s de un comunicado oficial.<\/p>\n<p>El peri\u00f3dico, que cuenta con unos 250 empleados y ha tenido una [&#8230;]<\/p>\n","protected":false},"author":1,"featured_media":0,"comment_status":"closed","ping_status":"open","sticky":false,"template":"","format":"standard","meta":{"_links_to":"","_links_to_target":""},"categories":[1393805,585,50986],"tags":[1393217],"_links":{"self":[{"href":"https:\/\/empresaperiodistica.umh.es\/en\/wp-json\/wp\/v2\/posts\/468"}],"collection":[{"href":"https:\/\/empresaperiodistica.umh.es\/en\/wp-json\/wp\/v2\/posts"}],"about":[{"href":"https:\/\/empresaperiodistica.umh.es\/en\/wp-json\/wp\/v2\/types\/post"}],"author":[{"embeddable":true,"href":"https:\/\/empresaperiodistica.umh.es\/en\/wp-json\/wp\/v2\/users\/1"}],"replies":[{"embeddable":true,"href":"https:\/\/empresaperiodistica.umh.es\/en\/wp-json\/wp\/v2\/comments?post=468"}],"version-history":[{"count":0,"href":"https:\/\/empresaperiodistica.umh.es\/en\/wp-json\/wp\/v2\/posts\/468\/revisions"}],"wp:attachment":[{"href":"https:\/\/empresaperiodistica.umh.es\/en\/wp-json\/wp\/v2\/media?parent=468"}],"wp:term":[{"taxonomy":"category","embeddable":true,"href":"https:\/\/empresaperiodistica.umh.es\/en\/wp-json\/wp\/v2\/categories?post=468"},{"taxonomy":"post_tag","embeddable":true,"href":"https:\/\/empresaperiodistica.umh.es\/en\/wp-json\/wp\/v2\/tags?post=468"}],"curies":[{"name":"wp","href":"https:\/\/api.w.org\/{rel}","templated":true}]}}