{"id":47,"date":"2023-06-18T19:54:18","date_gmt":"2023-06-18T17:54:18","guid":{"rendered":"https:\/\/empresaperiodistica.umh.es\/?p=47"},"modified":"2023-06-18T20:30:27","modified_gmt":"2023-06-18T18:30:27","slug":"los-espanoles-pierden-interes-por-los-medios-de-comunicacion-tradicionales","status":"publish","type":"post","link":"https:\/\/empresaperiodistica.umh.es\/en\/2023\/06\/18\/los-espanoles-pierden-interes-por-los-medios-de-comunicacion-tradicionales\/","title":{"rendered":"Los espa\u00f1oles pierden inter\u00e9s por los medios de comunicaci\u00f3n tradicionales"},"content":{"rendered":"<p><\/p>\n<div class=\"postie-post\">\n<div dir=\"ltr\">Los espa\u00f1oles pierden inter\u00e9s por los medios de comunicaci\u00f3n tradicionales<br \/><a href=\"https:\/\/www.espaciodircom.com\/index.php\/tendencias\/9653-los-espanoles-pierden-interes-por-los-medios-de-comunicacion-tradicionales\">https:\/\/www.espaciodircom.com\/index.php\/tendencias\/9653-los-espanoles-pierden-interes-por-los-medios-de-comunicacion-tradicionales<\/a><\/p>\n<\/div>\n<\/div>\n<p><\/p>","protected":false},"excerpt":{"rendered":"<p>Los espa\u00f1oles pierden inter\u00e9s por los medios de comunicaci\u00f3n tradicionaleshttps:\/\/www.espaciodircom.com\/index.php\/tendencias\/9653-los-espanoles-pierden-interes-por-los-medios-de-comunicacion-tradicionales<\/p>\n","protected":false},"author":1,"featured_media":0,"comment_status":"closed","ping_status":"open","sticky":false,"template":"","format":"standard","meta":{"_links_to":"","_links_to_target":""},"categories":[1393805],"tags":[1393217],"_links":{"self":[{"href":"https:\/\/empresaperiodistica.umh.es\/en\/wp-json\/wp\/v2\/posts\/47"}],"collection":[{"href":"https:\/\/empresaperiodistica.umh.es\/en\/wp-json\/wp\/v2\/posts"}],"about":[{"href":"https:\/\/empresaperiodistica.umh.es\/en\/wp-json\/wp\/v2\/types\/post"}],"author":[{"embeddable":true,"href":"https:\/\/empresaperiodistica.umh.es\/en\/wp-json\/wp\/v2\/users\/1"}],"replies":[{"embeddable":true,"href":"https:\/\/empresaperiodistica.umh.es\/en\/wp-json\/wp\/v2\/comments?post=47"}],"version-history":[{"count":0,"href":"https:\/\/empresaperiodistica.umh.es\/en\/wp-json\/wp\/v2\/posts\/47\/revisions"}],"wp:attachment":[{"href":"https:\/\/empresaperiodistica.umh.es\/en\/wp-json\/wp\/v2\/media?parent=47"}],"wp:term":[{"taxonomy":"category","embeddable":true,"href":"https:\/\/empresaperiodistica.umh.es\/en\/wp-json\/wp\/v2\/categories?post=47"},{"taxonomy":"post_tag","embeddable":true,"href":"https:\/\/empresaperiodistica.umh.es\/en\/wp-json\/wp\/v2\/tags?post=47"}],"curies":[{"name":"wp","href":"https:\/\/api.w.org\/{rel}","templated":true}]}}