{"id":515,"date":"2024-11-09T12:40:42","date_gmt":"2024-11-09T11:40:42","guid":{"rendered":"https:\/\/empresaperiodistica.umh.es\/?p=515"},"modified":"2024-11-09T12:41:45","modified_gmt":"2024-11-09T11:41:45","slug":"reino-unido-quiere-impedir-la-compra-de-medios-si-perjudica-a-la-libertad-de-expresion-o-la-pluralidad-informativa","status":"publish","type":"post","link":"https:\/\/empresaperiodistica.umh.es\/en\/2024\/11\/09\/reino-unido-quiere-impedir-la-compra-de-medios-si-perjudica-a-la-libertad-de-expresion-o-la-pluralidad-informativa\/","title":{"rendered":"Reino Unido quiere impedir la compra de medios si perjudica a la libertad de expresi\u00f3n o la pluralidad informativa"},"content":{"rendered":"<div class=\"postie-post\">\n<div dir=\"ltr\">\n<div><\/div>\n<div class=\"gmail_quote\"> <img loading=\"lazy\" src=\"https:\/\/dircomfidencial.com\/wp-content\/uploads\/2016\/05\/prensa-britanica.jpg\" width=\"650\" height=\"365\" style=\"max-width:100%\"><\/p>\n<p>El Gobierno brit\u00e1nico planea ampliar el marco normativo vigente para <strong>bloquear la adquisici\u00f3n de un medio nacional si concluye que generar\u00e1 externalidades negativas en t\u00e9rminos de libertad de expresi\u00f3n, pluralidad o calidad de la informaci\u00f3n.<\/strong><\/p>\n<p>As\u00ed lo se\u00f1al\u00f3 recientemente la secretaria de Cultura, <strong>Lisa Nandy<\/strong>, que anticipa que con los cambios que quiere impulsar existir\u00e1 \u00abmayor escrutinio en inter\u00e9s p\u00fablico\u00bb de esas operaciones.<\/p>\n<p>En virtud de su cargo, ella est\u00e1 habilitada para intervenir en \u00abfusiones o adquisiciones de emisoras (seg\u00fan lo definido en la normativa Broadcasting Act de 1996), peri\u00f3dicos impresos diarios y dominicales de Reino Unido, y peri\u00f3dicos locales, que principalmente circulan en Reino Unido\u00bb.<\/p>\n<p>Ese es el texto que actualmente incluye la Enterprise Act (ley de empresas), <strong>una regulaci\u00f3n de 2002 que Nandy considera desfasada<\/strong>.<\/p>\n<p>En concreto, cree que \u00abla normativa no ha seguido el ritmo de la tecnolog\u00eda y la evoluci\u00f3n de los h\u00e1bitos de consumo de noticias\u00bb y por ello se hace necesaria <strong>una revisi\u00f3n adaptada a la realidad de que el soporte digital es cada vez m\u00e1s relevante para informarse<\/strong>.<\/p>\n<p>En ese contexto, la reforma que propone servir\u00eda al inter\u00e9s de \u00abproteger la disponibilidad de noticias ciertas y de alta calidad, de una variedad de fuentes y asegurando que se mantenga la libertad de los medios\u00bb.<\/p>\n<p>La actualizaci\u00f3n de ese marco tambi\u00e9n abarcar\u00eda a\u00a0<strong>compa\u00f1\u00edas extranjeras que poseen medios informativos vinculados a Reino Unido<\/strong>. Nandy puso como ejemplo al HuffPost y a The Independent, que operan bajo un esquema de \u00abasociaci\u00f3n estrat\u00e9gica\u00bb\u00a0<a href=\"https:\/\/urldefense.com\/v3\/__https:\/\/dircomfidencial.com\/medios\/the-independent-negocia-la-toma-de-control-de-las-ediciones-britanicas-de-buzzfeed-y-huffpost-20240219-0401\/__;!!D9dNQwwGXtA!Vl_naio6lDgO_Bu5qljotaKL9IMEd0LFcqny15FQqO5n8pmCVJCL-xQ4u8yNTK1FvlNypytZXTf2JxMQ$\" target=\"_blank\" rel=\"noopener\">desde febrero<\/a>.<\/p>\n<blockquote>\n<p>El Ejecutivo anterior enmend\u00f3 con urgencia la misma regulaci\u00f3n para impedir que una empresa vinculada a Emiratos \u00c1rabes Unidos comprara The Telegraph.<\/p>\n<\/blockquote>\n<p>Con este movimiento, el Gobierno laborista de <strong>Keir Starmer<\/strong>\u00a0seguir\u00eda la senda del Ejecutivo conservador de\u00a0<strong>Rishi Sunak<\/strong>, al que reemplaz\u00f3 tras ganar las elecciones de julio.<\/p>\n<p><strong>Entre los asuntos pendientes que hered\u00f3 estaba el bloqueo de la compra de The Telegraph<\/strong>\u00a0por parte de\u00a0<a href=\"https:\/\/urldefense.com\/v3\/__https:\/\/dircomfidencial.com\/medios\/el-antiguo-presidente-de-cnn-lidera-la-ofensiva-de-abu-dhabi-para-hacerse-con-the-telegraph-20231124-0400\/__;!!D9dNQwwGXtA!Vl_naio6lDgO_Bu5qljotaKL9IMEd0LFcqny15FQqO5n8pmCVJCL-xQ4u8yNTK1FvlNypytZXVXF8k8-$\" target=\"_blank\" rel=\"noopener\">RedBird IMI<\/a>, un consorcio apoyado por un fondo respaldado por el vicepresidente de Emiratos \u00c1rabes Unidos, precisamente a trav\u00e9s de\u00a0<a href=\"https:\/\/urldefense.com\/v3\/__https:\/\/dircomfidencial.com\/medios\/el-gobierno-britanico-prepara-un-blindaje-legal-sobre-medios-y-revistas-ante-intereses-estatales-extranjeros-20240315-0402\/__;!!D9dNQwwGXtA!Vl_naio6lDgO_Bu5qljotaKL9IMEd0LFcqny15FQqO5n8pmCVJCL-xQ4u8yNTK1FvlNypytZXXF-eJD3$\" target=\"_blank\" rel=\"noopener\">un cambio urgente<\/a>\u00a0en la ley de empresas.<\/p>\n<p>Eso es lo que ha hecho que de momento\u00a0<strong>el diario conservador m\u00e1s importante de Reino Unido siga de momento sin nuevo propietario<\/strong>, aunque su revista asociada The Spectator ya fue adjudicada\u00a0<a href=\"https:\/\/urldefense.com\/v3\/__https:\/\/dircomfidencial.com\/medios\/el-principal-accionista-de-gb-news-compra-la-revista-the-spectator-por-100-m-20240912-1039\/__;!!D9dNQwwGXtA!Vl_naio6lDgO_Bu5qljotaKL9IMEd0LFcqny15FQqO5n8pmCVJCL-xQ4u8yNTK1FvlNypytZXdBHxbVZ$\" target=\"_blank\" rel=\"noopener\">en septiembre<\/a>\u00a0al principal accionista de GB News por 100 millones de libras.<\/p>\n<p> via Dircomfidencial <a href=\"https:\/\/urldefense.com\/v3\/__https:\/\/ift.tt\/pBkl4O0__;!!D9dNQwwGXtA!Vl_naio6lDgO_Bu5qljotaKL9IMEd0LFcqny15FQqO5n8pmCVJCL-xQ4u8yNTK1FvlNypytZXaaHkSjr$\" target=\"_blank\" rel=\"noopener\">https:\/\/ift.tt\/pBkl4O0<\/a><\/p>\n<\/div>\n<\/div>\n<div class=\"postie-attachments\"><a href=\"https:\/\/empresaperiodistica.umh.es\/?attachment_id=518\"><img loading=\"lazy\" src=\"https:\/\/empresaperiodistica.umh.es\/files\/2024\/11\/prensa-britanica-300x168.jpg\" alt=\"\" width=\"300px\" height=\"168px\" class=\"alignnone size-medium wp-image-518\" srcset=\"https:\/\/empresaperiodistica.umh.es\/files\/2024\/11\/prensa-britanica-300x168.jpg 300w, https:\/\/empresaperiodistica.umh.es\/files\/2024\/11\/prensa-britanica.jpg 650w\" sizes=\"(max-width: 300px) 100vw, 300px\" \/><\/a><\/div>\n<\/div>\n","protected":false},"excerpt":{"rendered":"<p>El Gobierno brit\u00e1nico planea ampliar el marco normativo vigente para bloquear la adquisici\u00f3n de un medio nacional si concluye que generar\u00e1 externalidades negativas en t\u00e9rminos de libertad de expresi\u00f3n, pluralidad o calidad de la informaci\u00f3n.<br \/>\nAs\u00ed lo se\u00f1al\u00f3 recientemente la secretaria de Cultura, Lisa Nandy, que anticipa que con los cambios que quiere impulsar existir\u00e1 [&#8230;]<\/p>\n","protected":false},"author":1,"featured_media":0,"comment_status":"closed","ping_status":"open","sticky":false,"template":"","format":"standard","meta":{"_links_to":"","_links_to_target":""},"categories":[3372,1393805,1393463],"tags":[1393217],"_links":{"self":[{"href":"https:\/\/empresaperiodistica.umh.es\/en\/wp-json\/wp\/v2\/posts\/515"}],"collection":[{"href":"https:\/\/empresaperiodistica.umh.es\/en\/wp-json\/wp\/v2\/posts"}],"about":[{"href":"https:\/\/empresaperiodistica.umh.es\/en\/wp-json\/wp\/v2\/types\/post"}],"author":[{"embeddable":true,"href":"https:\/\/empresaperiodistica.umh.es\/en\/wp-json\/wp\/v2\/users\/1"}],"replies":[{"embeddable":true,"href":"https:\/\/empresaperiodistica.umh.es\/en\/wp-json\/wp\/v2\/comments?post=515"}],"version-history":[{"count":0,"href":"https:\/\/empresaperiodistica.umh.es\/en\/wp-json\/wp\/v2\/posts\/515\/revisions"}],"wp:attachment":[{"href":"https:\/\/empresaperiodistica.umh.es\/en\/wp-json\/wp\/v2\/media?parent=515"}],"wp:term":[{"taxonomy":"category","embeddable":true,"href":"https:\/\/empresaperiodistica.umh.es\/en\/wp-json\/wp\/v2\/categories?post=515"},{"taxonomy":"post_tag","embeddable":true,"href":"https:\/\/empresaperiodistica.umh.es\/en\/wp-json\/wp\/v2\/tags?post=515"}],"curies":[{"name":"wp","href":"https:\/\/api.w.org\/{rel}","templated":true}]}}