{"id":520,"date":"2024-12-01T18:38:03","date_gmt":"2024-12-01T17:38:03","guid":{"rendered":"https:\/\/empresaperiodistica.umh.es\/?p=520"},"modified":"2024-12-01T18:46:20","modified_gmt":"2024-12-01T17:46:20","slug":"disney-channel-cierra-sus-emisiones-en-espana-tras-27-anos","status":"publish","type":"post","link":"https:\/\/empresaperiodistica.umh.es\/en\/2024\/12\/01\/disney-channel-cierra-sus-emisiones-en-espana-tras-27-anos\/","title":{"rendered":"Disney Channel cierra sus emisiones en Espa\u00f1a tras 27 a\u00f1os"},"content":{"rendered":"<div class=\"postie-post\">\n<div dir=\"ltr\">\n<div>Disney Channel cierra en Espa\u00f1a. El hist\u00f3rico canal infantil dejar\u00e1 de emitir en abierto el 7 de enero de 2025, centrando sus esfuerzos en la plataforma Disney+.<\/div>\n<div class=\"gmail_quote gmail_quote_container\">\n<h6><span><strong><em>Judith Victoria Cherquis<\/em><\/strong><\/span><\/h6>\n<p>Disney Channel pondr\u00e1 fin a sus emisiones en Espa\u00f1a el pr\u00f3ximo <strong>7 de enero de 2025, <\/strong>seg\u00fan <em>ha informado en exclusiva Ver Tele de Eldiario.es<\/em>.<\/p>\n<p>Tras 27 a\u00f1os de historia en la televisi\u00f3n espa\u00f1ola, el canal infantil abandona la TDT para concentrar su oferta en su plataforma de streaming, Disney+.<\/p>\n<h4><strong>Disney+ toma el relevo del canal infantil<\/strong><\/h4>\n<p>La decisi\u00f3n de cerrar Disney Channel responde al auge de las plataformas de streaming y al objetivo de la compa\u00f1\u00eda de <strong>reforzar su servicio de pago Disney+<\/strong>. Todo el contenido que hasta ahora formaba parte de la programaci\u00f3n del canal en abierto estar\u00e1 disponible en la plataforma, ofreciendo as\u00ed a los usuarios una experiencia digital consolidada.<\/p>\n<p>Seg\u00fan declaraciones oficiales, The Walt Disney Company agradece el apoyo de los fans espa\u00f1oles y reafirma su compromiso de inversi\u00f3n en servicios de distribuci\u00f3n directa al consumidor (OTT) y en sus marcas lineales.<\/p>\n<h4><strong>Disney Junior, el \u00faltimo sobreviviente en TV de pago<\/strong><\/h4>\n<p>Aunque Disney Channel desaparece de la TDT, su canal hermano, <strong>Disney Junior<\/strong>, seguir\u00e1 emiti\u00e9ndose a trav\u00e9s de operadores de pago como Movistar Plus+, Vodafone TV y Orange TV. Esto lo convierte en el \u00fanico canal de televisi\u00f3n lineal de Disney en Espa\u00f1a tras la desaparici\u00f3n de otros como Disney XD y Disney Cinemagic en a\u00f1os anteriores.<\/p>\n<p>La compa\u00f1\u00eda tambi\u00e9n mantendr\u00e1 otras marcas en el segmento de televisi\u00f3n por suscripci\u00f3n, como <strong>National Geographic<\/strong>, <strong>STAR<\/strong> y <strong>Baby TV<\/strong>, que complementan su oferta de entretenimiento en el pa\u00eds.<\/p>\n<h4><strong>Una historia que marc\u00f3 generaciones<\/strong><\/h4>\n<p>Disney Channel comenz\u00f3 su andadura en Espa\u00f1a el <strong>17 de abril de 1998<\/strong> como un canal de pago, y una d\u00e9cada m\u00e1s tarde, el <strong>1 de julio de 2008<\/strong>, se convirti\u00f3 en el primer canal Disney del mundo en emitir en abierto. Desde entonces, el canal se ha consolidado como un referente en el entretenimiento infantil, dejando un legado inolvidable.<\/p>\n<p>Programas como <em>Art Attack<\/em>, <em>Zon@ Disney<\/em> o <em>Cambio de Clase<\/em> no solo marcaron a generaciones, sino que tambi\u00e9n sirvieron de trampol\u00edn para talentos como Andrea Guasch, Luc\u00eda Gil o Ana Mena. A esto se suman las exitosas franquicias internacionales como <em>High School Musical<\/em> o <em>Camp Rock<\/em>, que llegaron a millones de hogares a trav\u00e9s de Disney Channel.<\/p>\n<h4><strong>Cifras en declive y el ascenso del streaming<\/strong><\/h4>\n<p>A pesar de su relevancia hist\u00f3rica, Disney Channel ha experimentado una ca\u00edda sostenida en audiencia desde la llegada de Disney+ en 2020, situ\u00e1ndose actualmente en torno al <strong>0,7%-0,8% de cuota de pantalla mensual<\/strong>. Este descenso, junto con la estrategia global de Disney de priorizar su plataforma de streaming, ha sido determinante para el cierre del canal.<\/p>\n<p>El 7 de enero de 2025, justo despu\u00e9s del D\u00eda de Reyes, ser\u00e1 el \u00faltimo d\u00eda de emisi\u00f3n de Disney Channel en la TDT, cerrando as\u00ed un cap\u00edtulo fundamental en la historia de la televisi\u00f3n infantil en Espa\u00f1a.<\/p>\n<p> via INFOPERIODISTAS <a href=\"https:\/\/urldefense.com\/v3\/__https:\/\/ift.tt\/mTRBqbP__;!!D9dNQwwGXtA!UMTomFuI0Sotn-sgZ42w9ju9jyYH3WRi41Za2X9XOD4HoFqYmnTx4r5eMpPDJoiCKDCfwttqFcqnROd9$\" target=\"_blank\" rel=\"noopener\">https:\/\/ift.tt\/mTRBqbP<\/a><\/p>\n<\/div>\n<\/div>\n<div class=\"postie-attachments\"><a href=\"https:\/\/empresaperiodistica.umh.es\/?attachment_id=523\"><img loading=\"lazy\" src=\"https:\/\/empresaperiodistica.umh.es\/files\/2024\/12\/disney-channel-new-logo-2022-300x169.jpg\" alt=\"\" width=\"300px\" height=\"169px\" class=\"alignnone size-medium wp-image-523\" srcset=\"https:\/\/empresaperiodistica.umh.es\/files\/2024\/12\/disney-channel-new-logo-2022-300x169.jpg 300w, https:\/\/empresaperiodistica.umh.es\/files\/2024\/12\/disney-channel-new-logo-2022-1024x576.jpg 1024w, https:\/\/empresaperiodistica.umh.es\/files\/2024\/12\/disney-channel-new-logo-2022-768x432.jpg 768w, https:\/\/empresaperiodistica.umh.es\/files\/2024\/12\/disney-channel-new-logo-2022-1536x864.jpg 1536w, https:\/\/empresaperiodistica.umh.es\/files\/2024\/12\/disney-channel-new-logo-2022.jpg 1920w\" sizes=\"(max-width: 300px) 100vw, 300px\" \/><\/a><\/div>\n<\/div>\n","protected":false},"excerpt":{"rendered":"<p>Disney Channel cierra en Espa\u00f1a. El hist\u00f3rico canal infantil dejar\u00e1 de emitir en abierto el 7 de enero de 2025, centrando sus esfuerzos en la plataforma Disney+.<\/p>\n<p>Judith Victoria Cherquis<br \/>\nDisney Channel pondr\u00e1 fin a sus emisiones en Espa\u00f1a el pr\u00f3ximo 7 de enero de 2025, seg\u00fan ha informado en exclusiva Ver Tele de Eldiario.es.<br \/>\nTras 27 a\u00f1os [&#8230;]<\/p>\n","protected":false},"author":1,"featured_media":0,"comment_status":"closed","ping_status":"open","sticky":false,"template":"","format":"standard","meta":{"_links_to":"","_links_to_target":""},"categories":[3372,1393805,50986],"tags":[1393217],"_links":{"self":[{"href":"https:\/\/empresaperiodistica.umh.es\/en\/wp-json\/wp\/v2\/posts\/520"}],"collection":[{"href":"https:\/\/empresaperiodistica.umh.es\/en\/wp-json\/wp\/v2\/posts"}],"about":[{"href":"https:\/\/empresaperiodistica.umh.es\/en\/wp-json\/wp\/v2\/types\/post"}],"author":[{"embeddable":true,"href":"https:\/\/empresaperiodistica.umh.es\/en\/wp-json\/wp\/v2\/users\/1"}],"replies":[{"embeddable":true,"href":"https:\/\/empresaperiodistica.umh.es\/en\/wp-json\/wp\/v2\/comments?post=520"}],"version-history":[{"count":0,"href":"https:\/\/empresaperiodistica.umh.es\/en\/wp-json\/wp\/v2\/posts\/520\/revisions"}],"wp:attachment":[{"href":"https:\/\/empresaperiodistica.umh.es\/en\/wp-json\/wp\/v2\/media?parent=520"}],"wp:term":[{"taxonomy":"category","embeddable":true,"href":"https:\/\/empresaperiodistica.umh.es\/en\/wp-json\/wp\/v2\/categories?post=520"},{"taxonomy":"post_tag","embeddable":true,"href":"https:\/\/empresaperiodistica.umh.es\/en\/wp-json\/wp\/v2\/tags?post=520"}],"curies":[{"name":"wp","href":"https:\/\/api.w.org\/{rel}","templated":true}]}}