{"id":536,"date":"2025-02-16T21:29:09","date_gmt":"2025-02-16T20:29:09","guid":{"rendered":"https:\/\/empresaperiodistica.umh.es\/?p=536"},"modified":"2025-02-16T21:40:20","modified_gmt":"2025-02-16T20:40:20","slug":"joseph-oughourlian-en-peligro-la-tv-de-prisa-amenaza-su-continuidad","status":"publish","type":"post","link":"https:\/\/empresaperiodistica.umh.es\/en\/2025\/02\/16\/joseph-oughourlian-en-peligro-la-tv-de-prisa-amenaza-su-continuidad\/","title":{"rendered":"Joseph Oughourlian, en peligro: la TV de Prisa amenaza su continuidad"},"content":{"rendered":"<div class=\"postie-post\">\n<div dir=\"ltr\">\n<div>Una guerra soterrada se ha desatado en la c\u00fapula directiva de <strong>Prisa<\/strong>. Los consejeros afines al Gobierno quieren arrebatar la presidencia a <strong>Joseph Oughourlian<\/strong> y hacerse as\u00ed con la direcci\u00f3n de uno de los grandes grupos medi\u00e1ticos de nuestro pa\u00eds.<\/div>\n<div class=\"gmail_quote gmail_quote_container\">\n<div>\n<div>\n<p>\u201c<strong>Oughourlian <\/strong>ya no es de fiar\u201d, deslizar fuentes cercanas a la compa\u00f1\u00eda aludiendo a la opini\u00f3n de los consejeros \u201crebeldes\u201d. El m\u00e1s combativo es<strong> Andr\u00e9s Varela Entrecanales<\/strong>, quien representa a Global Alconaba, con un 7,1% de las acciones del grupo. A su lado est\u00e1n el valenciano due\u00f1o de Balearia, <strong>Adolfo Utor<\/strong>, con un 5,4%, y <strong>Diego Prieto<\/strong>, SSG, l\u00edder en el transporte sanitario y de\u00a0ambulancias, con un 3,1%.<\/p>\n<p>En total, suman m\u00e1s de un 15% de las acciones totales de Prisa, pero no se descarta que busquen aumentarlas de aqu\u00ed a finales de a\u00f1o. La gesti\u00f3n del franco-armenio, consideran, ha estado lejos de las expectativas durante sus cuatro a\u00f1os de su mandato. <\/p>\n<p>No obstante, para que Oughourlian abandone la presidencia los \u201crebeldes\u201d tendr\u00e1n que hacerse al menos con un 40% de las acciones. Cabe recordar que el parisino cuenta con un 29% de la empresa editora de<strong><em> El Pa\u00eds<\/em><\/strong>.<\/p>\n<p>Sea como fuere, las voces contrarias a su mandato son cada vez m\u00e1s numerosas. Y no solo desde la mesa del Consejo, si no tambi\u00e9n desde \u00e1reas tan importantes como Prisa Media, liderada por <strong>Jos\u00e9 Miguel Contreras<\/strong> y <strong>Fran Llorente<\/strong>. <\/p>\n<h4><strong>El canal de Prisa, la gran diferencia entre las partes<\/strong><\/h4>\n<p>Las discrepancias al respecto del canal que <strong>Pedro S\u00e1nchez<\/strong> prepara para Prisa no son nuevas. El nuevo canal de TV -alienado con los dictados de Moncloa- ha provocado un cisma entre quienes ven viable el proyecto y quienes consideran que ser\u00e1 un agujero de p\u00e9rdidas. <\/p>\n<p>El Gobierno, por su parte, no tiene dudas. Consideran que el lanzamiento de la cadena de <strong>Prisa <\/strong>es esencial para sumar un nuevo aliado, especialmente en un contexto de \u201cdesigualdad medi\u00e1tica\u201d, y por tanto, ideol\u00f3gica. <\/p>\n<p>Pese a las reticencias de <strong>Oughourlian <\/strong>y otros pesos pesados de la compa\u00f1\u00eda, la premisa del Ejecutivo es clara: sacar a concurso la nueva cadena de TDT entre marzo y abril. Mientras, desde <strong>Prisa Media<\/strong> trabajan ya en los detalles de una nueva cadena donde primar\u00e1 la informaci\u00f3n pol\u00edtica.<\/p>\n<\/div>\n<\/div>\n<p> via PR Noticias <a href=\"https:\/\/urldefense.com\/v3\/__https:\/\/prnoticias.com__;!!D9dNQwwGXtA!XTNem6tPfC7AOZC2MY4CvSdIh0wKRezgT2he2d9UFtBECI7mwnWh_kOO3GL7ebNua_igrcQTFgtQ9mmw$\" target=\"_blank\" rel=\"noopener\">https:\/\/prnoticias.com<\/a><\/p>\n<\/div>\n<\/div>\n<div class=\"postie-attachments\"><a href=\"https:\/\/empresaperiodistica.umh.es\/?attachment_id=539\"><img loading=\"lazy\" src=\"https:\/\/empresaperiodistica.umh.es\/files\/2025\/02\/f.elconfidencial.com_original_e11_327_9d2_e113279d2e7047b642d9aa36ac79e193-300x225.jpg\" alt=\"\" width=\"300px\" height=\"225px\" class=\"alignnone size-medium wp-image-539\" srcset=\"https:\/\/empresaperiodistica.umh.es\/files\/2025\/02\/f.elconfidencial.com_original_e11_327_9d2_e113279d2e7047b642d9aa36ac79e193-300x225.jpg 300w, https:\/\/empresaperiodistica.umh.es\/files\/2025\/02\/f.elconfidencial.com_original_e11_327_9d2_e113279d2e7047b642d9aa36ac79e193.jpg 557w\" sizes=\"(max-width: 300px) 100vw, 300px\" \/><\/a><\/div>\n<\/div>\n","protected":false},"excerpt":{"rendered":"<p>Una guerra soterrada se ha desatado en la c\u00fapula directiva de Prisa. Los consejeros afines al Gobierno quieren arrebatar la presidencia a Joseph Oughourlian y hacerse as\u00ed con la direcci\u00f3n de uno de los grandes grupos medi\u00e1ticos de nuestro pa\u00eds.<\/p>\n<p>\u201cOughourlian ya no es de fiar\u201d, deslizar fuentes cercanas a la compa\u00f1\u00eda aludiendo a la opini\u00f3n [&#8230;]<\/p>\n","protected":false},"author":1,"featured_media":0,"comment_status":"closed","ping_status":"open","sticky":false,"template":"","format":"standard","meta":{"_links_to":"","_links_to_target":""},"categories":[3372,1393805,585,1393463],"tags":[1393217],"_links":{"self":[{"href":"https:\/\/empresaperiodistica.umh.es\/en\/wp-json\/wp\/v2\/posts\/536"}],"collection":[{"href":"https:\/\/empresaperiodistica.umh.es\/en\/wp-json\/wp\/v2\/posts"}],"about":[{"href":"https:\/\/empresaperiodistica.umh.es\/en\/wp-json\/wp\/v2\/types\/post"}],"author":[{"embeddable":true,"href":"https:\/\/empresaperiodistica.umh.es\/en\/wp-json\/wp\/v2\/users\/1"}],"replies":[{"embeddable":true,"href":"https:\/\/empresaperiodistica.umh.es\/en\/wp-json\/wp\/v2\/comments?post=536"}],"version-history":[{"count":0,"href":"https:\/\/empresaperiodistica.umh.es\/en\/wp-json\/wp\/v2\/posts\/536\/revisions"}],"wp:attachment":[{"href":"https:\/\/empresaperiodistica.umh.es\/en\/wp-json\/wp\/v2\/media?parent=536"}],"wp:term":[{"taxonomy":"category","embeddable":true,"href":"https:\/\/empresaperiodistica.umh.es\/en\/wp-json\/wp\/v2\/categories?post=536"},{"taxonomy":"post_tag","embeddable":true,"href":"https:\/\/empresaperiodistica.umh.es\/en\/wp-json\/wp\/v2\/tags?post=536"}],"curies":[{"name":"wp","href":"https:\/\/api.w.org\/{rel}","templated":true}]}}