{"id":542,"date":"2025-02-16T21:29:58","date_gmt":"2025-02-16T20:29:58","guid":{"rendered":"https:\/\/empresaperiodistica.umh.es\/?p=542"},"modified":"2025-02-16T21:40:35","modified_gmt":"2025-02-16T20:40:35","slug":"el-77-de-los-ciudadanos-confia-mas-en-los-medios-de-comunicacion-tradicionales-que-en-las-redes-sociales-para-informarse","status":"publish","type":"post","link":"https:\/\/empresaperiodistica.umh.es\/en\/2025\/02\/16\/el-77-de-los-ciudadanos-confia-mas-en-los-medios-de-comunicacion-tradicionales-que-en-las-redes-sociales-para-informarse\/","title":{"rendered":"El 77% de los ciudadanos conf\u00eda m\u00e1s en los medios de comunicaci\u00f3n tradicionales que en las redes sociales para informarse"},"content":{"rendered":"<div class=\"postie-post\">\n<div dir=\"ltr\">\n<div><\/div>\n<div class=\"gmail_quote gmail_quote_container\"> <img loading=\"lazy\" width=\"650\" alt=\"Prensa digital\" src=\"https:\/\/dircomfidencial.com\/wp-content\/uploads\/2023\/01\/Prensa.png\" height=\"365\" style=\"max-width:100%\"><\/p>\n<p>En un contexto en el que el debate sobre la <strong>desinformaci\u00f3n<\/strong> ha pasado a ocupar un papel protagonista en la conversaci\u00f3n p\u00fablica, <strong>Evercom<\/strong>\u00a0lanza, en colaboraci\u00f3n con Smartme Analytics, el informe <a rel=\"noopener\" href=\"https:\/\/urldefense.com\/v3\/__https:\/\/evercom-my.sharepoint.com\/personal\/andrea_vargas_evercom_es\/_layouts\/15\/onedrive.aspx?id=*2Fpersonal*2Fandrea*5Fvargas*5Fevercom*5Fes*2FDocuments*2FJaque*20a*20la*20verdad*20*2D*20evercom*20*26*20Smartme&amp;ga=1__;JSUlJSUlJSUlJSUlJSUlJQ!!D9dNQwwGXtA!Q0Ydj_de_NVcXF55t6Ub1bUukPyOmE9df837C5JrAoGmupmVt6yqcHPJSJTfexG3EpGx8BPkUhbxhX3A$\" target=\"_blank\"><em>Jaque a la verdad<\/em><\/a>, en el que se analiza el<strong> impacto de las redes sociales y los medios tradicionales en la percepci\u00f3n de la credibilidad informativa<\/strong>.<\/p>\n<p>El estudio revela que, aunque el <strong>consumo de noticias a trav\u00e9s de redes sociales ha aumentado<\/strong>, los <strong>medios tradicionales contin\u00faan siendo la principal fuente de confianza<\/strong> para la mayor\u00eda de los ciudadanos.<\/p>\n<p>La proliferaci\u00f3n de<strong> informaci\u00f3n no verificada, la viralizaci\u00f3n de contenidos enga\u00f1osos y la falta de regulaciones efectivas<\/strong> han generado un entorno donde la credibilidad se convierte en un valor diferenciador de los medios tradicionales.<\/p>\n<p>Sin embargo, en el informe tambi\u00e9n se pone de manifiesto<strong> la transici\u00f3n en los modelos de uso y acceso a las redes sociales<\/strong> como fuentes primarias de informaci\u00f3n, indicativo de un cambio de tendencia en materia de percepci\u00f3n de la prensa, radio y televisi\u00f3n tradicional.<\/p>\n<p>El estudio se ha elaborado a partir de una <strong>muestra representativa de 10.000 perfiles de entre 16 y 65 a\u00f1os.<\/strong><\/p>\n<p>La metodolog\u00eda combin\u00f3 <strong>t\u00e9cnicas de observaci\u00f3n pasiva y declarativa<\/strong> para analizar el uso real tanto de redes sociales como de medios tradicionales. A trav\u00e9s de tecnolog\u00eda pasiva, se identificaron usuarios de cada red, mientras que un estudio online (CAWI) basado en una encuesta estructurada permiti\u00f3 explorar en profundidad los valores y percepciones de los participantes, as\u00ed como la credibilidad que otorgaban a las distintas fuentes de informaci\u00f3n.<\/p>\n<p>Tal y como explica <strong>Alberte Santos<\/strong>, CEO de Evercom: \u00abNos encontramos en un momento clave en el que <strong>la credibilidad informativa debe ser una prioridad<\/strong>, tanto para la sociedad en su conjunto como para los agentes del sector de la comunicaci\u00f3n. La inmediatez no puede reemplazar el rigor period\u00edstico, la confianza en los medios tradicionales es el reflejo de un periodismo que sigue apostando por la verificaci\u00f3n y el an\u00e1lisis profundo de los hechos\u00bb.<\/p>\n<h2><strong>Redes sociales vs. medios tradicionales<\/strong><\/h2>\n<p>El estudio muestra que <strong>el 77% de los ciudadanos considera que los medios tradicionales son m\u00e1s fiables que las redes sociales.<\/strong> Dentro de estos, <strong>la radio (69%) y la prensa escrita (61%)<\/strong> lideran el ranking de credibilidad. En contraste, plataformas como <strong>TikTok (28%) y Facebook (31%) son percibidas como las menos confiables<\/strong> en materia informativa.<\/p>\n<p>Estos datos subrayan un aspecto fundamental: la <strong>credibilidad se construye con el tiempo y depende de la consistencia en la calidad informativa<\/strong>.<\/p>\n<p>La <strong>ausencia de filtros editoriales<\/strong> en redes sociales permite que cualquier usuario se convierta en emisor de informaci\u00f3n, lo que, si bien democratiza el acceso a la conversaci\u00f3n p\u00fablica, tambi\u00e9n fomenta la propagaci\u00f3n de noticias falsas y descontextualizadas.<\/p>\n<p>Sin embargo, 6 de cada 10 encuestados considera que <strong>las redes sociales presentan la informaci\u00f3n de manera m\u00e1s atractiva<\/strong>, especialmente entre los j\u00f3venes de 16 a 24 a\u00f1os (75%). No obstante, esta percepci\u00f3n contrasta con la credibilidad que se otorga a estos medios, lo que sugiere que la est\u00e9tica y la inmediatez pueden captar la atenci\u00f3n del p\u00fablico joven, pero no necesariamente garantizar la confianza en el contenido que se difunde.<\/p>\n<h2><strong>Factores que refuerzan la credibilidad<\/strong><\/h2>\n<p>El informe se\u00f1ala que la confianza en los medios tradicionales se debe, en gran medida, a su <strong>estructura editorial, a la verificaci\u00f3n de fuentes y a la presencia de periodistas especializados<\/strong> dentro de las redacciones. El 64% de los encuestados reconoce que las noticias de estos medios suelen ser <strong>m\u00e1s profundas y contextualizadas<\/strong>, lo que refuerza su credibilidad frente a la inmediatez y el contenido viral de las redes sociales.<\/p>\n<p>Este fen\u00f3meno demuestra que<strong> el p\u00fablico sigue valorando el periodismo de calidad<\/strong>, aquel que prioriza la investigaci\u00f3n y la pluralidad de fuentes. La credibilidad no se basa \u00fanicamente en la rapidez de difusi\u00f3n, sino en el compromiso con la<strong> precisi\u00f3n y la transparencia informativa<\/strong>.<\/p>\n<p>Adem\u00e1s, tambi\u00e9n se percibe que los usuarios que combinan el <strong>uso habitual de redes sociales con medios tradicionales<\/strong> tienden a confiar m\u00e1s en la prensa escrita y la radio, lo que sugiere que el consumo h\u00edbrido de informaci\u00f3n es clave para la percepci\u00f3n de confianza.<\/p>\n<h2><strong>La lucha contra la desinformaci\u00f3n<\/strong><\/h2>\n<p>En<em> Jaque a la verdad<\/em> tambi\u00e9n se pone de manifiesto c\u00f3mo la inmediatez y la accesibilidad de las redes sociales <strong>han cambiado los h\u00e1bitos de consumo informativo<\/strong>.<\/p>\n<p>Un ejemplo de ello es que el 55% de los usuarios de entre 16 y 24 a\u00f1os<strong> declara informarse mayoritariamente a trav\u00e9s de estas plataformas<\/strong>, mientras que solo un 35% de los mayores de 45 a\u00f1os hace lo mismo.<\/p>\n<p>Por otra parte, la tendencia a <strong>consumir noticias en formato corto y visual<\/strong>, como en TikTok y YouTube Shorts, est\u00e1 desplazando las lecturas m\u00e1s profundas y anal\u00edticas a un segundo plano.<\/p>\n<p>En este contexto, uno de los grandes desaf\u00edos identificados en el proyecto es la <strong>lucha contra la desinformaci\u00f3n.<\/strong> Existe una percepci\u00f3n generalizada que se\u00f1ala que <strong>la proliferaci\u00f3n de bulos y fake news en redes sociales afecta la manera en que se comprende la realidad<\/strong>, reforzando la importancia de la verificaci\u00f3n de hechos en medios tradicionales.<\/p>\n<p>La <strong>falta de mecanismos efectivos<\/strong> para controlar la propagaci\u00f3n de informaci\u00f3n falsa ha convertido a las redes en un espacio de incertidumbre informativa, donde las audiencias deben desarrollar una capacidad cr\u00edtica mayor para discernir la veracidad de los contenidos.<\/p>\n<p><strong>Lola Chic\u00f3n<\/strong>, CEO de Smartme Analytics, se\u00f1ala que \u00abel reto est\u00e1 en construir nuevas estrategias que refuercen la confianza del p\u00fablico en los medios y combatan la desinformaci\u00f3n. No s\u00f3lo se trata de ofrecer informaci\u00f3n y entretenimiento, sino de educar en el consumo cr\u00edtico de lo que vemos, leemos y escuchamos\u00bb.<\/p>\n<p> via Dircomfidencial <a href=\"https:\/\/urldefense.com\/v3\/__https:\/\/ift.tt\/S8NOAQ0__;!!D9dNQwwGXtA!Q0Ydj_de_NVcXF55t6Ub1bUukPyOmE9df837C5JrAoGmupmVt6yqcHPJSJTfexG3EpGx8BPkUnjk2REX$\" target=\"_blank\" rel=\"noopener\">https:\/\/ift.tt\/S8NOAQ0<\/a><\/p>\n<\/div>\n<\/div>\n<div class=\"postie-attachments\"><a href=\"https:\/\/empresaperiodistica.umh.es\/?attachment_id=545\"><img loading=\"lazy\" src=\"https:\/\/empresaperiodistica.umh.es\/files\/2025\/02\/prensa-300x168.png\" alt=\"\" width=\"300px\" height=\"168px\" class=\"alignnone size-medium wp-image-545\" srcset=\"https:\/\/empresaperiodistica.umh.es\/files\/2025\/02\/prensa-300x168.png 300w, https:\/\/empresaperiodistica.umh.es\/files\/2025\/02\/prensa.png 650w\" sizes=\"(max-width: 300px) 100vw, 300px\" \/><\/a><\/div>\n<\/div>\n","protected":false},"excerpt":{"rendered":"<p>En un contexto en el que el debate sobre la desinformaci\u00f3n ha pasado a ocupar un papel protagonista en la conversaci\u00f3n p\u00fablica, Evercom\u00a0lanza, en colaboraci\u00f3n con Smartme Analytics, el informe Jaque a la verdad, en el que se analiza el impacto de las redes sociales y los medios tradicionales en la percepci\u00f3n de la [&#8230;]<\/p>\n","protected":false},"author":1,"featured_media":0,"comment_status":"closed","ping_status":"open","sticky":false,"template":"","format":"standard","meta":{"_links_to":"","_links_to_target":""},"categories":[2942],"tags":[1393217],"_links":{"self":[{"href":"https:\/\/empresaperiodistica.umh.es\/en\/wp-json\/wp\/v2\/posts\/542"}],"collection":[{"href":"https:\/\/empresaperiodistica.umh.es\/en\/wp-json\/wp\/v2\/posts"}],"about":[{"href":"https:\/\/empresaperiodistica.umh.es\/en\/wp-json\/wp\/v2\/types\/post"}],"author":[{"embeddable":true,"href":"https:\/\/empresaperiodistica.umh.es\/en\/wp-json\/wp\/v2\/users\/1"}],"replies":[{"embeddable":true,"href":"https:\/\/empresaperiodistica.umh.es\/en\/wp-json\/wp\/v2\/comments?post=542"}],"version-history":[{"count":0,"href":"https:\/\/empresaperiodistica.umh.es\/en\/wp-json\/wp\/v2\/posts\/542\/revisions"}],"wp:attachment":[{"href":"https:\/\/empresaperiodistica.umh.es\/en\/wp-json\/wp\/v2\/media?parent=542"}],"wp:term":[{"taxonomy":"category","embeddable":true,"href":"https:\/\/empresaperiodistica.umh.es\/en\/wp-json\/wp\/v2\/categories?post=542"},{"taxonomy":"post_tag","embeddable":true,"href":"https:\/\/empresaperiodistica.umh.es\/en\/wp-json\/wp\/v2\/tags?post=542"}],"curies":[{"name":"wp","href":"https:\/\/api.w.org\/{rel}","templated":true}]}}