{"id":548,"date":"2025-02-16T21:30:50","date_gmt":"2025-02-16T20:30:50","guid":{"rendered":"https:\/\/empresaperiodistica.umh.es\/?p=548"},"modified":"2025-02-16T21:40:50","modified_gmt":"2025-02-16T20:40:50","slug":"las-suscripciones-digitales-se-convierten-en-una-fuente-de-ingresos-imprescindible-para-los-medios","status":"publish","type":"post","link":"https:\/\/empresaperiodistica.umh.es\/en\/2025\/02\/16\/las-suscripciones-digitales-se-convierten-en-una-fuente-de-ingresos-imprescindible-para-los-medios\/","title":{"rendered":"Las suscripciones digitales se convierten en una fuente de ingresos imprescindible para los medios"},"content":{"rendered":"<div class=\"postie-post\">\n<div dir=\"ltr\">\n<div><\/div>\n<div class=\"gmail_quote gmail_quote_container\">\n<p>Las suscripciones digitales de pago se han convertido en un pilar esencial para garantizar la sostenibilidad del periodismo de calidad: aseguran unos ingresos constantes para los medios y fortalecen la relaci\u00f3n con los lectores, pues estos pasan de ser visitantes ocasionales a convertirse en un activo fundamental que apoya y valora el contenido que consume.<\/p>\n<p>Esta es una de las principales conclusiones del <strong>estudio de medios realizado por <a rel=\"noreferrer noopener nofollow\" href=\"https:\/\/urldefense.com\/v3\/__https:\/\/kreab.com\/espana\/__;!!D9dNQwwGXtA!XOlZukZ6OTPK9gRDRHpHTo1mcklT3sN7QZrwvKA44vI0Wd0l0rInopQ3iNtfEnCOkkiOW0cLoHa8bdvY$\" target=\"_blank\">Kreab<\/a> 2025<\/strong>, \u201c<strong><em>Entre la polarizaci\u00f3n y la defensa ante los bulos<\/em><\/strong>\u201c, que la consultora present\u00f3 ayer en su sede de Madrid con la participaci\u00f3n de <strong>Vicente Vall\u00e9s<\/strong>, director y presentador de Antena 3 Noticias 2; <strong>Encarna Samitier<\/strong>, presidenta de 20minutos (Grupo Henneo); <strong>Rafa Latorre<\/strong>, director y presentador de La Br\u00fajula de Onda Cero y columnista de El Mundo, y <strong>Antonio San Jos\u00e9<\/strong>, periodista y partner de Kreab. <\/p>\n<p>Y es que, seg\u00fan los datos m\u00e1s recientes publicados por la Oficina de Justificaci\u00f3n de la Difusi\u00f3n (OJD) para el primer semestre de 2024, <strong>la gran mayor\u00eda de los medios digitales sumaron suscriptores a lo largo del a\u00f1o pasado<\/strong>, siendo <strong>El Pa\u00eds<\/strong> el que lidera el ranking, con 362.473 suscriptores a junio de 2024, lo que representa un crecimiento del 7,08% en el semestre. Le sigue La Vanguardia, con 142.593 suscripciones digitales, un incremento del 5,51% respecto a enero; y <a href=\"https:\/\/urldefense.com\/v3\/__http:\/\/eldiario.es__;!!D9dNQwwGXtA!XOlZukZ6OTPK9gRDRHpHTo1mcklT3sN7QZrwvKA44vI0Wd0l0rInopQ3iNtfEnCOkkiOW0cLoPp800kO$\" target=\"_blank\" rel=\"noopener\">eldiario.es<\/a> (87.337 suscriptores, + 15,54% en el mismo periodo).<\/p>\n<p>Estos n\u00fameros confirman que la gente est\u00e1 dispuesta a pagar por contenidos de calidad, siempre y cuando las plataformas ofrezcan valor a\u00f1adido y una experiencia digital diferenciada. Y es que, en 2024, <strong>el entorno digital consolid\u00f3 su posici\u00f3n como el medio de mayor penetraci\u00f3n en Espa\u00f1a<\/strong>, con una penetraci\u00f3n del <strong>88,9%<\/strong>, seg\u00fan el \u00faltimo Estudio General de Medios de AIMC, demostrando as\u00ed su fortaleza frente a otros formatos tradicionales, como el papel. Este medio que enfrent\u00f3 una nueva ca\u00edda generalizada en la venta de ejemplares. Seg\u00fan el \u00faltimo EGM de 2024, la prensa escrita cuenta con 5.612.000 lectores, lo que supone un descenso de 83.000 lectores con respecto al \u00faltimo EGM de 2023. Unas cifras que confirman la presi\u00f3n que sufre la prensa en papel en un entorno que cada vez es m\u00e1s tecnol\u00f3gico.<\/p>\n<p>A\u00fan as\u00ed, <strong>los medios tradicionales siguen siendo fundamentales en la formaci\u00f3n de las opiniones pol\u00edticas de los espa\u00f1oles<\/strong>, m\u00e1s incluso que los medios digitales,<br \/>seg\u00fan un estudio del Centro de Investigaciones Sociol\u00f3gicas (CIS) titulado \u201cIdeolog\u00eda y polarizaci\u00f3n\u201d y publicado en el \u00faltimo trimestre del 2024.<\/p>\n<h4><strong>Nuevos formatos y retos para el 2025<\/strong><\/h4>\n<p>Seg\u00fan como explica el informe, desde que Twitter se transform\u00f3 en X, la plataforma ha pasado por numerosos cambios, incluyendo el abandono progresivo por parte de algunas figuras p\u00fablicas y medios de comunicaci\u00f3n nacionales e internacionales, como The Guardian o La Vanguardia en Espa\u00f1a. Esto ha provocado que surjan nuevas redes sociales, como <strong>Bluesky<\/strong>, que mantiene un enfoque similar a X en t\u00e9rminos de objetivos y funcionalidades, pero que se diferencia al no incluir anuncios ni algoritmos predeterminados. El surgimiento de plataformas como esta puede tener un <strong>impacto directo en el rendimiento de los perfiles corporativos<\/strong>, obligando a <strong>empresas <\/strong>y<strong> directivos <\/strong>a diversificar su <strong>presencia en redes sociales<\/strong> y adaptar sus estrategias a estas nuevas din\u00e1micas.<\/p>\n<p>Asimismo, la plataforma <strong>Threads<\/strong>, lanzada por Meta como competencia directa de X, contin\u00faa ganando terreno entre los medios de comunicaci\u00f3n, consolid\u00e1ndose como un nuevo aliado informativo a ra\u00edz de las controversias sobre la desinformaci\u00f3n en X. Y es que Threads ha ganado popularidad, superando los <strong>200 millones de usuarios a nivel mundial<\/strong>. Aun as\u00ed la plataforma deber\u00e1 continuar trabajando para posicionarse entre las principales preferencias<br \/>de los usuarios, quienes siguen inclin\u00e1ndose por otras redes sociales. <\/p>\n<p>Pero la red social que m\u00e1s relevancia ha obtenido y sigue obteniendo es <strong>Tiktok<\/strong>, que se ha consolidado como l<strong>a aplicaci\u00f3n con mayor n\u00famero de usuarios activos mensuales<\/strong>, superando los 1.000 millones a nivel mundial. <strong>En Espa\u00f1a, re\u00fane m\u00e1s de 16 millones de usuarios, casi el 40% pertenecientes a la Generaci\u00f3n Z<\/strong>, lo que refuerza el papel de las redes sociales como fuente clave de informaci\u00f3n, como bien refleja el estudio. Esta tendencia ofrece a medios y empresas una oportunidad \u00fanica para conectar con audiencias j\u00f3venes y diversificar su alcance, pero tambi\u00e9n un reto, pues deben saber adaptar su contenido a lo que gusta y atrae a los Z.<\/p>\n<p>Otro reto, sin duda, es la irrupci\u00f3n de la IA. Uno de los mayores retos que deber\u00e1n afrontar los medios de comunicaci\u00f3n en 2025 ser\u00e1 c\u00f3mo encontrar<br \/>el equilibrio entre la utilizaci\u00f3n de algoritmos que ofrecen al consumidor noticias acordes con sus intereses y evitar encerrar al p\u00fablico en burbujas informativas, que<br \/>fomenten la polarizaci\u00f3n social. Los medios de comunicaci\u00f3n tambi\u00e9n tendr\u00e1n que adoptar c\u00f3digos \u00e9ticos para el uso de la IA y establecer alianzas con plataformas digitales para identificar y neutralizar bulos en tiempo real, para contener la proliferaci\u00f3n de contenido falso indistinguible del real.<\/p>\n<p>As\u00ed, el informe de <a rel=\"noreferrer noopener nofollow\" href=\"https:\/\/urldefense.com\/v3\/__https:\/\/kreab.com\/espana\/__;!!D9dNQwwGXtA!XOlZukZ6OTPK9gRDRHpHTo1mcklT3sN7QZrwvKA44vI0Wd0l0rInopQ3iNtfEnCOkkiOW0cLoHa8bdvY$\" target=\"_blank\">Kreab<\/a> expone dos iniciativas interesantes desarrolladas en Espa\u00f1a en este \u00e1mbito. La primera es el acuerdo de colaboraci\u00f3n firmado a finales del 2024 entre <strong>Reuters<\/strong> y <strong>Meta<\/strong>. Esta \u00faltima usar\u00e1 contenido de Reuters en su chatbot para responder en tiempo real a preguntas sobre noticias. <\/p>\n<p>La otra es el acuerdo de <strong>Prisa Media<\/strong> con <strong>Perplexity <\/strong>para integrar IA en sus procesos, mejorar la calidad de sus contenidos y optimizar su distribuci\u00f3n en diversas plataformas. Una colaboraci\u00f3n que refuerza la conexi\u00f3n con las audiencias y demuestra c\u00f3mo los medios pueden liderar la transformaci\u00f3n tecnol\u00f3gica de manera responsable.<\/p>\n<p> via PR Noticias <a href=\"https:\/\/urldefense.com\/v3\/__https:\/\/prnoticias.com\/__;!!D9dNQwwGXtA!XOlZukZ6OTPK9gRDRHpHTo1mcklT3sN7QZrwvKA44vI0Wd0l0rInopQ3iNtfEnCOkkiOW0cLoM4cakRs$\" target=\"_blank\" rel=\"noopener\">https:\/\/prnoticias.com\/<\/a><\/p>\n<\/div>\n<\/div>\n<div class=\"postie-attachments\"><a href=\"https:\/\/empresaperiodistica.umh.es\/?attachment_id=551\"><img loading=\"lazy\" src=\"https:\/\/empresaperiodistica.umh.es\/files\/2025\/02\/foto-1-presentacion-informe-de-medios-kreab-300x161.jpg\" alt=\"\" width=\"300px\" height=\"161px\" class=\"alignnone size-medium wp-image-551\" srcset=\"https:\/\/empresaperiodistica.umh.es\/files\/2025\/02\/foto-1-presentacion-informe-de-medios-kreab-300x161.jpg 300w, https:\/\/empresaperiodistica.umh.es\/files\/2025\/02\/foto-1-presentacion-informe-de-medios-kreab-768x411.jpg 768w, https:\/\/empresaperiodistica.umh.es\/files\/2025\/02\/foto-1-presentacion-informe-de-medios-kreab.jpg 800w\" sizes=\"(max-width: 300px) 100vw, 300px\" \/><\/a><\/div>\n<\/div>\n","protected":false},"excerpt":{"rendered":"<p>Las suscripciones digitales de pago se han convertido en un pilar esencial para garantizar la sostenibilidad del periodismo de calidad: aseguran unos ingresos constantes para los medios y fortalecen la relaci\u00f3n con los lectores, pues estos pasan de ser visitantes ocasionales a convertirse en un activo fundamental que apoya y valora el contenido que consume.<br \/>\nEsta [&#8230;]<\/p>\n","protected":false},"author":1,"featured_media":0,"comment_status":"closed","ping_status":"open","sticky":false,"template":"","format":"standard","meta":{"_links_to":"","_links_to_target":""},"categories":[585,50986],"tags":[1393217],"_links":{"self":[{"href":"https:\/\/empresaperiodistica.umh.es\/en\/wp-json\/wp\/v2\/posts\/548"}],"collection":[{"href":"https:\/\/empresaperiodistica.umh.es\/en\/wp-json\/wp\/v2\/posts"}],"about":[{"href":"https:\/\/empresaperiodistica.umh.es\/en\/wp-json\/wp\/v2\/types\/post"}],"author":[{"embeddable":true,"href":"https:\/\/empresaperiodistica.umh.es\/en\/wp-json\/wp\/v2\/users\/1"}],"replies":[{"embeddable":true,"href":"https:\/\/empresaperiodistica.umh.es\/en\/wp-json\/wp\/v2\/comments?post=548"}],"version-history":[{"count":0,"href":"https:\/\/empresaperiodistica.umh.es\/en\/wp-json\/wp\/v2\/posts\/548\/revisions"}],"wp:attachment":[{"href":"https:\/\/empresaperiodistica.umh.es\/en\/wp-json\/wp\/v2\/media?parent=548"}],"wp:term":[{"taxonomy":"category","embeddable":true,"href":"https:\/\/empresaperiodistica.umh.es\/en\/wp-json\/wp\/v2\/categories?post=548"},{"taxonomy":"post_tag","embeddable":true,"href":"https:\/\/empresaperiodistica.umh.es\/en\/wp-json\/wp\/v2\/tags?post=548"}],"curies":[{"name":"wp","href":"https:\/\/api.w.org\/{rel}","templated":true}]}}