{"id":560,"date":"2025-02-16T21:33:01","date_gmt":"2025-02-16T20:33:01","guid":{"rendered":"https:\/\/empresaperiodistica.umh.es\/?p=560"},"modified":"2025-02-16T21:41:19","modified_gmt":"2025-02-16T20:41:19","slug":"las-audiencias-de-los-medios-se-mantienen-por-debajo-de-las-de-hace-una-decada-pese-al-apoyo-de-los-formatos-digitales","status":"publish","type":"post","link":"https:\/\/empresaperiodistica.umh.es\/en\/2025\/02\/16\/las-audiencias-de-los-medios-se-mantienen-por-debajo-de-las-de-hace-una-decada-pese-al-apoyo-de-los-formatos-digitales\/","title":{"rendered":"Las audiencias de los medios se mantienen por debajo de las de hace una d\u00e9cada pese al apoyo de los formatos digitales"},"content":{"rendered":"<div class=\"postie-post\">\n<div dir=\"ltr\">\n<div>Las audiencias de los medios de comunicaci\u00f3n entre 2015 y 2024 han descendido y ello a pesar del apoyo recibido de los formatos digitales, seg\u00fan se desprende de los datos contenidos en la edici\u00f3n de 2025 del Marco General de Medios en Espa\u00f1a, que acaba de publicar la Asociaci\u00f3n para la Investigaci\u00f3n de Medios de Comunicaci\u00f3n (AIMC).<\/div>\n<div class=\"gmail_quote gmail_quote_container\">\n<div>\n<div>\n<p>Si se toma como referencia las audiencias de diarios, televisi\u00f3n, radio y revistas en 2015, los cuatro medios tendr\u00edan actualmente menos audiencia que entonces, siendo la prensa diaria la que porcentualmente menos ha descendido (-5,7%), seguida por la televisi\u00f3n (-7,9%), la radio (-9,7%) y las revistas (-14,4%). De hecho, la audiencia de los diarios se mantuvo por encima de la de 2015 gracias, principalmente al empuje de las versiones y otros formatos digitales, pero desde hace tres a\u00f1os ese apoyo se ha ido debilitando.<\/p>\n<p>En cualquier caso, el reparto de la audiencia en 2024 sigui\u00f3 dominado por la televisi\u00f3n (80,9% de la poblaci\u00f3n mayor de 14 a\u00f1os), seguida por la radio (54,2%), los diarios (39,9) y las revistas (33,2%)<\/p>\n<p>El Marco General de Medios en Espa\u00f1a es un informe que publica anualmente AIMC y en el que se recoge una selecci\u00f3n de informaci\u00f3n cuantitativa sobre la poblaci\u00f3n espa\u00f1ola, el consumo de medios y el equipamiento de los hogares, entre otros temas.<\/p>\n<\/p><\/div>\n<\/p><\/div>\n<p> via <a href=\"https:\/\/urldefense.com\/v3\/__http:\/\/digimedios.es__;!!D9dNQwwGXtA!ThTaJLtYr2yF_PYeKQIbxcR1lD5lB9OdVml-rv34JTOR9EK9bsaqanFfzLrcTMuVFMeEBu-PKxoaozqx$\" target=\"_blank\" rel=\"noopener\">digimedios.es<\/a> <a href=\"https:\/\/urldefense.com\/v3\/__https:\/\/digimedios.es__;!!D9dNQwwGXtA!ThTaJLtYr2yF_PYeKQIbxcR1lD5lB9OdVml-rv34JTOR9EK9bsaqanFfzLrcTMuVFMeEBu-PK4MfrY9Z$\" target=\"_blank\" rel=\"noopener\">https:\/\/digimedios.es<\/a><\/p>\n<p><\/div>\n<\/div>\n<div class=\"postie-attachments\"><a href=\"https:\/\/empresaperiodistica.umh.es\/?attachment_id=563\"><img loading=\"lazy\" src=\"https:\/\/empresaperiodistica.umh.es\/files\/2025\/02\/digi-copia-300x239.jpg\" alt=\"\" width=\"300px\" height=\"239px\" class=\"alignnone size-medium wp-image-563\" srcset=\"https:\/\/empresaperiodistica.umh.es\/files\/2025\/02\/digi-copia-300x239.jpg 300w, https:\/\/empresaperiodistica.umh.es\/files\/2025\/02\/digi-copia.jpg 639w\" sizes=\"(max-width: 300px) 100vw, 300px\" \/><\/a><\/div>\n<\/div>\n","protected":false},"excerpt":{"rendered":"<p>Las audiencias de los medios de comunicaci\u00f3n entre 2015 y 2024 han descendido y ello a pesar del apoyo recibido de los formatos digitales, seg\u00fan se desprende de los datos contenidos en la edici\u00f3n de 2025 del Marco General de Medios en Espa\u00f1a, que acaba de publicar la Asociaci\u00f3n para la Investigaci\u00f3n de Medios de [&#8230;]<\/p>\n","protected":false},"author":1,"featured_media":0,"comment_status":"closed","ping_status":"open","sticky":false,"template":"","format":"standard","meta":{"_links_to":"","_links_to_target":""},"categories":[41626],"tags":[1393217],"_links":{"self":[{"href":"https:\/\/empresaperiodistica.umh.es\/en\/wp-json\/wp\/v2\/posts\/560"}],"collection":[{"href":"https:\/\/empresaperiodistica.umh.es\/en\/wp-json\/wp\/v2\/posts"}],"about":[{"href":"https:\/\/empresaperiodistica.umh.es\/en\/wp-json\/wp\/v2\/types\/post"}],"author":[{"embeddable":true,"href":"https:\/\/empresaperiodistica.umh.es\/en\/wp-json\/wp\/v2\/users\/1"}],"replies":[{"embeddable":true,"href":"https:\/\/empresaperiodistica.umh.es\/en\/wp-json\/wp\/v2\/comments?post=560"}],"version-history":[{"count":0,"href":"https:\/\/empresaperiodistica.umh.es\/en\/wp-json\/wp\/v2\/posts\/560\/revisions"}],"wp:attachment":[{"href":"https:\/\/empresaperiodistica.umh.es\/en\/wp-json\/wp\/v2\/media?parent=560"}],"wp:term":[{"taxonomy":"category","embeddable":true,"href":"https:\/\/empresaperiodistica.umh.es\/en\/wp-json\/wp\/v2\/categories?post=560"},{"taxonomy":"post_tag","embeddable":true,"href":"https:\/\/empresaperiodistica.umh.es\/en\/wp-json\/wp\/v2\/tags?post=560"}],"curies":[{"name":"wp","href":"https:\/\/api.w.org\/{rel}","templated":true}]}}