{"id":584,"date":"2025-03-11T11:42:34","date_gmt":"2025-03-11T10:42:34","guid":{"rendered":"https:\/\/empresaperiodistica.umh.es\/?p=584"},"modified":"2025-03-29T19:01:45","modified_gmt":"2025-03-29T18:01:45","slug":"el-gobierno-aprueba-la-creacion-de-un-registro-de-medios-de-comunicacion-supervisado-por-la-cnmc","status":"publish","type":"post","link":"https:\/\/empresaperiodistica.umh.es\/en\/2025\/03\/11\/el-gobierno-aprueba-la-creacion-de-un-registro-de-medios-de-comunicacion-supervisado-por-la-cnmc\/","title":{"rendered":"El Gobierno aprueba la creaci\u00f3n de un registro de medios de comunicaci\u00f3n supervisado por la CNMC"},"content":{"rendered":"<div class=\"postie-post\">\n<div dir=\"ltr\">\n<div>El Consejo de Ministros ha aprobado un anteproyecto de ley que establece la <strong>creaci\u00f3n de un registro estatal de medios de comunicaci\u00f3n con el objetivo de reforzar la transparencia<\/strong> en la propiedad de los medios y en la financiaci\u00f3n que reciben mediante publicidad institucional. La gesti\u00f3n y supervisi\u00f3n del registro quedar\u00e1 en manos de la Comisi\u00f3n Nacional de los Mercados y la Competencia (CNMC).<\/div>\n<div class=\"gmail_quote gmail_quote_container\">\n<p>Seg\u00fan ha explicado el ministro de Transformaci\u00f3n Digital y Funci\u00f3n P\u00fablica, \u00d3scar L\u00f3pez, el registro incluir\u00e1 informaci\u00f3n detallada sobre la estructura de propiedad de los medios y los ingresos que perciben de las administraciones p\u00fablicas. <strong>Adem\u00e1s, los medios estar\u00e1n obligados a mantener actualizados estos datos.<\/strong><\/p>\n<p>El anteproyecto tambi\u00e9n prev\u00e9 la creaci\u00f3n de registros auton\u00f3micos coordinados con el estatal, que recoger\u00e1n informaci\u00f3n de los medios de \u00e1mbito regional. La CNMC, adem\u00e1s de supervisar el cumplimiento de la normativa, <strong>evaluar\u00e1 el impacto de posibles operaciones de concentraci\u00f3n en el sector medi\u00e1tico, especialmente en los casos que superen determinados umbrales de audiencia o ingresos.<\/strong><\/p>\n<h3><strong>Supervisi\u00f3n de la publicidad y sanciones por incumplimiento<\/strong><\/h3>\n<p>La nueva normativa busca aportar m\u00e1s transparencia en el uso de la publicidad institucional y en la concentraci\u00f3n de la propiedad de los medios. Entre las modificaciones previstas en la Ley General de Comunicaci\u00f3n Audiovisual, se establecer\u00e1n criterios m\u00e1s estrictos para evaluar c\u00f3mo afecta la concentraci\u00f3n de medios al pluralismo informativo.<\/p>\n<p>Asimismo, el texto incorpora medidas sancionadoras para garantizar su cumplimiento. Las multas por infracciones leves podr\u00e1n alcanzar los 30.000 euros, mientras que en los casos m\u00e1s graves podr\u00edan llegar hasta el 6% del volumen de negocio anual del infractor.<\/p>\n<h3><strong>Control de la desinformaci\u00f3n y regulaci\u00f3n de plataformas digitales<\/strong><\/h3>\n<p>El anteproyecto tambi\u00e9n incluye disposiciones relacionadas con la adaptaci\u00f3n del Reglamento Europeo de Servicios Digitales (DSA), con la CNMC como organismo encargado de su aplicaci\u00f3n en Espa\u00f1a. <strong>Esto implicar\u00e1 nuevas obligaciones para las plataformas digitales, como la implementaci\u00f3n de canales de denuncia de contenidos il\u00edcitos, la transparencia en el uso de algoritmos y la adopci\u00f3n de medidas contra la manipulaci\u00f3n informativa en periodos electorales.<\/strong><\/p>\n<p>via Laboratorio de Periodismo Luca de Tena <a href=\"https:\/\/urldefense.com\/v3\/__https:\/\/ift.tt\/bRXeQgY__;!!D9dNQwwGXtA!RlPdHvSrdODyN-5mE3vZNvbmAdGYP4Jl4yIP5XJNql0J75Nq1FIc673fJpSftyDzvtBSDjXEPZlqJEx7$\" target=\"_blank\" rel=\"noopener\">https:\/\/ift.tt\/bRXeQgY<\/a><\/p>\n<p><\/div>\n<\/div>\n<div class=\"postie-attachments\"><a href=\"https:\/\/empresaperiodistica.umh.es\/?attachment_id=587\"><img loading=\"lazy\" src=\"https:\/\/empresaperiodistica.umh.es\/files\/2025\/03\/cnmv-registro-medios-de-comunicacion-300x200.jpg\" alt=\"\" width=\"300px\" height=\"200px\" class=\"alignnone size-medium wp-image-587\" srcset=\"https:\/\/empresaperiodistica.umh.es\/files\/2025\/03\/cnmv-registro-medios-de-comunicacion-300x200.jpg 300w, https:\/\/empresaperiodistica.umh.es\/files\/2025\/03\/cnmv-registro-medios-de-comunicacion-768x512.jpg 768w, https:\/\/empresaperiodistica.umh.es\/files\/2025\/03\/cnmv-registro-medios-de-comunicacion.jpg 900w\" sizes=\"(max-width: 300px) 100vw, 300px\" \/><\/a><\/div>\n<\/div>\n","protected":false},"excerpt":{"rendered":"<p>El Consejo de Ministros ha aprobado un anteproyecto de ley que establece la creaci\u00f3n de un registro estatal de medios de comunicaci\u00f3n con el objetivo de reforzar la transparencia en la propiedad de los medios y en la financiaci\u00f3n que reciben mediante publicidad institucional. La gesti\u00f3n y supervisi\u00f3n del registro quedar\u00e1 en manos de la [&#8230;]<\/p>\n","protected":false},"author":1,"featured_media":0,"comment_status":"closed","ping_status":"open","sticky":false,"template":"","format":"standard","meta":{"_links_to":"","_links_to_target":""},"categories":[1393805,1393463],"tags":[1393217],"_links":{"self":[{"href":"https:\/\/empresaperiodistica.umh.es\/en\/wp-json\/wp\/v2\/posts\/584"}],"collection":[{"href":"https:\/\/empresaperiodistica.umh.es\/en\/wp-json\/wp\/v2\/posts"}],"about":[{"href":"https:\/\/empresaperiodistica.umh.es\/en\/wp-json\/wp\/v2\/types\/post"}],"author":[{"embeddable":true,"href":"https:\/\/empresaperiodistica.umh.es\/en\/wp-json\/wp\/v2\/users\/1"}],"replies":[{"embeddable":true,"href":"https:\/\/empresaperiodistica.umh.es\/en\/wp-json\/wp\/v2\/comments?post=584"}],"version-history":[{"count":0,"href":"https:\/\/empresaperiodistica.umh.es\/en\/wp-json\/wp\/v2\/posts\/584\/revisions"}],"wp:attachment":[{"href":"https:\/\/empresaperiodistica.umh.es\/en\/wp-json\/wp\/v2\/media?parent=584"}],"wp:term":[{"taxonomy":"category","embeddable":true,"href":"https:\/\/empresaperiodistica.umh.es\/en\/wp-json\/wp\/v2\/categories?post=584"},{"taxonomy":"post_tag","embeddable":true,"href":"https:\/\/empresaperiodistica.umh.es\/en\/wp-json\/wp\/v2\/tags?post=584"}],"curies":[{"name":"wp","href":"https:\/\/api.w.org\/{rel}","templated":true}]}}