{"id":589,"date":"2025-03-11T11:45:38","date_gmt":"2025-03-11T10:45:38","guid":{"rendered":"https:\/\/empresaperiodistica.umh.es\/?p=589"},"modified":"2025-03-29T19:02:04","modified_gmt":"2025-03-29T18:02:04","slug":"bezos-cambia-la-linea-editorial-del-washington-post-para-adaptarla-a-la-era-trump","status":"publish","type":"post","link":"https:\/\/empresaperiodistica.umh.es\/en\/2025\/03\/11\/bezos-cambia-la-linea-editorial-del-washington-post-para-adaptarla-a-la-era-trump\/","title":{"rendered":"Bezos cambia la l\u00ednea editorial del &#8216;Washington Post&#8217; para adaptarla a la era Trump"},"content":{"rendered":"<div class=\"postie-post\">\n<div dir=\"ltr\">\n<div>El due\u00f1o de &#39;<a href=\"https:\/\/urldefense.com\/v3\/__https:\/\/www.washingtonpost.com\/__;!!D9dNQwwGXtA!SwoTGFizjb2EFlTaNVksAgw3d4yeE17cSP3vx-7t3nTHSpWZNlTwJHXsfxdvcP7OKocvAhamHYzmjuIj$\" target=\"_blank\" rel=\"noopener\">The Washington Post<\/a>&#39;, Jeff Bezos, ha anunciado este mi\u00e9rcoles un<strong> cambio en la direcci\u00f3n editorial <\/strong>de la secci\u00f3n de Opini\u00f3n del peri\u00f3dico. A trav\u00e9s de un comunicado dirigido al equipo del diario, Bezos explic\u00f3 que el enfoque se centrar\u00e1 en la defensa de dos principios fundamentales: l<strong>as libertades individuales y los mercados libres.<\/strong><\/div>\n<div class=\"gmail_quote gmail_quote_container\">\n<p>&#8220;Escribiremos cada d\u00eda en apoyo y defensa de estos dos pilares&#8221;, afirm\u00f3 el empresario, se\u00f1alando que, si bien se seguir\u00e1n abordando otros temas, l<strong>as posturas contrarias<\/strong> a estos principios quedar\u00e1n en manos de otros medios.<\/p>\n<p>El <a href=\"https:\/\/urldefense.com\/v3\/__https:\/\/www.elconfidencial.com\/mercados\/2024-02-16\/jeff-bezos-vender-paquete-acciones-amazon_3832095\/__;!!D9dNQwwGXtA!SwoTGFizjb2EFlTaNVksAgw3d4yeE17cSP3vx-7t3nTHSpWZNlTwJHXsfxdvcP7OKocvAhamHVdXWS0N$\" target=\"_blank\" rel=\"noopener\">fundador de Amazon<\/a> justific\u00f3 este giro asegurando que la era de los peri\u00f3dicos con secciones de opini\u00f3n abarcando todas las visiones<strong> ha quedado atr\u00e1s<\/strong>, dado que ahora Internet cumple ese papel. \u201cNuestro pa\u00eds no lleg\u00f3 hasta aqu\u00ed por ser t\u00edpico\u201d, escribi\u00f3, subrayando que la libertad \u2014tanto econ\u00f3mica como individual\u2014 ha sido clave en el \u00e9xito de <a href=\"https:\/\/urldefense.com\/v3\/__https:\/\/www.elconfidencial.com\/tags\/temas\/estados-unidos-eeuu-10821\/__;!!D9dNQwwGXtA!SwoTGFizjb2EFlTaNVksAgw3d4yeE17cSP3vx-7t3nTHSpWZNlTwJHXsfxdvcP7OKocvAhamHbSQuHcK$\" target=\"_blank\" rel=\"noopener\">Estados Unidos<\/a>.<\/p>\n<p>Este cambio tambi\u00e9n ha supuesto la salida de David Shipley, hasta ahora editor de Opini\u00f3n del Post. Bezos reconoci\u00f3 que le ofreci\u00f3 continuar liderando la secci\u00f3n en esta nueva etapa, pero que, tras una reflexi\u00f3n, <strong>Shipley decidi\u00f3 apartarse del cargo<\/strong>. \u201cEs un cambio significativo, no ser\u00e1 f\u00e1cil y requerir\u00e1 un compromiso total\u201d, explic\u00f3 el magnate, adelantando que se encuentra en la b\u00fasqueda de <strong>un nuevo editor<\/strong> para encabezar esta direcci\u00f3n.<\/p>\n<\/p>\n<div>\n<blockquote>\n<p lang=\"en\" dir=\"ltr\">I shared this note with the Washington Post team this morning:I\u2019m writing to let you know about a change coming to our opinion pages. We are going to be writing every day in support and defense of two pillars: personal liberties and free markets. We\u2019ll cover other topics too\u2026<\/p>\n<p>\u2014 Jeff Bezos (@JeffBezos) <a href=\"https:\/\/urldefense.com\/v3\/__https:\/\/twitter.com\/JeffBezos\/status\/1894757287052362088__;!!D9dNQwwGXtA!SwoTGFizjb2EFlTaNVksAgw3d4yeE17cSP3vx-7t3nTHSpWZNlTwJHXsfxdvcP7OKocvAhamHb5JjebG$\" target=\"_blank\" rel=\"noopener\">February 26, 2025<\/a> <\/p><\/blockquote><\/div>\n<p>El anuncio de Bezos marca un punto de inflexi\u00f3n en la l\u00ednea editorial del peri\u00f3dico, que tradicionalmente ha apostado por<strong> una diversidad de voces<\/strong> en su espacio de opini\u00f3n. Con este movimiento, &#39;The Washington Post&#39; refuerza su apuesta por una perspectiva alineada con los principios del liberalismo econ\u00f3mico y la defensa de las libertades individuales, en un momento de intensos <a href=\"https:\/\/urldefense.com\/v3\/__https:\/\/www.elconfidencial.com\/mundo\/2025-02-25\/diferenciar-bufoneria-amenaza-real-ue-interpretar-trump_4071406\/__;!!D9dNQwwGXtA!SwoTGFizjb2EFlTaNVksAgw3d4yeE17cSP3vx-7t3nTHSpWZNlTwJHXsfxdvcP7OKocvAhamHaZjBtrA$\" target=\"_blank\" rel=\"noopener\">debates pol\u00edticos<\/a> en Estados Unidos.<\/p>\n<p>Este giro editorial se enmarca en <strong>el progresivo acercamiento<\/strong> de Bezos a<a href=\"https:\/\/urldefense.com\/v3\/__https:\/\/www.elconfidencial.com\/mundo\/2025-01-13\/melania-bezos-trump-washington-post_4037967\/__;!!D9dNQwwGXtA!SwoTGFizjb2EFlTaNVksAgw3d4yeE17cSP3vx-7t3nTHSpWZNlTwJHXsfxdvcP7OKocvAhamHdh2ftoI$\" target=\"_blank\" rel=\"noopener\"> Donald Trump <\/a>en los \u00faltimos meses. En un movimiento que marc\u00f3 un punto de inflexi\u00f3n, decidi\u00f3 que el Post no respaldase p\u00fablicamente a la dem\u00f3crata Kamala Harris en la carrera presidencial de noviembre, lo que supuso una notable p\u00e9rdida de suscriptores. <\/p>\n<p><a href=\"https:\/\/urldefense.com\/v3\/__https:\/\/www.elconfidencial.com\/mundo\/2025-01-13\/melania-bezos-trump-washington-post_4037967\/__;!!D9dNQwwGXtA!SwoTGFizjb2EFlTaNVksAgw3d4yeE17cSP3vx-7t3nTHSpWZNlTwJHXsfxdvcP7OKocvAhamHdh2ftoI$\" target=\"_blank\" rel=\"noopener\"><img loading=\"lazy\" width=\"483\" src=\"https:\/\/www.ecestaticos.com\/imagestatic\/clipping\/418\/a5e\/418a5e24e3ae30d0f34f47b18733a3a5\/es-una-apisonadora-dentro-del-asalto-de-trump-al-washington-post-con-amazon-postrado.jpg?mtime=1736267013\" height=\"271\" style=\"max-width:100%\"><\/a><\/p>\n<h3><a href=\"https:\/\/urldefense.com\/v3\/__https:\/\/www.elconfidencial.com\/mundo\/2025-01-13\/melania-bezos-trump-washington-post_4037967\/__;!!D9dNQwwGXtA!SwoTGFizjb2EFlTaNVksAgw3d4yeE17cSP3vx-7t3nTHSpWZNlTwJHXsfxdvcP7OKocvAhamHdh2ftoI$\" target=\"_blank\" rel=\"noopener\">&#8220;Es una apisonadora&#8221;. Dentro del asalto de Trump al &#39;Washington Post&#39; (con Amazon postrado)<\/a><\/h3>\n<p><a href=\"https:\/\/urldefense.com\/v3\/__https:\/\/www.elconfidencial.com\/mundo\/2025-01-13\/melania-bezos-trump-washington-post_4037967\/__;!!D9dNQwwGXtA!SwoTGFizjb2EFlTaNVksAgw3d4yeE17cSP3vx-7t3nTHSpWZNlTwJHXsfxdvcP7OKocvAhamHdh2ftoI$\" target=\"_blank\" rel=\"noopener\">Carlos Prieto<\/p>\n<div>El acercamiento de Jeff Bezos al trumpismo, tras a\u00f1os de p\u00e9simas relaciones, dispara las tensiones en el &#39;Washington Post&#39;, propiedad del magnate. Hablamos con periodistas de la casa <\/div>\n<p><\/a><\/p>\n<p>Tras la victoria del republicano, Bezos acudi\u00f3 a Mar-a-Lago, la residencia de Trump en Palm Beach (Florida), y <strong>contribuy\u00f3 financieramente <\/strong>al proceso de transici\u00f3n presidencial, al igual que <a href=\"https:\/\/urldefense.com\/v3\/__https:\/\/www.elconfidencial.com\/tecnologia\/2025-02-04\/gran-apagon-trump-musk-borrar-millones-datos-publicos_4056591\/__;!!D9dNQwwGXtA!SwoTGFizjb2EFlTaNVksAgw3d4yeE17cSP3vx-7t3nTHSpWZNlTwJHXsfxdvcP7OKocvAhamHbSG8Lw2$\" target=\"_blank\" rel=\"noopener\">otros magnates tecnol\u00f3gicos<\/a>. Adem\u00e1s, fue uno de los selectos invitados a la ceremonia de investidura del 20 de enero en el Capitolio.<\/p>\n<p> via El Confidencial Comunicaci\u00f3n <a href=\"https:\/\/urldefense.com\/v3\/__https:\/\/ift.tt\/rU32VLp__;!!D9dNQwwGXtA!SwoTGFizjb2EFlTaNVksAgw3d4yeE17cSP3vx-7t3nTHSpWZNlTwJHXsfxdvcP7OKocvAhamHS51i8YU$\" target=\"_blank\" rel=\"noopener\">https:\/\/ift.tt\/rU32VLp<\/a><\/p>\n<\/div>\n<\/div>\n<div class=\"postie-attachments\"><a href=\"https:\/\/empresaperiodistica.umh.es\/?attachment_id=592\"><img loading=\"lazy\" src=\"https:\/\/empresaperiodistica.umh.es\/files\/2025\/03\/f.elconfidencial.com2foriginal2f5052f44e2fe522f50544ee525b39b34f3d998b85e81225a-300x168.jpg\" alt=\"\" width=\"300px\" height=\"168px\" class=\"alignnone size-medium wp-image-592\" srcset=\"https:\/\/empresaperiodistica.umh.es\/files\/2025\/03\/f.elconfidencial.com2foriginal2f5052f44e2fe522f50544ee525b39b34f3d998b85e81225a-300x168.jpg 300w, https:\/\/empresaperiodistica.umh.es\/files\/2025\/03\/f.elconfidencial.com2foriginal2f5052f44e2fe522f50544ee525b39b34f3d998b85e81225a.jpg 483w\" sizes=\"(max-width: 300px) 100vw, 300px\" \/><\/a><\/div>\n<\/div>\n","protected":false},"excerpt":{"rendered":"<p>El due\u00f1o de &#39;The Washington Post&#39;, Jeff Bezos, ha anunciado este mi\u00e9rcoles un cambio en la direcci\u00f3n editorial de la secci\u00f3n de Opini\u00f3n del peri\u00f3dico. A trav\u00e9s de un comunicado dirigido al equipo del diario, Bezos explic\u00f3 que el enfoque se centrar\u00e1 en la defensa de dos principios fundamentales: las libertades individuales y los mercados [&#8230;]<\/p>\n","protected":false},"author":1,"featured_media":0,"comment_status":"closed","ping_status":"open","sticky":false,"template":"","format":"standard","meta":{"_links_to":"","_links_to_target":""},"categories":[3372,2942,1393805],"tags":[1393217],"_links":{"self":[{"href":"https:\/\/empresaperiodistica.umh.es\/en\/wp-json\/wp\/v2\/posts\/589"}],"collection":[{"href":"https:\/\/empresaperiodistica.umh.es\/en\/wp-json\/wp\/v2\/posts"}],"about":[{"href":"https:\/\/empresaperiodistica.umh.es\/en\/wp-json\/wp\/v2\/types\/post"}],"author":[{"embeddable":true,"href":"https:\/\/empresaperiodistica.umh.es\/en\/wp-json\/wp\/v2\/users\/1"}],"replies":[{"embeddable":true,"href":"https:\/\/empresaperiodistica.umh.es\/en\/wp-json\/wp\/v2\/comments?post=589"}],"version-history":[{"count":0,"href":"https:\/\/empresaperiodistica.umh.es\/en\/wp-json\/wp\/v2\/posts\/589\/revisions"}],"wp:attachment":[{"href":"https:\/\/empresaperiodistica.umh.es\/en\/wp-json\/wp\/v2\/media?parent=589"}],"wp:term":[{"taxonomy":"category","embeddable":true,"href":"https:\/\/empresaperiodistica.umh.es\/en\/wp-json\/wp\/v2\/categories?post=589"},{"taxonomy":"post_tag","embeddable":true,"href":"https:\/\/empresaperiodistica.umh.es\/en\/wp-json\/wp\/v2\/tags?post=589"}],"curies":[{"name":"wp","href":"https:\/\/api.w.org\/{rel}","templated":true}]}}