{"id":599,"date":"2025-03-26T18:48:03","date_gmt":"2025-03-26T17:48:03","guid":{"rendered":"https:\/\/empresaperiodistica.umh.es\/?p=599"},"modified":"2025-03-29T19:00:08","modified_gmt":"2025-03-29T18:00:08","slug":"el-mercado-de-la-musica-en-espana-crece-el-9-impulsado-por-el-streaming","status":"publish","type":"post","link":"https:\/\/empresaperiodistica.umh.es\/en\/2025\/03\/26\/el-mercado-de-la-musica-en-espana-crece-el-9-impulsado-por-el-streaming\/","title":{"rendered":"El mercado de la m\u00fasica en Espa\u00f1a crece el 9% impulsado por el streaming"},"content":{"rendered":"<div class=\"postie-post\">\n<div dir=\"ltr\">\n<div><\/div>\n<div>El a\u00f1o pasado el mercado de la m\u00fasica grabada en Espa\u00f1a creci\u00f3 el 9,4% al pasar de 519,9 millones de euros a 568,9 millones seg\u00fan los datos de la asociaci\u00f3n de discogr\u00e1ficas Promusicae.<\/div>\n<div class=\"gmail_quote gmail_quote_container\">\n<div>\n<div>\n<p>El crecimiento de vio influido por los ingresos generados por el streaming, que crecieron el 12,9% hasta los 450,2 millones de euros; especialmente el streaming de audio (376,4 millones), que creci\u00f3 el 14,1%.\u00a0 En cambio, los correspondientes a las ventas de formatos f\u00edsicos cayeron el 13,3% hasta 53,8 millones.<\/p>\n<p>Actualmente los formatos digitales representan el 89,4% de las ventas de la m\u00fasica grabada en Espa\u00f1a. Cabe recordar que hace 20 a\u00f1os, la pr\u00e1ctica totalidad de esas ventas (494,8 millones) correspond\u00eda a formatos f\u00edsicos.<\/p>\n<p>M\u00e1s informaci\u00f3n <a href=\"https:\/\/urldefense.com\/v3\/__https:\/\/www.promusicae.es\/informes\/__;!!D9dNQwwGXtA!RGkcTfaEPBK9ynmpbbrxrC5KPINEBkb4AgKdGy6GYzrrtPTwLR3DNr-OUxYFPNzVijQFLQEIfIY5wqmd$\" target=\"_blank\" rel=\"noopener\">AQU\u00cd<\/a><\/p>\n<\/div>\n<\/div>\n<p> via DigiMedios <a href=\"https:\/\/urldefense.com\/v3\/__https:\/\/digimedios.es__;!!D9dNQwwGXtA!RGkcTfaEPBK9ynmpbbrxrC5KPINEBkb4AgKdGy6GYzrrtPTwLR3DNr-OUxYFPNzVijQFLQEIfKrw-Qer$\" target=\"_blank\" rel=\"noopener\">https:\/\/digimedios.es<\/a><\/p>\n<\/div>\n<\/div>\n<div class=\"postie-attachments\"><a href=\"https:\/\/empresaperiodistica.umh.es\/?attachment_id=602\"><img loading=\"lazy\" src=\"https:\/\/empresaperiodistica.umh.es\/files\/2025\/03\/discos-300x198.jpeg\" alt=\"\" width=\"300px\" height=\"198px\" class=\"alignnone size-medium wp-image-602\" srcset=\"https:\/\/empresaperiodistica.umh.es\/files\/2025\/03\/discos-300x198.jpeg 300w, https:\/\/empresaperiodistica.umh.es\/files\/2025\/03\/discos-1024x677.jpeg 1024w, https:\/\/empresaperiodistica.umh.es\/files\/2025\/03\/discos-768x508.jpeg 768w, https:\/\/empresaperiodistica.umh.es\/files\/2025\/03\/discos-1536x1016.jpeg 1536w, https:\/\/empresaperiodistica.umh.es\/files\/2025\/03\/discos.jpeg 1600w\" sizes=\"(max-width: 300px) 100vw, 300px\" \/><\/a><\/div>\n<\/div>\n","protected":false},"excerpt":{"rendered":"<p>El a\u00f1o pasado el mercado de la m\u00fasica grabada en Espa\u00f1a creci\u00f3 el 9,4% al pasar de 519,9 millones de euros a 568,9 millones seg\u00fan los datos de la asociaci\u00f3n de discogr\u00e1ficas Promusicae.<\/p>\n<p>El crecimiento de vio influido por los ingresos generados por el streaming, que crecieron el 12,9% hasta los 450,2 millones de euros; especialmente [&#8230;]<\/p>\n","protected":false},"author":1,"featured_media":0,"comment_status":"closed","ping_status":"open","sticky":false,"template":"","format":"standard","meta":{"_links_to":"","_links_to_target":""},"categories":[1393805],"tags":[1393217],"_links":{"self":[{"href":"https:\/\/empresaperiodistica.umh.es\/en\/wp-json\/wp\/v2\/posts\/599"}],"collection":[{"href":"https:\/\/empresaperiodistica.umh.es\/en\/wp-json\/wp\/v2\/posts"}],"about":[{"href":"https:\/\/empresaperiodistica.umh.es\/en\/wp-json\/wp\/v2\/types\/post"}],"author":[{"embeddable":true,"href":"https:\/\/empresaperiodistica.umh.es\/en\/wp-json\/wp\/v2\/users\/1"}],"replies":[{"embeddable":true,"href":"https:\/\/empresaperiodistica.umh.es\/en\/wp-json\/wp\/v2\/comments?post=599"}],"version-history":[{"count":0,"href":"https:\/\/empresaperiodistica.umh.es\/en\/wp-json\/wp\/v2\/posts\/599\/revisions"}],"wp:attachment":[{"href":"https:\/\/empresaperiodistica.umh.es\/en\/wp-json\/wp\/v2\/media?parent=599"}],"wp:term":[{"taxonomy":"category","embeddable":true,"href":"https:\/\/empresaperiodistica.umh.es\/en\/wp-json\/wp\/v2\/categories?post=599"},{"taxonomy":"post_tag","embeddable":true,"href":"https:\/\/empresaperiodistica.umh.es\/en\/wp-json\/wp\/v2\/tags?post=599"}],"curies":[{"name":"wp","href":"https:\/\/api.w.org\/{rel}","templated":true}]}}