{"id":605,"date":"2025-03-29T18:48:48","date_gmt":"2025-03-29T17:48:48","guid":{"rendered":"https:\/\/empresaperiodistica.umh.es\/?p=605"},"modified":"2025-03-29T19:00:42","modified_gmt":"2025-03-29T18:00:42","slug":"los-negocios-cruzados-entre-vivendi-prisa-y-telefonica","status":"publish","type":"post","link":"https:\/\/empresaperiodistica.umh.es\/en\/2025\/03\/29\/los-negocios-cruzados-entre-vivendi-prisa-y-telefonica\/","title":{"rendered":"Los negocios cruzados entre Vivendi, Prisa y Telef\u00f3nica"},"content":{"rendered":"<div class=\"postie-post\">\n<div dir=\"ltr\">\n<div><\/div>\n<div class=\"gmail_quote gmail_quote_container\"> <img loading=\"lazy\" width=\"650\" alt=\"Vivendi\" src=\"https:\/\/dircomfidencial.com\/wp-content\/uploads\/2023\/05\/Vivendi.png\" height=\"365\" style=\"max-width:100%\"><\/p>\n<p>El semanario franc\u00e9s <em>Le Point<\/em> <a rel=\"noopener\" href=\"https:\/\/urldefense.com\/v3\/__https:\/\/www.lepoint.fr\/economie\/el-pais-la-grande-offensive-de-pedro-sanchez-pour-mettre-la-main-sur-le-premier-quotidien-espagnol-15-03-2025-2584805_28.php__;!!D9dNQwwGXtA!SKoFZXpllYBId36Sbg6aC0dEvKySPcscZ0_pZ45nc6tS9aGPqwAxO46VBipfZau77twTzqNoPZturZZ5$\" target=\"_blank\">desvel\u00f3 el pasado s\u00e1bado<\/a> que el <strong>ministro de Transformaci\u00f3n Digital,<\/strong> <strong>\u00d3scar L\u00f3pez<\/strong>, y el nuevo <strong>presidente de Telef\u00f3nica<\/strong>, <strong>Marc Murtra<\/strong>; se reunieron el mes pasado <strong>con el CEO de Vivendi<\/strong>, <strong>Arnaud de Puyfontaine<\/strong>.<\/p>\n<p>Este encuentro -seg\u00fan la citada publicaci\u00f3n- se habr\u00eda celebrado para <strong><a rel=\"noopener\" href=\"https:\/\/urldefense.com\/v3\/__https:\/\/dircomfidencial.com\/medios\/oughourlian-carga-contra-el-gobierno-y-califica-de-inaceptable-tratar-de-aduenarse-de-un-medio-independiente-20250317-1032\/__;!!D9dNQwwGXtA!SKoFZXpllYBId36Sbg6aC0dEvKySPcscZ0_pZ45nc6tS9aGPqwAxO46VBipfZau77twTzqNoPa2VJxfD$\" target=\"_blank\">ejercer presi\u00f3n<\/a> sobre Vivendi y lograr que venda su participaci\u00f3n en Prisa<\/strong> a un grupo de <strong>accionistas espa\u00f1oles cercanos a Moncloa<\/strong>. \u00d3scar L\u00f3pez desminti\u00f3 en <em>La Sexta<\/em> que hayan presionado a la empresa francesa, aunque s\u00ed admiti\u00f3 la existencia de esa reuni\u00f3n.<\/p>\n<p>Sea como fuere, lo cierto es que <strong>Vivendi, Telef\u00f3nica y Prisa entrelazan varios intereses econ\u00f3micos entre ellos<\/strong>.<\/p>\n<p>Por un lado, <strong>Vivendi es uno de los accionistas m\u00e1s importantes de Prisa<\/strong>. A cierre de 2024 ten\u00edan una <strong>participaci\u00f3n del 11,87%<\/strong> en la editora de El Pa\u00eds.<\/p>\n<p>Desde su entrada en Prisa, <strong>Vivendi ha empleado en ella casi 89 millones de euros<\/strong>. Pero el valor en libros de la participaci\u00f3n de Vivendi en Prisa <a rel=\"noopener\" href=\"https:\/\/urldefense.com\/v3\/__https:\/\/dircomfidencial.com\/medios\/vivendi-valora-su-participacion-en-prisa-en-39-me-20250314-0405\/__;!!D9dNQwwGXtA!SKoFZXpllYBId36Sbg6aC0dEvKySPcscZ0_pZ45nc6tS9aGPqwAxO46VBipfZau77twTzqNoPTI4Cleq$\" target=\"_blank\">se ha reducido a los 39 millones de euros<\/a>, seg\u00fan el informe anual de la compa\u00f1\u00eda francesa correspondiente a 2024. Dada la subida en Bolsa de Prisa -tras la cancelaci\u00f3n del proyecto televisivo y por la recompra de acciones propias realizadas este a\u00f1o- <strong>ahora el valor ronda los 60 millones de euros<\/strong>.<\/p>\n<p>Esta participaci\u00f3n le da derecho a un asiento en el Consejo de la editora espa\u00f1ola, que ocupa <strong>Carmen Fern\u00e1ndez de Alarc\u00f3n<\/strong>, a su vez\u00a0<a rel=\"noopener\" href=\"https:\/\/urldefense.com\/v3\/__https:\/\/dircomfidencial.com\/medios\/prisa-propone-como-consejera-a-carmen-fernandez-de-alarcon-en-representacion-de-vivendi-20210526-0403\/__;!!D9dNQwwGXtA!SKoFZXpllYBId36Sbg6aC0dEvKySPcscZ0_pZ45nc6tS9aGPqwAxO46VBipfZau77twTzqNoPSFkERCY$\" target=\"_blank\">CEO de Havas Creative Espa\u00f1a<\/a>.<\/p>\n<blockquote>\n<p>Vivendi es accionista de Prisa y de Telef\u00f3nica, y tambi\u00e9n tiene contratos publicitarios con ambas empresas espa\u00f1olas.<\/p>\n<\/blockquote>\n<p>Adem\u00e1s de Prisa, <strong>Vivendi es accionista de Telef\u00f3nica<\/strong>. En concreto,<strong> retiene un 1,04% de las acciones<\/strong> en la operadora presidida por Marc Murtra. Esto supone un <strong>valor en libros de 232 millones de euros<\/strong>, seg\u00fan refleja igualmente el informe anual de Vivendi.<\/p>\n<p>Gracias a esta participaci\u00f3n, la compa\u00f1\u00eda francesa controlada por la familia Bollor\u00e9 recibi\u00f3 el a\u00f1o pasado unos <strong>dividendos de 18 millones de euros<\/strong> por parte de Telef\u00f3nica.<\/p>\n<p>Telef\u00f3nica y Vivendi tienen v\u00ednculos <strong>desde hace tiempo<\/strong>. En 2015, la compa\u00f1\u00eda francesa <a rel=\"noopener\" href=\"https:\/\/urldefense.com\/v3\/__https:\/\/www.telefonica.com\/es\/sala-comunicacion\/prensa\/telefonica-se-convierte-en-lider-indiscutible-del-mercado-brasileno-tras-la-compra-de-gvt\/__;!!D9dNQwwGXtA!SKoFZXpllYBId36Sbg6aC0dEvKySPcscZ0_pZ45nc6tS9aGPqwAxO46VBipfZau77twTzqNoPWrfJMiu$\" target=\"_blank\">vendi\u00f3 GVT a la filial brasile\u00f1a de Telef\u00f3nica por m\u00e1s de 4.600 millones de euros<\/a>.<\/p>\n<p>Adem\u00e1s, el grupo Havas tiene un <strong>contrato con Telef\u00f3nica para la gesti\u00f3n de su publicidad desde hace varios a\u00f1os<\/strong>. Este acuerdo <a rel=\"noopener\" href=\"https:\/\/urldefense.com\/v3\/__https:\/\/dircomfidencial.com\/marketing\/el-grupo-havas-retiene-la-cuenta-de-medios-de-telefonica-20250218-0406\/__;!!D9dNQwwGXtA!SKoFZXpllYBId36Sbg6aC0dEvKySPcscZ0_pZ45nc6tS9aGPqwAxO46VBipfZau77twTzqNoPRRA0_OL$\" target=\"_blank\">se renov\u00f3 en noviembre del a\u00f1o pasado<\/a>, seg\u00fan public\u00f3 DIRCOMFIDENCIAL. Precisamente, la posible <strong>ruptura de este contrato fue uno de los argumentos de presi\u00f3n para que Vivendi salga de Prisa<\/strong>, seg\u00fan public\u00f3 <em>Le Point<\/em>. De acuerdo con este semanario franc\u00e9s, el contrato entre ambas partes asciende a unos <strong>80 millones de euros<\/strong>.<\/p>\n<p>Hay que recordar no obstante que <strong>Havas ya no forma parte del per\u00edmetro de Vivendi<\/strong>, tras <a rel=\"noopener\" href=\"https:\/\/urldefense.com\/v3\/__https:\/\/dircomfidencial.com\/marketing\/havas-pasara-a-ser-una-empresa-cotizada-en-la-bolsa-de-amsterdam-20240723-0403\/__;!!D9dNQwwGXtA!SKoFZXpllYBId36Sbg6aC0dEvKySPcscZ0_pZ45nc6tS9aGPqwAxO46VBipfZau77twTzqNoPTe8NZ8S$\" target=\"_blank\">desgajarse del conglomerado franc\u00e9s<\/a> en diciembre del a\u00f1o pasado. Actualmente, el grupo Havas c<strong>otiza de manera independiente en la bolsa de \u00c1msterdam<\/strong>. Aunque s\u00ed es cierto que <strong>tanto Havas como Vivendi est\u00e1n controladas por la familia Bollor\u00e9<\/strong>.<\/p>\n<h2><strong>Prisa y Havas<\/strong><\/h2>\n<p>Tambi\u00e9n hay <strong>relaciones econ\u00f3micas relevantes entre Prisa y el grupo Havas<\/strong>. El grupo franc\u00e9s es el que <strong>realiza las campa\u00f1as publicitarias de Prisa<\/strong>. Por ejemplo, se encargaron de la \u00faltima campa\u00f1a de la Cadena SER, emitida este mismo mes de marzo, y titulada <a rel=\"noopener\" href=\"https:\/\/urldefense.com\/v3\/__https:\/\/dircomfidencial.com\/marketing\/frente-al-ruido-hoy-por-hoy-nueva-campana-de-la-cadena-ser-20250307-0942\/__;!!D9dNQwwGXtA!SKoFZXpllYBId36Sbg6aC0dEvKySPcscZ0_pZ45nc6tS9aGPqwAxO46VBipfZau77twTzqNoPZ9GZc76$\" target=\"_blank\"><em>\u2018Frente al ruido: Hoy por Hoy\u2019<\/em><\/a>.<\/p>\n<\/p>\n<p>As\u00ed pues, en el ejercicio 2024, <strong>Prisa abon\u00f3 2,2 millones de euros a Vivendi<\/strong> (Havas s\u00ed formaba parte de su per\u00edmetro casi todo el a\u00f1o pasado) en concepto de <strong>compra de espacios publicitarios y servicios de estrategia, estudios de mercado, creatividad e identificaci\u00f3n de h\u00e1bitos de consumo y nichos de producto<\/strong>.<\/p>\n<p>Y, viceversa, <strong>Vivendi<\/strong> -a trav\u00e9s de Havas Media- <strong>inyect\u00f3 28 millones de euros en Prisa en 2024 a cambio de la compra de sus espacios publicitarios<\/strong>. Hay que recordar que Havas Media Network gestiona el presupuesto publicitario de grandes marcas en Espa\u00f1a, entre ellas la propia <strong>Telef\u00f3nica<\/strong>, adem\u00e1s de <strong>Iberia, Hyundai, Fundaci\u00f3n \u201cla Caixa\u201d, L\u00ednea Directa Aseguradora, ElPozo <\/strong>o<strong> Alain Afflelou<\/strong><\/p>\n<p>Estos datos constan en el <strong>informe anual consolidado de Prisa del a\u00f1o 2024<\/strong>.<\/p>\n<p>Al margen de ello, <strong>Vivendi es uno de los accionistas de referencia de la productora Banijay<\/strong>, que tiene <strong>varios acuerdos con Movistar+<\/strong> (propiedad de Telef\u00f3nica).<\/p>\n<p> via Dircomfidencial <a href=\"https:\/\/urldefense.com\/v3\/__https:\/\/ift.tt\/GnhwJ0j__;!!D9dNQwwGXtA!SKoFZXpllYBId36Sbg6aC0dEvKySPcscZ0_pZ45nc6tS9aGPqwAxO46VBipfZau77twTzqNoPZZGHypT$\" target=\"_blank\" rel=\"noopener\">https:\/\/ift.tt\/GnhwJ0j<\/a><\/p>\n<\/div>\n<\/div>\n<div class=\"postie-attachments\"><a href=\"https:\/\/empresaperiodistica.umh.es\/?attachment_id=608\"><img loading=\"lazy\" src=\"https:\/\/empresaperiodistica.umh.es\/files\/2025\/03\/vivendi-300x168.png\" alt=\"\" width=\"300px\" height=\"168px\" class=\"alignnone size-medium wp-image-608\" srcset=\"https:\/\/empresaperiodistica.umh.es\/files\/2025\/03\/vivendi-300x168.png 300w, https:\/\/empresaperiodistica.umh.es\/files\/2025\/03\/vivendi.png 650w\" sizes=\"(max-width: 300px) 100vw, 300px\" \/><\/a><\/div>\n<\/div>\n","protected":false},"excerpt":{"rendered":"<p>El semanario franc\u00e9s Le Point desvel\u00f3 el pasado s\u00e1bado que el ministro de Transformaci\u00f3n Digital, \u00d3scar L\u00f3pez, y el nuevo presidente de Telef\u00f3nica, Marc Murtra; se reunieron el mes pasado con el CEO de Vivendi, Arnaud de Puyfontaine.<br \/>\nEste encuentro -seg\u00fan la citada publicaci\u00f3n- se habr\u00eda celebrado para ejercer presi\u00f3n sobre Vivendi y lograr que [&#8230;]<\/p>\n","protected":false},"author":1,"featured_media":0,"comment_status":"closed","ping_status":"open","sticky":false,"template":"","format":"standard","meta":{"_links_to":"","_links_to_target":""},"categories":[3372,1393805,50986],"tags":[1393217],"_links":{"self":[{"href":"https:\/\/empresaperiodistica.umh.es\/en\/wp-json\/wp\/v2\/posts\/605"}],"collection":[{"href":"https:\/\/empresaperiodistica.umh.es\/en\/wp-json\/wp\/v2\/posts"}],"about":[{"href":"https:\/\/empresaperiodistica.umh.es\/en\/wp-json\/wp\/v2\/types\/post"}],"author":[{"embeddable":true,"href":"https:\/\/empresaperiodistica.umh.es\/en\/wp-json\/wp\/v2\/users\/1"}],"replies":[{"embeddable":true,"href":"https:\/\/empresaperiodistica.umh.es\/en\/wp-json\/wp\/v2\/comments?post=605"}],"version-history":[{"count":0,"href":"https:\/\/empresaperiodistica.umh.es\/en\/wp-json\/wp\/v2\/posts\/605\/revisions"}],"wp:attachment":[{"href":"https:\/\/empresaperiodistica.umh.es\/en\/wp-json\/wp\/v2\/media?parent=605"}],"wp:term":[{"taxonomy":"category","embeddable":true,"href":"https:\/\/empresaperiodistica.umh.es\/en\/wp-json\/wp\/v2\/categories?post=605"},{"taxonomy":"post_tag","embeddable":true,"href":"https:\/\/empresaperiodistica.umh.es\/en\/wp-json\/wp\/v2\/tags?post=605"}],"curies":[{"name":"wp","href":"https:\/\/api.w.org\/{rel}","templated":true}]}}