{"id":632,"date":"2025-04-01T22:37:36","date_gmt":"2025-04-01T20:37:36","guid":{"rendered":"https:\/\/empresaperiodistica.umh.es\/?p=632"},"modified":"2025-05-01T12:45:08","modified_gmt":"2025-05-01T10:45:08","slug":"vocento-cierra-relevo-el-diario-deportivo-digital-lanzado-en-2022","status":"publish","type":"post","link":"https:\/\/empresaperiodistica.umh.es\/en\/2025\/04\/01\/vocento-cierra-relevo-el-diario-deportivo-digital-lanzado-en-2022\/","title":{"rendered":"Vocento cierra Relevo, el diario deportivo digital lanzado en 2022"},"content":{"rendered":"<div class=\"postie-post\">\n<div><\/div>\n<div>\n<div class=\"gmail_quote gmail_quote_container\" dir=\"auto\">\n<h2>Vocento ha decidido cerrar Relevo, su medio deportivo digital lanzado en 2022, tras varios intentos de salvarlo. La decisi\u00f3n afecta a 75 trabajadores y marca un retroceso para el periodismo deportivo en Espa\u00f1a.<\/h2>\n<h6><span><strong><em>Judith Victoria Cherquis<\/em><\/strong><\/span><\/h6>\n<p><span>Vocento ha anunciado el cierre de su diario deportivo digital <strong>Relevo<\/strong>, lanzado en octubre de 2022, despu\u00e9s de menos de tres a\u00f1os de operaci\u00f3n.<\/span> <span>La empresa comunic\u00f3 la decisi\u00f3n a su plantilla, compuesta por 75 trabajadores y se\u00f1al\u00f3 que las negociaciones para su reubicaci\u00f3n o indemnizaci\u00f3n est\u00e1n en curso.<\/span>\u200b<\/p>\n<h4><strong>Coste econ\u00f3mico y ajustes en Vocento<\/strong><\/h4>\n<p><span>El cierre de <strong>Relevo<\/strong> y otros servicios digitales ha supuesto un coste de 3,3 millones de euros.<\/span> <span>Este forma parte de un plan de eficiencia y recortes que se eleva a 17,7 millones de euros.<\/span> <span>Vocento ha detallado que la p\u00e9rdida de cuota publicitaria y el aumento de costes comerciales ascienden a 11,1 millones de euros, mientras que la reducci\u00f3n en la inversi\u00f3n en agencias ha supuesto 2,4 millones de euros.<\/span>\u200b<\/p>\n<p><span>El EBITDA de la compa\u00f1\u00eda se ha visto gravemente afectado, pasando de un beneficio de 34,5 millones de euros en 2023 a un resultado negativo de 8,9 millones en 2024, sin contar las indemnizaciones por el cierre de los medios.<\/span><\/p>\n<h4><strong>Intentos fallidos de salvar Relevo<\/strong><\/h4>\n<p><span>Antes del cierre, Vocento explor\u00f3 diversas alternativas para salvar <strong>Relevo<\/strong>, incluida una negociaci\u00f3n con <strong>Mediaset<\/strong> para crear una <strong>joint venture<\/strong> que habr\u00eda integrado Relevo con <em>El Desmarque<\/em>.<\/span> <span>Sin embargo, estas negociaciones no fructificaron, y la situaci\u00f3n econ\u00f3mica de la empresa empeor\u00f3 con el tiempo.<\/span><\/p>\n<p><span>La situaci\u00f3n de <strong>Relevo<\/strong> no pas\u00f3 desapercibida para los periodistas que formaban parte de la cabecera.<\/span> <span>Muchos de ellos trataron de apuntarse al Comit\u00e9 de Empresa para evitar despidos, mientras que los defensores del proyecto destacaron su crecimiento en redes sociales y las exclusivas que hab\u00eda dado, como la <em>renuncia de Nadal a Roland Garros<\/em>, el <em>contrato de Vinicius<\/em> o la <em>salida de Luis Rubiales<\/em> como presidente de la <em><strong>Federaci\u00f3n Espa\u00f1ola de F\u00fatbol.<\/strong><\/em><\/span>\u200b<\/p>\n<h4><strong>La preocupaci\u00f3n del sector por el cierre de Relevo<\/strong><\/h4>\n<p><span>El cierre de <strong>Relevo<\/strong> ha sido una gran sorpresa para la <strong>Asociaci\u00f3n Espa\u00f1ola de la Prensa Deportiva (AEPD)<\/strong>, que ha expresado su preocupaci\u00f3n por la p\u00e9rdida de un medio que enriqueci\u00f3 el panorama informativo deportivo en Espa\u00f1a desde su creaci\u00f3n en 2022.<\/span> <span>La AEPD lament\u00f3 profundamente la desaparici\u00f3n de un medio especializado y plural, y destac\u00f3 su importancia para la cobertura independiente del deporte en el pa\u00eds.<\/span>\u200b<\/p>\n<blockquote>\n<p><span>La AEPD tambi\u00e9n se solidariz\u00f3 con los trabajadores afectados por el cierre y llam\u00f3 a las instituciones y empresas del sector a reflexionar sobre las condiciones del periodismo deportivo en Espa\u00f1a, instando a la preservaci\u00f3n de un periodismo libre y de calidad.<\/span>\u200b<\/p>\n<\/blockquote>\n<h4><strong>Un panorama incierto para Vocento<\/strong><\/h4>\n<p><span>Este cierre se produce en un momento clave para <strong>Vocento. <\/strong>La compa\u00f1\u00eda\u00a0atraviesa un proceso de ajustes internos desde la llegada de <strong>Manuel Mirat<\/strong> en el oto\u00f1o de 2024. Mirat, que reemplaz\u00f3 a <strong>I\u00f1aki Arechabaleta,<\/strong><\/span><span> recibi\u00f3 el encargo de los accionistas de la empresa de revertir los resultados negativos de la compa\u00f1\u00eda. Entre dichos inversores, la familia Ybarra y los Luca de Tena. <\/span><span>El ajuste de 57,7 millones de euros en activos, cr\u00e9ditos fiscales y otros elementos ha contribuido a las p\u00e9rdidas de <strong>Vocento<\/strong>, que ha registrado un d\u00e9ficit de 97,2 millones de euros en 2024.<\/span><\/p>\n<p> via INFOPERIODISTAS <a href=\"https:\/\/urldefense.com\/v3\/__https:\/\/ift.tt\/NaOBpun__;!!D9dNQwwGXtA!WKrCBmzW5Hq7cv6eLmO3Vri6msC9i35ZsPomkp8ZZym6EZ6y3Ufl4S-cbTzzqaXm6VehjMeqQAQ21C3S$\" target=\"_blank\" rel=\"noopener\">https:\/\/ift.tt\/NaOBpun<\/a><\/p>\n<p> March 27, 2025 at 01:41PM <\/p><\/div>\n<\/div>\n<div class=\"postie-attachments\"><a href=\"https:\/\/empresaperiodistica.umh.es\/?attachment_id=635\"><img loading=\"lazy\" src=\"https:\/\/empresaperiodistica.umh.es\/files\/2025\/04\/revista-deportiva-relevo.edificio-de-las-oficinas-de-la-1-300x201.jpg\" alt=\"\" width=\"300px\" height=\"201px\" class=\"alignnone size-medium wp-image-635\" srcset=\"https:\/\/empresaperiodistica.umh.es\/files\/2025\/04\/revista-deportiva-relevo.edificio-de-las-oficinas-de-la-1-300x201.jpg 300w, https:\/\/empresaperiodistica.umh.es\/files\/2025\/04\/revista-deportiva-relevo.edificio-de-las-oficinas-de-la-1-1024x686.jpg 1024w, https:\/\/empresaperiodistica.umh.es\/files\/2025\/04\/revista-deportiva-relevo.edificio-de-las-oficinas-de-la-1-768x515.jpg 768w, https:\/\/empresaperiodistica.umh.es\/files\/2025\/04\/revista-deportiva-relevo.edificio-de-las-oficinas-de-la-1.jpg 1194w\" sizes=\"(max-width: 300px) 100vw, 300px\" \/><\/a><\/div>\n<\/div>\n","protected":false},"excerpt":{"rendered":"<p>Vocento ha decidido cerrar Relevo, su medio deportivo digital lanzado en 2022, tras varios intentos de salvarlo. La decisi\u00f3n afecta a 75 trabajadores y marca un retroceso para el periodismo deportivo en Espa\u00f1a.<br \/>\nJudith Victoria Cherquis<br \/>\nVocento ha anunciado el cierre de su diario deportivo digital Relevo, lanzado en octubre de 2022, despu\u00e9s de menos de tres [&#8230;]<\/p>\n","protected":false},"author":1,"featured_media":0,"comment_status":"closed","ping_status":"open","sticky":false,"template":"","format":"standard","meta":{"_links_to":"","_links_to_target":""},"categories":[1393805,50986,1393463],"tags":[1393217],"_links":{"self":[{"href":"https:\/\/empresaperiodistica.umh.es\/en\/wp-json\/wp\/v2\/posts\/632"}],"collection":[{"href":"https:\/\/empresaperiodistica.umh.es\/en\/wp-json\/wp\/v2\/posts"}],"about":[{"href":"https:\/\/empresaperiodistica.umh.es\/en\/wp-json\/wp\/v2\/types\/post"}],"author":[{"embeddable":true,"href":"https:\/\/empresaperiodistica.umh.es\/en\/wp-json\/wp\/v2\/users\/1"}],"replies":[{"embeddable":true,"href":"https:\/\/empresaperiodistica.umh.es\/en\/wp-json\/wp\/v2\/comments?post=632"}],"version-history":[{"count":0,"href":"https:\/\/empresaperiodistica.umh.es\/en\/wp-json\/wp\/v2\/posts\/632\/revisions"}],"wp:attachment":[{"href":"https:\/\/empresaperiodistica.umh.es\/en\/wp-json\/wp\/v2\/media?parent=632"}],"wp:term":[{"taxonomy":"category","embeddable":true,"href":"https:\/\/empresaperiodistica.umh.es\/en\/wp-json\/wp\/v2\/categories?post=632"},{"taxonomy":"post_tag","embeddable":true,"href":"https:\/\/empresaperiodistica.umh.es\/en\/wp-json\/wp\/v2\/tags?post=632"}],"curies":[{"name":"wp","href":"https:\/\/api.w.org\/{rel}","templated":true}]}}